{"id":5131,"date":"2017-02-14T14:44:48","date_gmt":"2017-02-14T13:44:48","guid":{"rendered":"http:\/\/www.puma-catchup.com\/?p=5131"},"modified":"2025-09-19T15:06:00","modified_gmt":"2025-09-19T15:06:00","slug":"puma-signs-julian-weigl","status":"publish","type":"post","link":"https:\/\/www.puma-catchup.com\/fr\/sports\/puma-signs-julian-weigl\/","title":{"rendered":"PUMA signe Julian Weigl"},"content":{"rendered":"<!-- post header -->\n<div class=\"row rowSingleColumn\">\n    <div class=\"col breadcrumb\">\n        <a href=\"\/fr\/\">Accueil<\/a>\/\n        <a href=\"\/fr\/category\/sports\/\">Sports<\/a>\/ PUMA signe Julian Weigl\n    <\/div>\n<\/div>\n<div class=\"row rowPostHeaderImage headerImageAnim\">\n    <div class=\"scrollAnim\" \n        id=\"postHeaderImage\"\n         style=\"width:100%;position:relative;overflow:hidden;        aspect-ratio:2        ;\" >\n    <img decoding=\"async\" alt=\"\"\n        class=\"\"\n        src=\"https:\/\/www.puma-catchup.com\/wp-content\/uploads\/2017\/02\/Julian-Weigl_H3.jpg\" style=\"transition: 0.35s all;height:100%;width:100%;        object-position: 50% 0%; object-fit: cover;\"\/>\n        <\/div>\n    \n<\/div>\n<div class=\"row rowSingleColumnWide rowPostHeader\">\n    <div id=\"postHeaderText\" class=\"col tcenter\" >\n        <div class=\"cat\"><a class=\"secondary\" href=\"https:\/\/www.puma-catchup.com\/fr\/category\/sports\/\">Sports<\/a><\/div>\n        <div id=\"headerSocialIcons\" class=\"headerSocialIcons tleft\">\n            <a class=\"facebook\" href=\"https:\/\/www.facebook.com\/sharer\/sharer.php?u=https%3A%2F%2Fwww.puma-catchup.com%2Ffr%2Fsports%2Fpuma-signs-julian-weigl%2F\" target=\"blank\"><\/a>\n            <a class=\"linkedin\" href=\"https:\/\/www.linkedin.com\/sharing\/share-offsite\/?url=https%3A%2F%2Fwww.puma-catchup.com%2Ffr%2Fsports%2Fpuma-signs-julian-weigl%2F\" target=\"blank\"><\/a>\n            <a class=\"x\" href=\"https:\/\/twitter.com\/share?url=https:\/\/www.puma-catchup.com\/fr\/sports\/puma-signs-julian-weigl\/&#038;text=\" target=\"blank\"><\/a>\n            <a class=\"pinterest\" href=\"http:\/\/pinterest.com\/pin\/create\/button\/?url=https%3A%2F%2Fwww.puma-catchup.com%2Ffr%2Fsports%2Fpuma-signs-julian-weigl%2F\" target=\"blank\"><\/a>\n        <\/div>\n        <h1 class=\"\" >Un autre nouveau talent dans le quartier<\/h1>\n        <div class=\"articleintro\" >Le milieu de terrain allemand Julian Weigl signe avec PUMA<\/div>\n        <div class=\"date\">14 f\u00e9vrier 2017 <\/div>\n\n        <div id=\"\" class=\"headerSocialIconsMobile tcenter mobile\">\n            <a class=\"sharing\" id=\"mobileshare\" onclick='navigator.share({ \"title\": &quot;PUMA signs Julian Weigl&quot;, \"text\": &quot;PUMA is proud to present the latest addition to its all-star team: Borussia Dortmund midfield star Julian Weigl.\\n\\u00a0\\nThe 21 year-old Bavarian is one of the most promising talents German football has seen in the past years and \\u201chis carefree and cool playing style as well as his pleasant off-field demeanour make him the perfect brand ambassador for us\\u201d, says Matthias B\\u00e4umer, General Manager PUMA DACH.\\nTogether with his teammates Marco Reus, Roman Weidenfeller and Marc Bartra, Julian will strengthen PUMA\\u2019s Teamsport division and will act as brand ambassador for the new PUMA evoPOWER Vigor football boot.\\nJulian is no stranger to PUMA and this new partnership came quite natural to the youngster as he states: \\u201cI have got to know PUMA very well through their work with Borussia Dortmund. I really like their products as well as their marketing campaigns, and I look forward to the exciting campaigns that are in store for me in the next few months.\\u201d Both PUMA and the rising star are eager to continue this success story together.\\n\\u00a0\\n\\u00a0\\n&quot;, \"url\": \"https:\/\/www.puma-catchup.com\/fr\/sports\/puma-signs-julian-weigl\/\" })'  target=\"blank\"><\/a>\n            <a class=\"facebook\" href=\"https:\/\/www.facebook.com\/sharer\/sharer.php?u=https:\/\/www.puma-catchup.com\/fr\/sports\/puma-signs-julian-weigl\/\" target=\"blank\"><\/a>\n            <a class=\"linkedin\" href=\"https:\/\/www.linkedin.com\/sharing\/share-offsite\/?url=https:\/\/www.puma-catchup.com\/fr\/sports\/puma-signs-julian-weigl\/\" target=\"blank\"><\/a>\n            <a class=\"x\" href=\"https:\/\/twitter.com\/share?url=https%3A%2F%2Fwww.puma-catchup.com%2Ffr%2Fsports%2Fpuma-signs-julian-weigl%2F&#038;text=\" target=\"blank\"><\/a>\n            <a class=\"pinterest\" href=\"http:\/\/pinterest.com\/pin\/create\/button\/?url=https%3A%2F%2Fwww.puma-catchup.com%2Ffr%2Fsports%2Fpuma-signs-julian-weigl%2F\" target=\"blank\"><\/a>\n        <\/div>\n    <\/div>\n<\/div>\n<!-- row text single -->\n<div class=\"gradientnone\">\n<div class=\"row rowSingleColumnWide spacing\">\n    <div class=\"col articleText\">\n        <div class=\"textStyle_2b\" ><span class=\"textStyle_intro\">PUMA est fier de pr\u00e9senter le dernier ajout \u00e0 son \u00e9quipe de stars : Julian Weigl, le milieu de terrain vedette du Borussia Dortmund.<\/span>\n<br\/>\u00a0<br\/>\n<br\/>Le <strong>Ce Bavarois de 21 ans est l'un des talents les plus prometteurs.<\/strong> Le football allemand a connu ces derni\u00e8res ann\u00e9es et <strong>\u201c Son style de jeu d\u00e9contract\u00e9 et cool, ainsi que son attitude agr\u00e9able en dehors du terrain, font de lui l'ambassadeur id\u00e9al pour notre marque. \u201d<\/strong>, dit <strong>Matthias B\u00e4umer, directeur g\u00e9n\u00e9ral de PUMA DACH<\/strong>.<br\/>\n<br\/>Avec ses co\u00e9quipiers Marco Reus, Roman Weidenfeller et Marc Bartra, Julian renforcera la division Teamsport de PUMA et sera l'ambassadeur de la nouvelle marque. <strong>Chaussures de football PUMA evoPOWER Vigor<\/strong>.<br\/>\n<br\/>Julian n'est pas \u00e9tranger \u00e0 PUMA et ce nouveau partenariat s'est impos\u00e9 tout naturellement au jeune homme, comme il l'explique : <strong>\u201c J'ai tr\u00e8s bien appris \u00e0 conna\u00eetre PUMA gr\u00e2ce \u00e0 leur collaboration avec le Borussia Dortmund. J'appr\u00e9cie beaucoup leurs produits ainsi que leurs campagnes marketing, et j'ai h\u00e2te de d\u00e9couvrir les campagnes passionnantes qui m'attendent dans les prochains mois. \u201d<\/strong> PUMA et la star montante sont impatients de poursuivre ensemble cette success story.<br\/>\n<br\/><em>\u00a0<\/em><br\/>\n<br\/>\u00a0<br\/>\n<\/div>\n   <\/div>\n<\/div>\n<\/div>\n<!-- row text single -->\n<div class=\"gradientnone\">\n<div class=\"row rowSingleColumnWide spacing\">\n    <div class=\"col articleText\">\n        <div class=\"textStyle_quote\" ><p>C'est un grand honneur de faire partie de la grande famille PUMA, qui compte \u00e9galement des l\u00e9gendes telles que Lothar Matth\u00e4us, Pel\u00e9 et Maradona. <\/p>\n<br\/><br\/>Julian Weigl<\/div>\n   <\/div>\n<\/div>\n<\/div>\n<!-- row text single -->\n<div class=\"gradientnone\">\n<div class=\"row rowSingleColumnWide spacing\">\n    <div class=\"col articleText\">\n        <div class=\"textStyle_2b\" ><br\/>Julian Weigl a pass\u00e9 la majeure partie de sa jeunesse \u00e0 jouer pour le TSV 1860 M\u00fcnchen et ses performances n'ont jamais \u00e9t\u00e9 ignor\u00e9es depuis. \u00c0 ce jour, <strong>Weigl reste le plus jeune capitaine de l'histoire du 1860 Munich.,<\/strong> alors qu'il avait \u00e9t\u00e9 nomm\u00e9 capitaine \u00e0 l'\u00e2ge de 18 ans. Le Borussia Dortmund, toujours \u00e0 la recherche de jeunes talents ambitieux, a reconnu son potentiel et l'a recrut\u00e9 en juillet 2015. <strong>Weigl faisait \u00e9galement partie de l'\u00e9quipe nationale allemande lors de l'EURO 2016 en France.<\/strong><br\/>\n<br\/>\u00a0<br\/>\n<\/div>\n   <\/div>\n<\/div>\n<\/div>\n<!-- row image multi 1 -->\n<div class=\"row rowImages2 spacing\">\n\t<div class=\"\">\n\t\t<div class=\"row inner\">\n\t\t\t<div class=\"col\">\n\t\t\t\t<h2 class=\"spacing2\">Julian Weigl<\/h2>\n\t\t\t    <div class=\"bgimage\" style=\"aspect-ratio:0.69230769230769  ; background-image: url('https:\/\/www.puma-catchup.com\/wp-content\/uploads\/2017\/02\/Julian-Weigl_M1.jpg'); background-size: cover;background-position: 50% 0%;width:100%\"><\/div>\n\t\t\t\t\t<div class=\"descr\">\n\t\t\t\t\t\tJulian faisait partie de l'\u00e9quipe nationale allemande lors de l'EURO 2016 en France.\n\t\t\t\t\t<\/div>\n\t\t\t<\/div>\n\t\t\t<div class=\"col\">\n\t\t\t\t<h2 class=\"spacing2\">Matthias B\u00e4umer<\/h2>\n\t\t\t    <div class=\"bgimage\" style=\"aspect-ratio:0.69230769230769  ; background-image: url('https:\/\/www.puma-catchup.com\/wp-content\/uploads\/2017\/02\/Julian-Weigl_M2.jpg'); background-size: cover;background-position: 50% 0%;width:100%\"><\/div>\n\t\t\t\t\t<div class=\"descr\">\n\t\t\t\t\t\tMatthias est directeur g\u00e9n\u00e9ral de PUMA Dach.\n\t\t\t\t\t<\/div>\n\t\t\t<\/div>\n\t\t<\/div>\n\t<\/div>\n<\/div>","protected":false},"excerpt":{"rendered":"<p>PUMA est fier de pr\u00e9senter le dernier ajout \u00e0 son \u00e9quipe de stars : Julian Weigl, le milieu de terrain vedette du Borussia Dortmund.<br \/>\n\u00a0<br \/>\nLe Bavarois de 21 ans est l'un des talents les plus prometteurs du football allemand de ces derni\u00e8res ann\u00e9es et \u201c son style de jeu insouciant et cool ainsi que son comportement agr\u00e9able en dehors du terrain font de lui le parfait ambassadeur de notre marque \u201d, a d\u00e9clar\u00e9 Matthias B\u00e4umer, directeur g\u00e9n\u00e9ral de PUMA DACH.<br \/>\nAvec ses co\u00e9quipiers Marco Reus, Roman Weidenfeller et Marc Bartra, Julian renforcera la division Teamsport de PUMA et sera l'ambassadeur de la nouvelle chaussure de football PUMA evoPOWER Vigor.<br \/>\nJulian n'est pas \u00e9tranger \u00e0 PUMA et ce nouveau partenariat lui est apparu tout \u00e0 fait naturel, comme il le d\u00e9clare : \u201cJ'ai appris \u00e0 bien conna\u00eetre PUMA gr\u00e2ce \u00e0 son travail avec le Borussia Dortmund. J'aime beaucoup leurs produits ainsi que leurs campagnes de marketing, et j'ai h\u00e2te de d\u00e9couvrir les campagnes passionnantes qui m'attendent dans les prochains mois.\u201d PUMA et l'\u00e9toile montante sont tous deux impatients de poursuivre ensemble cette histoire \u00e0 succ\u00e8s.<br \/>\n\u00a0<br \/>\n\u00a0<\/p>","protected":false},"author":12,"featured_media":5154,"comment_status":"closed","ping_status":"closed","sticky":false,"template":"","format":"standard","meta":{"is_top_article":false,"is_featured_article":true,"EasyPostViewCounter":8424,"meta-headline":"","footnotes":""},"categories":[18],"class_list":["post-5131","post","type-post","status-publish","format-standard","has-post-thumbnail","hentry","category-sports"],"fullData":{"ID":5131,"post_author":"12","post_date":"2017-02-14 14:44:48","post_date_gmt":"2017-02-14 13:44:48","post_content":"<!-- wp:puma\/row-post-header {\"image\":{\"width\":1140,\"height\":640,\"file\":\"2017\/02\/Julian-Weigl_H3.jpg\",\"filesize\":72354,\"sizes\":{\"medium\":{\"file\":\"Julian-Weigl_H3-300x168.jpg\",\"width\":300,\"height\":168,\"mime-type\":\"image\/jpeg\",\"filesize\":7503},\"large\":{\"file\":\"Julian-Weigl_H3-1024x575.jpg\",\"width\":1024,\"height\":575,\"mime-type\":\"image\/jpeg\",\"filesize\":54158},\"thumbnail\":{\"file\":\"Julian-Weigl_H3-150x150.jpg\",\"width\":150,\"height\":150,\"mime-type\":\"image\/jpeg\",\"filesize\":5308},\"medium_large\":{\"file\":\"Julian-Weigl_H3-768x431.jpg\",\"width\":768,\"height\":431,\"mime-type\":\"image\/jpeg\",\"filesize\":33346},\"trp-custom-language-flag\":{\"file\":\"Julian-Weigl_H3-18x10.jpg\",\"width\":18,\"height\":10,\"mime-type\":\"image\/jpeg\",\"filesize\":427}},\"image_meta\":{\"aperture\":\"0\",\"credit\":\"\",\"camera\":\"\",\"caption\":\"\",\"created_timestamp\":\"0\",\"copyright\":\"\",\"focal_length\":\"0\",\"iso\":\"0\",\"shutter_speed\":\"0\",\"title\":\"\",\"orientation\":\"0\",\"keywords\":[]},\"id\":5154,\"alt\":\"\",\"caption\":\"\",\"description\":\"\",\"url\":\"https:\/\/www.puma-catchup.com\/wp-content\/uploads\/2017\/02\/Julian-Weigl_H3.jpg\",\"title\":\"Julian-Weigl_H3\",\"aspect_ratio\":1.78125,\"focalPointLeft\":0.5,\"focalPointTop\":0},\"headline\":\"Another new talent on the block\",\"content\":\"German midfielder Julian Weigl signs with PUMA\"} \/--><!-- wp:puma\/row-text-single {\"content\":\"\\u003cspan class=\\u0022textStyle_intro\\u0022\\u003ePUMA is proud to present the latest addition to its all-star team: Borussia Dortmund midfield star Julian Weigl.\\u003c\/span\\u003e\\n\\u0026lt;br\/\\u0026gt;\u00a0\\u0026lt;br\/\\u0026gt;\\n\\u0026lt;br\/\\u0026gt;The \\u0026lt;strong\\u0026gt;21 year-old Bavarian is one of the most promising talents\\u0026lt;\/strong\\u0026gt; German football has seen in the past years and \\u0026lt;strong\\u0026gt;\u201chis carefree and cool playing style as well as his pleasant off-field demeanour make him the perfect brand ambassador for us\u201d\\u0026lt;\/strong\\u0026gt;, says \\u0026lt;strong\\u0026gt;Matthias B\u00e4umer, General Manager PUMA DACH\\u0026lt;\/strong\\u0026gt;.\\u0026lt;br\/\\u0026gt;\\n\\u0026lt;br\/\\u0026gt;Together with his teammates Marco Reus, Roman Weidenfeller and Marc Bartra, Julian will strengthen PUMA\u2019s Teamsport division and will act as brand ambassador for the new \\u0026lt;strong\\u0026gt;PUMA evoPOWER Vigor football boot\\u0026lt;\/strong\\u0026gt;.\\u0026lt;br\/\\u0026gt;\\n\\u0026lt;br\/\\u0026gt;Julian is no stranger to PUMA and this new partnership came quite natural to the youngster as he states: \\u0026lt;strong\\u0026gt;\u201cI have got to know PUMA very well through their work with Borussia Dortmund. I really like their products as well as their marketing campaigns, and I look forward to the exciting campaigns that are in store for me in the next few months.\u201d\\u0026lt;\/strong\\u0026gt; Both PUMA and the rising star are eager to continue this success story together.\\u0026lt;br\/\\u0026gt;\\n\\u0026lt;br\/\\u0026gt;\\u0026lt;em\\u0026gt;\u00a0\\u0026lt;\/em\\u0026gt;\\u0026lt;br\/\\u0026gt;\\n\\u0026lt;br\/\\u0026gt;\u00a0\\u0026lt;br\/\\u0026gt;\\n\",\"width\":\"Wide\",\"aspect\":\"0\",\"style\":\"2b\"} \/--><!-- wp:puma\/row-text-single {\"content\":\"\\u003cp\\u003eIt is a great honour to be part of the extensive PUMA family, which also includes legends like Lothar Matth\u00e4us, Pel\u00e9 and Maradona. \\u003c\/p\\u003e\\n\\u003cbr\/\\u003e\\u003cbr\/\\u003eJulian Weigl\",\"width\":\"Wide\",\"style\":\"quote\"} \/--><!-- wp:puma\/row-text-single {\"content\":\"\\u0026lt;br\/\\u0026gt;Julian Weigl spent most of his youth playing for TSV 1860 M\u00fcnchen and his performances have never gone unnoticed ever since. To this day, \\u0026lt;strong\\u0026gt;Weigl remains the youngest captain in the history of 1860 Munich,\\u0026lt;\/strong\\u0026gt; as he was appointed with the honour of the captain\u2019s armband at the age of 18. Borussia Dortmund, always in search of young and ambitious talents, recognised his potential and signed him in July 2015. \\u0026lt;strong\\u0026gt;Weigl was also part of the German National Team at the EURO 2016 in France.\\u0026lt;\/strong\\u0026gt;\\u0026lt;br\/\\u0026gt;\\n\\u0026lt;br\/\\u0026gt;\u00a0\\u0026lt;br\/\\u0026gt;\\n\",\"width\":\"Wide\",\"aspect\":\"0\",\"style\":\"2b\"} \/--><!-- wp:puma\/row-image-multi {\"migrateBlock\":true,\"title\":\"\",\"images\":[{\"width\":720,\"height\":1040,\"file\":\"2017\/02\/Julian-Weigl_M1.jpg\",\"filesize\":101703,\"sizes\":{\"medium\":{\"file\":\"Julian-Weigl_M1-208x300.jpg\",\"width\":208,\"height\":300,\"mime-type\":\"image\/jpeg\",\"filesize\":13176},\"large\":{\"file\":\"Julian-Weigl_M1-709x1024.jpg\",\"width\":709,\"height\":1024,\"mime-type\":\"image\/jpeg\",\"filesize\":107158},\"thumbnail\":{\"file\":\"Julian-Weigl_M1-150x150.jpg\",\"width\":150,\"height\":150,\"mime-type\":\"image\/jpeg\",\"filesize\":6051},\"trp-custom-language-flag\":{\"file\":\"Julian-Weigl_M1-8x12.jpg\",\"width\":8,\"height\":12,\"mime-type\":\"image\/jpeg\",\"filesize\":363}},\"image_meta\":{\"aperture\":\"0\",\"credit\":\"\",\"camera\":\"\",\"caption\":\"\",\"created_timestamp\":\"0\",\"copyright\":\"\",\"focal_length\":\"0\",\"iso\":\"0\",\"shutter_speed\":\"0\",\"title\":\"\",\"orientation\":\"0\",\"keywords\":[]},\"id\":5146,\"alt\":\"\",\"caption\":\"Julian was part of the German National Team at the EURO 2016 in France.\",\"description\":\"\",\"url\":\"https:\/\/www.puma-catchup.com\/wp-content\/uploads\/2017\/02\/Julian-Weigl_M1.jpg\",\"title\":\"Julian-Weigl_M1\",\"aspect_ratio\":0.6923076923076923,\"focalPointLeft\":0.5,\"focalPointTop\":0},{\"width\":720,\"height\":1040,\"file\":\"2017\/02\/Julian-Weigl_M2.jpg\",\"filesize\":31895,\"sizes\":{\"medium\":{\"file\":\"Julian-Weigl_M2-208x300.jpg\",\"width\":208,\"height\":300,\"mime-type\":\"image\/jpeg\",\"filesize\":6326},\"large\":{\"file\":\"Julian-Weigl_M2-709x1024.jpg\",\"width\":709,\"height\":1024,\"mime-type\":\"image\/jpeg\",\"filesize\":41487},\"thumbnail\":{\"file\":\"Julian-Weigl_M2-150x150.jpg\",\"width\":150,\"height\":150,\"mime-type\":\"image\/jpeg\",\"filesize\":3527},\"trp-custom-language-flag\":{\"file\":\"Julian-Weigl_M2-8x12.jpg\",\"width\":8,\"height\":12,\"mime-type\":\"image\/jpeg\",\"filesize\":328}},\"image_meta\":{\"aperture\":\"0\",\"credit\":\"\",\"camera\":\"\",\"caption\":\"\",\"created_timestamp\":\"0\",\"copyright\":\"\",\"focal_length\":\"0\",\"iso\":\"0\",\"shutter_speed\":\"0\",\"title\":\"\",\"orientation\":\"0\",\"keywords\":[]},\"id\":5150,\"alt\":\"\",\"caption\":\"Matthias is General Manager PUMA Dach\",\"description\":\"\",\"url\":\"https:\/\/www.puma-catchup.com\/wp-content\/uploads\/2017\/02\/Julian-Weigl_M2.jpg\",\"title\":\"Julian-Weigl_M2\",\"aspect_ratio\":0.6923076923076923,\"focalPointLeft\":0.5,\"focalPointTop\":0}],\"headlines\":[\"Julian Weigl\",\"Matthias B\u00e4umer\"],\"showCaptions\":[true,true],\"portraitMode\":[true,true],\"aspect\":\"0\",\"style\":\"2\"} \/-->","post_title":"PUMA signs Julian Weigl","post_excerpt":"PUMA is proud to present the latest addition to its all-star team: Borussia Dortmund midfield star Julian Weigl.\n\u00a0\nThe 21 year-old Bavarian is one of the most promising talents German football has seen in the past years and \u201chis carefree and cool playing style as well as his pleasant off-field demeanour make him the perfect brand ambassador for us\u201d, says Matthias B\u00e4umer, General Manager PUMA DACH.\nTogether with his teammates Marco Reus, Roman Weidenfeller and Marc Bartra, Julian will strengthen PUMA\u2019s Teamsport division and will act as brand ambassador for the new PUMA evoPOWER Vigor football boot.\nJulian is no stranger to PUMA and this new partnership came quite natural to the youngster as he states: \u201cI have got to know PUMA very well through their work with Borussia Dortmund. I really like their products as well as their marketing campaigns, and I look forward to the exciting campaigns that are in store for me in the next few months.\u201d Both PUMA and the rising star are eager to continue this success story together.\n\u00a0\n\u00a0\n","post_status":"publish","comment_status":"closed","ping_status":"closed","post_password":"","post_name":"puma-signs-julian-weigl","to_ping":"","pinged":"","post_modified":"2025-09-19 15:06:00","post_modified_gmt":"2025-09-19 15:06:00","post_content_filtered":"","post_parent":0,"guid":"http:\/\/www.puma-catchup.com\/?p=5131","menu_order":0,"post_type":"post","post_mime_type":"","comment_count":"0","filter":"raw","ancestors":[],"page_template":"","post_category":[18],"tags_input":[],"id":5131,"author":"12","date":"2017-02-14 14:44:48","date_gmt":"2017-02-14 13:44:48","content":"<!-- wp:puma\/row-post-header {\"image\":{\"width\":1140,\"height\":640,\"file\":\"2017\/02\/Julian-Weigl_H3.jpg\",\"filesize\":72354,\"sizes\":{\"medium\":{\"file\":\"Julian-Weigl_H3-300x168.jpg\",\"width\":300,\"height\":168,\"mime-type\":\"image\/jpeg\",\"filesize\":7503},\"large\":{\"file\":\"Julian-Weigl_H3-1024x575.jpg\",\"width\":1024,\"height\":575,\"mime-type\":\"image\/jpeg\",\"filesize\":54158},\"thumbnail\":{\"file\":\"Julian-Weigl_H3-150x150.jpg\",\"width\":150,\"height\":150,\"mime-type\":\"image\/jpeg\",\"filesize\":5308},\"medium_large\":{\"file\":\"Julian-Weigl_H3-768x431.jpg\",\"width\":768,\"height\":431,\"mime-type\":\"image\/jpeg\",\"filesize\":33346},\"trp-custom-language-flag\":{\"file\":\"Julian-Weigl_H3-18x10.jpg\",\"width\":18,\"height\":10,\"mime-type\":\"image\/jpeg\",\"filesize\":427}},\"image_meta\":{\"aperture\":\"0\",\"credit\":\"\",\"camera\":\"\",\"caption\":\"\",\"created_timestamp\":\"0\",\"copyright\":\"\",\"focal_length\":\"0\",\"iso\":\"0\",\"shutter_speed\":\"0\",\"title\":\"\",\"orientation\":\"0\",\"keywords\":[]},\"id\":5154,\"alt\":\"\",\"caption\":\"\",\"description\":\"\",\"url\":\"https:\/\/www.puma-catchup.com\/wp-content\/uploads\/2017\/02\/Julian-Weigl_H3.jpg\",\"title\":\"Julian-Weigl_H3\",\"aspect_ratio\":1.78125,\"focalPointLeft\":0.5,\"focalPointTop\":0},\"headline\":\"Another new talent on the block\",\"content\":\"German midfielder Julian Weigl signs with PUMA\"} \/--><!-- wp:puma\/row-text-single {\"content\":\"\\u003cspan class=\\u0022textStyle_intro\\u0022\\u003ePUMA is proud to present the latest addition to its all-star team: Borussia Dortmund midfield star Julian Weigl.\\u003c\/span\\u003e\\n\\u0026lt;br\/\\u0026gt;\u00a0\\u0026lt;br\/\\u0026gt;\\n\\u0026lt;br\/\\u0026gt;The \\u0026lt;strong\\u0026gt;21 year-old Bavarian is one of the most promising talents\\u0026lt;\/strong\\u0026gt; German football has seen in the past years and \\u0026lt;strong\\u0026gt;\u201chis carefree and cool playing style as well as his pleasant off-field demeanour make him the perfect brand ambassador for us\u201d\\u0026lt;\/strong\\u0026gt;, says \\u0026lt;strong\\u0026gt;Matthias B\u00e4umer, General Manager PUMA DACH\\u0026lt;\/strong\\u0026gt;.\\u0026lt;br\/\\u0026gt;\\n\\u0026lt;br\/\\u0026gt;Together with his teammates Marco Reus, Roman Weidenfeller and Marc Bartra, Julian will strengthen PUMA\u2019s Teamsport division and will act as brand ambassador for the new \\u0026lt;strong\\u0026gt;PUMA evoPOWER Vigor football boot\\u0026lt;\/strong\\u0026gt;.\\u0026lt;br\/\\u0026gt;\\n\\u0026lt;br\/\\u0026gt;Julian is no stranger to PUMA and this new partnership came quite natural to the youngster as he states: \\u0026lt;strong\\u0026gt;\u201cI have got to know PUMA very well through their work with Borussia Dortmund. I really like their products as well as their marketing campaigns, and I look forward to the exciting campaigns that are in store for me in the next few months.\u201d\\u0026lt;\/strong\\u0026gt; Both PUMA and the rising star are eager to continue this success story together.\\u0026lt;br\/\\u0026gt;\\n\\u0026lt;br\/\\u0026gt;\\u0026lt;em\\u0026gt;\u00a0\\u0026lt;\/em\\u0026gt;\\u0026lt;br\/\\u0026gt;\\n\\u0026lt;br\/\\u0026gt;\u00a0\\u0026lt;br\/\\u0026gt;\\n\",\"width\":\"Wide\",\"aspect\":\"0\",\"style\":\"2b\"} \/--><!-- wp:puma\/row-text-single {\"content\":\"\\u003cp\\u003eIt is a great honour to be part of the extensive PUMA family, which also includes legends like Lothar Matth\u00e4us, Pel\u00e9 and Maradona. \\u003c\/p\\u003e\\n\\u003cbr\/\\u003e\\u003cbr\/\\u003eJulian Weigl\",\"width\":\"Wide\",\"style\":\"quote\"} \/--><!-- wp:puma\/row-text-single {\"content\":\"\\u0026lt;br\/\\u0026gt;Julian Weigl spent most of his youth playing for TSV 1860 M\u00fcnchen and his performances have never gone unnoticed ever since. To this day, \\u0026lt;strong\\u0026gt;Weigl remains the youngest captain in the history of 1860 Munich,\\u0026lt;\/strong\\u0026gt; as he was appointed with the honour of the captain\u2019s armband at the age of 18. Borussia Dortmund, always in search of young and ambitious talents, recognised his potential and signed him in July 2015. \\u0026lt;strong\\u0026gt;Weigl was also part of the German National Team at the EURO 2016 in France.\\u0026lt;\/strong\\u0026gt;\\u0026lt;br\/\\u0026gt;\\n\\u0026lt;br\/\\u0026gt;\u00a0\\u0026lt;br\/\\u0026gt;\\n\",\"width\":\"Wide\",\"aspect\":\"0\",\"style\":\"2b\"} \/--><!-- wp:puma\/row-image-multi {\"migrateBlock\":true,\"title\":\"\",\"images\":[{\"width\":720,\"height\":1040,\"file\":\"2017\/02\/Julian-Weigl_M1.jpg\",\"filesize\":101703,\"sizes\":{\"medium\":{\"file\":\"Julian-Weigl_M1-208x300.jpg\",\"width\":208,\"height\":300,\"mime-type\":\"image\/jpeg\",\"filesize\":13176},\"large\":{\"file\":\"Julian-Weigl_M1-709x1024.jpg\",\"width\":709,\"height\":1024,\"mime-type\":\"image\/jpeg\",\"filesize\":107158},\"thumbnail\":{\"file\":\"Julian-Weigl_M1-150x150.jpg\",\"width\":150,\"height\":150,\"mime-type\":\"image\/jpeg\",\"filesize\":6051},\"trp-custom-language-flag\":{\"file\":\"Julian-Weigl_M1-8x12.jpg\",\"width\":8,\"height\":12,\"mime-type\":\"image\/jpeg\",\"filesize\":363}},\"image_meta\":{\"aperture\":\"0\",\"credit\":\"\",\"camera\":\"\",\"caption\":\"\",\"created_timestamp\":\"0\",\"copyright\":\"\",\"focal_length\":\"0\",\"iso\":\"0\",\"shutter_speed\":\"0\",\"title\":\"\",\"orientation\":\"0\",\"keywords\":[]},\"id\":5146,\"alt\":\"\",\"caption\":\"Julian was part of the German National Team at the EURO 2016 in France.\",\"description\":\"\",\"url\":\"https:\/\/www.puma-catchup.com\/wp-content\/uploads\/2017\/02\/Julian-Weigl_M1.jpg\",\"title\":\"Julian-Weigl_M1\",\"aspect_ratio\":0.6923076923076923,\"focalPointLeft\":0.5,\"focalPointTop\":0},{\"width\":720,\"height\":1040,\"file\":\"2017\/02\/Julian-Weigl_M2.jpg\",\"filesize\":31895,\"sizes\":{\"medium\":{\"file\":\"Julian-Weigl_M2-208x300.jpg\",\"width\":208,\"height\":300,\"mime-type\":\"image\/jpeg\",\"filesize\":6326},\"large\":{\"file\":\"Julian-Weigl_M2-709x1024.jpg\",\"width\":709,\"height\":1024,\"mime-type\":\"image\/jpeg\",\"filesize\":41487},\"thumbnail\":{\"file\":\"Julian-Weigl_M2-150x150.jpg\",\"width\":150,\"height\":150,\"mime-type\":\"image\/jpeg\",\"filesize\":3527},\"trp-custom-language-flag\":{\"file\":\"Julian-Weigl_M2-8x12.jpg\",\"width\":8,\"height\":12,\"mime-type\":\"image\/jpeg\",\"filesize\":328}},\"image_meta\":{\"aperture\":\"0\",\"credit\":\"\",\"camera\":\"\",\"caption\":\"\",\"created_timestamp\":\"0\",\"copyright\":\"\",\"focal_length\":\"0\",\"iso\":\"0\",\"shutter_speed\":\"0\",\"title\":\"\",\"orientation\":\"0\",\"keywords\":[]},\"id\":5150,\"alt\":\"\",\"caption\":\"Matthias is General Manager PUMA Dach\",\"description\":\"\",\"url\":\"https:\/\/www.puma-catchup.com\/wp-content\/uploads\/2017\/02\/Julian-Weigl_M2.jpg\",\"title\":\"Julian-Weigl_M2\",\"aspect_ratio\":0.6923076923076923,\"focalPointLeft\":0.5,\"focalPointTop\":0}],\"headlines\":[\"Julian Weigl\",\"Matthias B\u00e4umer\"],\"showCaptions\":[true,true],\"portraitMode\":[true,true],\"aspect\":\"0\",\"style\":\"2\"} \/-->","title":"PUMA signe Julian Weigl","excerpt":"PUMA est fi\u00e8re de pr\u00e9senter le dernier membre de son \u00e9quipe d'\u00e9toiles : Julian Weigl, milieu de terrain du Borussia Dortmund.\n \nLe Bavarois de 21 ans est l'un des talents les plus prometteurs que le football allemand ait connu ces derni\u00e8res ann\u00e9es. \u201c Son style de jeu insouciant et cool ainsi que son comportement agr\u00e9able en dehors du terrain font de lui le parfait ambassadeur de notre marque \u201d, d\u00e9clare Matthias B\u00e4umer, directeur g\u00e9n\u00e9ral de PUMA DACH.\nAvec ses co\u00e9quipiers Marco Reus, Roman Weidenfeller et Marc Bartra, Julian renforcera la division Teamsport de PUMA et sera l'ambassadeur de la nouvelle chaussure de football PUMA evoPOWER Vigor.\nJulian n'est pas un inconnu pour PUMA et ce nouveau partenariat s'est fait tout naturellement pour le jeune homme, comme il le d\u00e9clare : \u201cJ'ai appris \u00e0 bien conna\u00eetre PUMA gr\u00e2ce \u00e0 leur travail avec le Borussia Dortmund. J'aime beaucoup leurs produits ainsi que leurs campagnes de marketing, et j'ai h\u00e2te de d\u00e9couvrir les campagnes passionnantes qui m'attendent dans les prochains mois.\u201d PUMA et l'\u00e9toile montante sont tous deux impatients de poursuivre ensemble cette histoire \u00e0 succ\u00e8s.\n\u00a0\n\u00a0","status":"publish","password":"","name":"puma-signatures-julian-weigl","modified":"2025-09-19 15:06:00","modified_gmt":"2025-09-19 15:06:00","content_filtered":"","parent":0,"type":"post","mime_type":"","template":"","category":[18],"datetime_local":"14 f\u00e9vrier 2017 \u00e0 13:44","date_local":"14 f\u00e9vrier 2017","time_local":"13:44","slug":"puma-signs-julian-weigl","url":"https:\/\/www.puma-catchup.com\/fr\/sports\/puma-signs-julian-weigl\/","featured_image":{"width":1140,"height":640,"file":"2017\/02\/Julian-Weigl_H3.jpg","filesize":72354,"sizes":{"medium":{"file":"Julian-Weigl_H3-300x168.jpg","width":300,"height":168,"mime-type":"image\/jpeg","filesize":7503},"large":{"file":"Julian-Weigl_H3-1024x575.jpg","width":1024,"height":575,"mime-type":"image\/jpeg","filesize":54158},"thumbnail":{"file":"Julian-Weigl_H3-150x150.jpg","width":150,"height":150,"mime-type":"image\/jpeg","filesize":5308},"medium_large":{"file":"Julian-Weigl_H3-768x431.jpg","width":768,"height":431,"mime-type":"image\/jpeg","filesize":33346},"trp-custom-language-flag":{"file":"Julian-Weigl_H3-18x10.jpg","width":18,"height":10,"mime-type":"image\/jpeg","filesize":427}},"image_meta":{"aperture":"0","credit":"","camera":"","caption":"","created_timestamp":"0","copyright":"","focal_length":"0","iso":"0","shutter_speed":"0","title":"","orientation":"0","keywords":[]},"id":5154,"alt":"","caption":"","description":"","url":"https:\/\/www.puma-catchup.com\/wp-content\/uploads\/2017\/02\/Julian-Weigl_H3.jpg","title":"Julian-Weigl_H3","aspect_ratio":1.78125,"focalPointLeft":0.5,"focalPointTop":0},"headline":"PUMA signs Julian Weigl","categories":[{"term_id":18,"name":"Sports","slug":"sports","term_group":0,"term_taxonomy_id":18,"taxonomy":"category","description":"","parent":0,"count":859,"filter":"raw","url":"https:\/\/www.puma-catchup.com\/fr\/category\/sports\/"}],"theCategory":{"term_id":18,"name":"Sports","slug":"sports","term_group":0,"term_taxonomy_id":18,"taxonomy":"category","description":"","parent":0,"count":859,"filter":"raw","url":"https:\/\/www.puma-catchup.com\/fr\/category\/sports\/"},"isFeaturedArticle":true,"isTopArticle":false},"_links":{"self":[{"href":"https:\/\/www.puma-catchup.com\/fr\/wp-json\/wp\/v2\/posts\/5131","targetHints":{"allow":["GET"]}}],"collection":[{"href":"https:\/\/www.puma-catchup.com\/fr\/wp-json\/wp\/v2\/posts"}],"about":[{"href":"https:\/\/www.puma-catchup.com\/fr\/wp-json\/wp\/v2\/types\/post"}],"author":[{"embeddable":true,"href":"https:\/\/www.puma-catchup.com\/fr\/wp-json\/wp\/v2\/users\/12"}],"replies":[{"embeddable":true,"href":"https:\/\/www.puma-catchup.com\/fr\/wp-json\/wp\/v2\/comments?post=5131"}],"version-history":[{"count":0,"href":"https:\/\/www.puma-catchup.com\/fr\/wp-json\/wp\/v2\/posts\/5131\/revisions"}],"wp:featuredmedia":[{"embeddable":true,"href":"https:\/\/www.puma-catchup.com\/fr\/wp-json\/wp\/v2\/media\/5154"}],"wp:attachment":[{"href":"https:\/\/www.puma-catchup.com\/fr\/wp-json\/wp\/v2\/media?parent=5131"}],"wp:term":[{"taxonomy":"category","embeddable":true,"href":"https:\/\/www.puma-catchup.com\/fr\/wp-json\/wp\/v2\/categories?post=5131"}],"curies":[{"name":"wp","href":"https:\/\/api.w.org\/{rel}","templated":true}]}}