{"id":19440,"date":"2020-07-03T13:06:59","date_gmt":"2020-07-03T11:06:59","guid":{"rendered":"https:\/\/www.puma-catchup.com\/?p=19440"},"modified":"2025-09-19T14:54:55","modified_gmt":"2025-09-19T14:54:55","slug":"pumas-partner-mercedes-amg-petronas-formula-1-team-unveils-black-race-gear-as-part-of-statement-against-racism-and-all-forms-of-discrimination","status":"publish","type":"post","link":"https:\/\/www.puma-catchup.com\/fr\/sports\/pumas-partner-mercedes-amg-petronas-formula-1-team-unveils-black-race-gear-as-part-of-statement-against-racism-and-all-forms-of-discrimination\/","title":{"rendered":"LE PARTENAIRE DE PUMA, L'\u00c9QUIPE DE FORMULE 1 MERCEDES-AMG PETRONAS, D\u00c9VOILE UNE TENUE DE COURSE NOIRE DANS LE CADRE D'UNE D\u00c9CLARATION CONTRE LE RACISME ET TOUTES LES FORMES DE DISCRIMINATION"},"content":{"rendered":"<!-- post header -->\n<div class=\"row rowSingleColumn\">\n    <div class=\"col breadcrumb\">\n        <a href=\"\/fr\/\">Accueil<\/a>\/\n        <a href=\"\/fr\/category\/sports\/\">Sports<\/a>LE PARTENAIRE DE PUMA, MERCEDES-AMG PETRONAS FORMULA 1 TEAM, D\u00c9VOILE UNE TENUE DE COURSE NOIRE DANS LE CADRE D'UNE D\u00c9CLARATION CONTRE LE RACISME ET TOUTES LES FORMES DE DISCRIMINATION\n    <\/div>\n<\/div>\n<div class=\"row rowPostHeaderImage headerImageAnim\">\n    <div class=\"scrollAnim\" \n        id=\"postHeaderImage\"\n         style=\"width:100%;position:relative;overflow:hidden;        aspect-ratio:2        ;\" >\n    <img decoding=\"async\" alt=\"\"\n        class=\"\"\n        src=\"https:\/\/www.puma-catchup.com\/wp-content\/uploads\/2020\/07\/black-suit.jpg\" style=\"transition: 0.35s all;height:100%;width:100%;        object-position: 50% 0%; object-fit: cover;\"\/>\n        <\/div>\n    \n<\/div>\n<div class=\"row rowSingleColumnWide rowPostHeader\">\n    <div id=\"postHeaderText\" class=\"col tcenter\" >\n        <div class=\"cat\"><a class=\"secondary\" href=\"https:\/\/www.puma-catchup.com\/fr\/category\/sports\/\">Sports<\/a><\/div>\n        <div id=\"headerSocialIcons\" class=\"headerSocialIcons tleft\">\n            <a class=\"facebook\" href=\"https:\/\/www.facebook.com\/sharer\/sharer.php?u=https%3A%2F%2Fwww.puma-catchup.com%2Ffr%2Fsports%2Fpumas-partner-mercedes-amg-petronas-formula-1-team-unveils-black-race-gear-as-part-of-statement-against-racism-and-all-forms-of-discrimination%2F\" target=\"blank\"><\/a>\n            <a class=\"linkedin\" href=\"https:\/\/www.linkedin.com\/sharing\/share-offsite\/?url=https%3A%2F%2Fwww.puma-catchup.com%2Ffr%2Fsports%2Fpumas-partner-mercedes-amg-petronas-formula-1-team-unveils-black-race-gear-as-part-of-statement-against-racism-and-all-forms-of-discrimination%2F\" target=\"blank\"><\/a>\n            <a class=\"x\" href=\"https:\/\/twitter.com\/share?url=https:\/\/www.puma-catchup.com\/fr\/sports\/pumas-partner-mercedes-amg-petronas-formula-1-team-unveils-black-race-gear-as-part-of-statement-against-racism-and-all-forms-of-discrimination\/&#038;text=\" target=\"blank\"><\/a>\n            <a class=\"pinterest\" href=\"http:\/\/pinterest.com\/pin\/create\/button\/?url=https%3A%2F%2Fwww.puma-catchup.com%2Ffr%2Fsports%2Fpumas-partner-mercedes-amg-petronas-formula-1-team-unveils-black-race-gear-as-part-of-statement-against-racism-and-all-forms-of-discrimination%2F\" target=\"blank\"><\/a>\n        <\/div>\n        <h1 class=\"\" >L'EQUIPEMENT NOIR POUR L'UNITE<\/h1>\n        <div class=\"articleintro\" >LE PARTENAIRE DE PUMA EN FORMULE 1 D\u00c9VOILE UNE TENUE DE COURSE NOIRE POUR LUTTER CONTRE LE RACISME ET LA DISCRIMINATION<\/div>\n        <div class=\"date\">3 juillet 2020 <\/div>\n\n        <div id=\"\" class=\"headerSocialIconsMobile tcenter mobile\">\n            <a class=\"sharing\" id=\"mobileshare\" onclick='navigator.share({ \"title\": &quot;PUMA\\u2019S PARTNER MERCEDES-AMG PETRONAS FORMULA 1 TEAM UNVEILS BLACK RACE GEAR AS PART OF STATEMENT AGAINST RACISM AND ALL FORMS OF DISCRIMINATION&quot;, \"text\": &quot;We proudly support the statement of our partner, the Mercedes-AMG Petronas F1 Team against racism by choosing to drive the entire 2020 F1 season in PUMA black race-gear and join forces to fight racism and discrimination in all forms.\\u00a0\\nPUMA is always eager for the opportunity to support any of our partners and ambassadors in their pursuit of Universal Equality. The black race gear includes the race suit, underwear, balaclava and gloves. The latter shows #REFORM on the right hand which is PUMA\\u00b4s statement against racism and criminal justice. The race shoe Speedcat Pro of our ambassador Lewis is turned into black with purple logo form stripes while Valtteri Bottas\\u00b4 black race boots are coming with white logo form stripes. The change of color to black is demonstrating our partner\\u2019s commitment to the principles and practice of diversity and inclusion. The Formula 1 season will kick-off this weekend again with the Austrian GP in Spielberg.\\n&quot;, \"url\": \"https:\/\/www.puma-catchup.com\/fr\/sports\/pumas-partner-mercedes-amg-petronas-formula-1-team-unveils-black-race-gear-as-part-of-statement-against-racism-and-all-forms-of-discrimination\/\" })'  target=\"blank\"><\/a>\n            <a class=\"facebook\" href=\"https:\/\/www.facebook.com\/sharer\/sharer.php?u=https:\/\/www.puma-catchup.com\/fr\/sports\/pumas-partner-mercedes-amg-petronas-formula-1-team-unveils-black-race-gear-as-part-of-statement-against-racism-and-all-forms-of-discrimination\/\" target=\"blank\"><\/a>\n            <a class=\"linkedin\" href=\"https:\/\/www.linkedin.com\/sharing\/share-offsite\/?url=https:\/\/www.puma-catchup.com\/fr\/sports\/pumas-partner-mercedes-amg-petronas-formula-1-team-unveils-black-race-gear-as-part-of-statement-against-racism-and-all-forms-of-discrimination\/\" target=\"blank\"><\/a>\n            <a class=\"x\" href=\"https:\/\/twitter.com\/share?url=https%3A%2F%2Fwww.puma-catchup.com%2Ffr%2Fsports%2Fpumas-partner-mercedes-amg-petronas-formula-1-team-unveils-black-race-gear-as-part-of-statement-against-racism-and-all-forms-of-discrimination%2F&#038;text=\" target=\"blank\"><\/a>\n            <a class=\"pinterest\" href=\"http:\/\/pinterest.com\/pin\/create\/button\/?url=https%3A%2F%2Fwww.puma-catchup.com%2Ffr%2Fsports%2Fpumas-partner-mercedes-amg-petronas-formula-1-team-unveils-black-race-gear-as-part-of-statement-against-racism-and-all-forms-of-discrimination%2F\" target=\"blank\"><\/a>\n        <\/div>\n    <\/div>\n<\/div>\n<!-- row text single -->\n<div class=\"gradientnone\">\n<div class=\"row rowSingleColumnWide spacing\">\n    <div class=\"col articleText\">\n        <div class=\"textStyle_2b\" ><span class=\"textStyle_intro\">Nous sommes fiers de soutenir la d\u00e9claration de notre partenaire, l'\u00e9curie Mercedes-AMG Petronas F1 Team, contre le racisme en choisissant de piloter toute la saison 2020 de F1 avec la tenue de course noire de PUMA et d'unir nos forces pour lutter contre le racisme et la discrimination sous toutes ses formes.\u00a0<\/span>\n<br\/>PUMA est toujours heureux de pouvoir soutenir ses partenaires et ses ambassadeurs dans leurs projets. <strong>la poursuite de l'\u00e9galit\u00e9 universelle<\/strong>. L'\u00e9quipement de course noir comprend la combinaison de course, les sous-v\u00eatements, la cagoule et les gants. Ces derniers montrent <strong>#REFORM<\/strong> sur la main droite, qui repr\u00e9sente la d\u00e9claration de PUMA contre le racisme et la justice p\u00e9nale. La chaussure de course Speedcat Pro de notre ambassadeur Lewis est devenue noire avec des bandes de forme de logo violet, tandis que les bottes de course noires de Valtteri Bottas sont dot\u00e9es de bandes de forme de logo blanches. Le changement de couleur en noir d\u00e9montre l'engagement de notre partenaire envers les principes et la pratique de la justice p\u00e9nale. <strong>diversit\u00e9 et inclusion<\/strong>. La saison de Formule 1 d\u00e9butera ce week-end avec le GP d'Autriche \u00e0 Spielberg.<br\/>\n<\/div>\n   <\/div>\n<\/div>\n<\/div>\n<!-- row text single -->\n<div class=\"gradientnone\">\n<div class=\"row rowSingleColumnWide spacing\">\n    <div class=\"col articleText\">\n        <div class=\"textStyle_quote\" ><p>Il est essentiel que nous saisissions ce moment et que nous l'utilisions pour nous \u00e9duquer, que nous soyons un individu, une marque ou une entreprise, afin d'apporter des changements r\u00e9els et significatifs lorsqu'il s'agit de garantir l'\u00e9galit\u00e9 et l'inclusion. J'ai personnellement fait l'exp\u00e9rience du racisme dans ma vie et j'ai vu ma famille et mes amis en faire l'exp\u00e9rience, et je parle du fond du c\u0153ur lorsque je lance un appel au changement.<\/p>\n<br\/><br\/>Lewis Hamilton <\/div>\n   <\/div>\n<\/div>\n<\/div>\n<!-- row text single -->\n<div class=\"gradientnone\">\n<div class=\"row rowSingleColumnWide spacing\">\n    <div class=\"col articleText\">\n        <div class=\"textStyle_2b\" ><blockquote class=\"twitter-tweet\">\n<br\/>https:\/\/t.co\/8GE4K3UwRK<br\/>\n<br\/>- Lewis Hamilton (@LewisHamilton) 29 juin 2020<br\/><\/blockquote>\n<br\/><br\/>\n<\/div>\n   <\/div>\n<\/div>\n<\/div>\n<!-- row text single -->\n<div class=\"gradientnone\">\n<div class=\"row rowSingleColumnWide spacing\">\n    <div class=\"col articleText\">\n        <div class=\"textStyle_2b\" ><br\/>Nous avons lanc\u00e9 notre plateforme #REFORM en 2018, avec pour seul objectif de transformer les intentions en actions dans la lutte pour l'\u00e9galit\u00e9, le respect et l'\u00e9quit\u00e9. Cela nous a permis de <strong>travailler avec des athl\u00e8tes extraordinaires<\/strong> tels que Lewis Hamilton dans la lutte contre le racisme dans leurs propres cultures sportives. \u00c0 ce jour, nous avons concentr\u00e9 nos efforts en Europe sur la lutte contre le racisme dans le sport, en particulier dans le domaine du football. Aux \u00c9tats-Unis, nous nous sommes concentr\u00e9s sur l'in\u00e9galit\u00e9 raciale en r\u00e9formant le syst\u00e8me de justice p\u00e9nale. Au niveau mondial, nous avons soutenu des organisations menant des campagnes sur les th\u00e8mes suivants <strong>contre le sexisme et la discrimination LGBTQ<\/strong>.<br\/>\n<\/div>\n   <\/div>\n<\/div>\n<\/div>\n<!-- row text single -->\n<div class=\"gradientnone\">\n<div class=\"row rowSingleColumnWide spacing\">\n    <div class=\"col articleText\">\n        <div class=\"textStyle_2b\" ><br\/>Depuis plus de 70 ans, PUMA croit fermement en l'\u00e9galit\u00e9 et en la capacit\u00e9 du sport \u00e0 <strong>unir les gens et faire progresser la culture<\/strong> de mani\u00e8re positive. Nous n'abandonnerons pas nos campagnes #REFORM tant que le racisme et la discrimination n'auront pas \u00e9t\u00e9 abolis.<br\/>\n<\/div>\n   <\/div>\n<\/div>\n<\/div>\n<!-- row headline -->\n<div class=\"row headlineBlock rowSingleColumnWide\">\n    <div class=\"col\" style=\"margin-bottom: 2px;\">\n        <h2 >La nouvelle livr\u00e9e de la voiture de 2020 est r\u00e9v\u00e9l\u00e9e<\/h2>\n    <\/div>\n<\/div>\n\t<div class=\"row rowSingleColumnWide spacing\">\n\t<div class=\"col\">\n\t\t\t<img decoding=\"async\" src=\"https:\/\/img.youtube.com\/vi\/7BfFU5qbQrQ\/hqdefault.jpg\" class=\"printonly\" style=\"width:100%;aspect-ratio: 16\/9;\"\/>\n\t\t\t<div class=\"printonly\">https:\/\/www.youtube.com\/7BfFU5qbQrQ<\/div>\n\t\t\t<iframe class=\"hideinprint\" style=\"width:100%;aspect-ratio: 16\/9;\" src=\"https:\/\/www.youtube.com\/embed\/7BfFU5qbQrQ\" title=\"Lecteur vid\u00e9o YouTube\" frameborder=\"0\" allow=\"accelerometer; autoplay; clipboard-write; encrypted-media; gyroscope; picture-in-picture; web-share\" referrerpolicy=\"strict-origin-when-cross-origin\" allowfullscreen><\/iframe>\n\t<\/div>\n<\/div>\n<!-- row text single -->\n<div class=\"gradientnone\">\n<div class=\"row rowSingleColumnWide spacing\">\n    <div class=\"col articleText\">\n        <div class=\"textStyle_default\" ><p>En soutien aux mouvements #WeRaceAsOne et #blacklivesmatter, l'\u00e9quipe roulera avec un design noir qui sera conserv\u00e9 pendant toute la saison.<\/p>\n<\/div>\n   <\/div>\n<\/div>\n<\/div>\n<!-- row image single -->\n<div class=\"row rowSingleColumnNarrow spacing\">\n\t<div class=\"col\">\n\t<div class=\"0 scrollAnim\" \n\t    \n\t     style=\"Narrow;position:relative;overflow:hidden;\t;\" >\n\t<img decoding=\"async\" alt=\"\"\n\t    class=\"\"\n\t    src=\"https:\/\/www.puma-catchup.com\/wp-content\/uploads\/2020\/06\/ReformWtPumaSidebar2_BK.jpg\" style=\"transition: 0.35s all;height:100%;width:100%;\t    object-position: 50% 0%; object-fit: cover;\"\/>\n\t    <\/div>\n\t\n\t\t<div class=\"descr\">L'initiative #REFORM a \u00e9t\u00e9 cr\u00e9\u00e9e en octobre 2018 pour comm\u00e9morer le 50e anniversaire du geste silencieux de l'athl\u00e8te d'athl\u00e9tisme PUMA Tommie Smith. Elle est n\u00e9e d'une volont\u00e9 de se rassembler pour prendre position en faveur de l'\u00e9galit\u00e9 universelle.<\/div>\n\t<\/div>\n<\/div>\n\n<div class=\"row articleMulti2 spacing\">\n<\/div>","protected":false},"excerpt":{"rendered":"<p>Nous sommes fiers de soutenir la d\u00e9claration de notre partenaire, l'\u00e9curie Mercedes-AMG Petronas F1 Team, contre le racisme en choisissant de piloter toute la saison 2020 de F1 avec la tenue de course noire de PUMA et d'unir nos forces pour lutter contre le racisme et la discrimination sous toutes ses formes.\u00a0<br \/>\nPUMA est toujours ravi de pouvoir soutenir ses partenaires et ambassadeurs dans leur qu\u00eate de l'\u00e9galit\u00e9 universelle. La tenue de course noire comprend une combinaison, des sous-v\u00eatements, une cagoule et des gants. Ces derniers arborent le logo #REFORM sur la main droite, qui symbolise l'engagement de PUMA contre le racisme et la justice p\u00e9nale. Les chaussures de course Speedcat Pro de notre ambassadeur Lewis sont d\u00e9sormais noires avec des bandes violettes formant le logo, tandis que les bottes de course noires de Valtteri Bottas arborent des bandes blanches formant le logo. Le passage au noir t\u00e9moigne de l'engagement de nos partenaires en faveur des principes et de la pratique de la diversit\u00e9 et de l'inclusion. La saison de Formule 1 reprendra ce week-end avec le Grand Prix d'Autriche \u00e0 Spielberg.<\/p>","protected":false},"author":4,"featured_media":19441,"comment_status":"closed","ping_status":"closed","sticky":false,"template":"","format":"standard","meta":{"is_top_article":true,"is_featured_article":true,"EasyPostViewCounter":1755,"meta-headline":"","footnotes":""},"categories":[18],"class_list":["post-19440","post","type-post","status-publish","format-standard","has-post-thumbnail","hentry","category-sports"],"fullData":{"ID":19440,"post_author":"4","post_date":"2020-07-03 13:06:59","post_date_gmt":"2020-07-03 11:06:59","post_content":"<!-- wp:puma\/row-post-header {\"image\":{\"width\":1140,\"height\":640,\"file\":\"2020\/07\/black-suit.jpg\",\"filesize\":59300,\"sizes\":{\"medium\":{\"file\":\"black-suit-300x168.jpg\",\"width\":300,\"height\":168,\"mime-type\":\"image\/jpeg\",\"filesize\":7923},\"large\":{\"file\":\"black-suit-1024x575.jpg\",\"width\":1024,\"height\":575,\"mime-type\":\"image\/jpeg\",\"filesize\":60998},\"thumbnail\":{\"file\":\"black-suit-150x150.jpg\",\"width\":150,\"height\":150,\"mime-type\":\"image\/jpeg\",\"filesize\":4637},\"medium_large\":{\"file\":\"black-suit-768x431.jpg\",\"width\":768,\"height\":431,\"mime-type\":\"image\/jpeg\",\"filesize\":38220},\"trp-custom-language-flag\":{\"file\":\"black-suit-18x10.jpg\",\"width\":18,\"height\":10,\"mime-type\":\"image\/jpeg\",\"filesize\":388}},\"image_meta\":{\"aperture\":\"0\",\"credit\":\"\",\"camera\":\"\",\"caption\":\"\",\"created_timestamp\":\"0\",\"copyright\":\"\",\"focal_length\":\"0\",\"iso\":\"0\",\"shutter_speed\":\"0\",\"title\":\"\",\"orientation\":\"0\",\"keywords\":[]},\"id\":19441,\"alt\":\"\",\"caption\":\"\",\"description\":\"\",\"url\":\"https:\/\/www.puma-catchup.com\/wp-content\/uploads\/2020\/07\/black-suit.jpg\",\"title\":\"black-suit\",\"aspect_ratio\":1.78125,\"focalPointLeft\":0.5,\"focalPointTop\":0},\"headline\":\"BLACK RACE-GEAR FOR UNITY\",\"content\":\"PUMA\u2019S FORMULA 1 PARTNER UNVEILS BLACK RACE-GEAR AS STATEMENT AGAINST RACISM AND DISCRIMINATION\"} \/--><!-- wp:puma\/row-text-single {\"content\":\"\\u003cspan class=\\u0022textStyle_intro\\u0022\\u003eWe proudly support the statement of our partner, the Mercedes-AMG Petronas F1 Team against racism by choosing to drive the entire 2020 F1 season in PUMA black race-gear and join forces to fight racism and discrimination in all forms.\u00a0\\u003c\/span\\u003e\\n\\u0026lt;br\/\\u0026gt;PUMA is always eager for the opportunity to support any of our partners and ambassadors in their \\u0026lt;strong\\u0026gt;pursuit of Universal Equality\\u0026lt;\/strong\\u0026gt;. The black race gear includes the race suit, underwear, balaclava and gloves. The latter shows \\u0026lt;strong\\u0026gt;#REFORM\\u0026lt;\/strong\\u0026gt; on the right hand which is PUMA\u00b4s statement against racism and criminal justice. The race shoe Speedcat Pro of our ambassador Lewis is turned into black with purple logo form stripes while Valtteri Bottas\u00b4 black race boots are coming with white logo form stripes. The change of color to black is demonstrating our partner\u2019s commitment to the principles and practice of \\u0026lt;strong\\u0026gt;diversity and inclusion\\u0026lt;\/strong\\u0026gt;. The Formula 1 season will kick-off this weekend again with the Austrian GP in Spielberg.\\u0026lt;br\/\\u0026gt;\\n\",\"width\":\"Wide\",\"aspect\":\"0\",\"style\":\"2b\"} \/--><!-- wp:puma\/row-text-single {\"content\":\"\\u003cp\\u003eIt\u2019s so important that we seize this moment and use it to educate ourselves, whether you are an individual, brand or company to make real meaningful changes when it comes to ensuring equality and inclusivity. I have personally experienced racism in my life and seen my family and friends experience racism, and I am speaking from the heart when I appeal for change.\\u003c\/p\\u003e\\n\\u003cbr\/\\u003e\\u003cbr\/\\u003eLewis Hamilton \",\"width\":\"Wide\",\"style\":\"quote\"} \/--><!-- wp:puma\/row-text-single {\"content\":\"\\u003cblockquote class=\\u0022twitter-tweet\\u0022\\u003e\\n\\u0026lt;br\/\\u0026gt;?? https:\/\/t.co\/8GE4K3UwRK\\u0026lt;br\/\\u0026gt;\\n\\u0026lt;br\/\\u0026gt;\u2014 Lewis Hamilton (@LewisHamilton) June 29, 2020\\u0026lt;br\/\\u0026gt;\\u003c\/blockquote\\u003e\\n\\u0026lt;br\/\\u0026gt;\\u0026lt;br\/\\u0026gt;\\n\",\"width\":\"Wide\",\"aspect\":\"0\",\"style\":\"2b\"} \/--><!-- wp:puma\/row-text-single {\"content\":\"\\u0026lt;br\/\\u0026gt;We launched our #REFORM platform in 2018, with the single goal of turning intentions into actions in the fight for equality, respect, and fairness. This has allowed us to \\u0026lt;strong\\u0026gt;work with amazing athletes\\u0026lt;\/strong\\u0026gt; such as Lewis Hamilton in fighting racism in their own sporting cultures. To date, we have focused our efforts in Europe on fighting racism in sports, with a particular concentration on Football. In the US, we have focused on racial inequity through reform of the criminal justice system. On a global basis, we have supported organizations campaigning \\u0026lt;strong\\u0026gt;against gender bias and LGBTQ discrimination\\u0026lt;\/strong\\u0026gt;.\\u0026lt;br\/\\u0026gt;\\n\",\"width\":\"Wide\",\"aspect\":\"0\",\"style\":\"2b\"} \/--><!-- wp:puma\/row-text-single {\"content\":\"\\u0026lt;br\/\\u0026gt;Throughout the history of more than 70 years, PUMA has strongly believed in equality and in the power of sport to \\u0026lt;strong\\u0026gt;unite people and push culture forward\\u0026lt;\/strong\\u0026gt; in a positive way. We\u00a0will not give up our #REFORM campaigns until racism and discrimination has been abolished.\\u0026lt;br\/\\u0026gt;\\n\",\"width\":\"Wide\",\"aspect\":\"0\",\"style\":\"2b\"} \/--><!-- wp:puma\/row-headline {\"h1\":\"brand new livery for 2020 car revealed\"} \/--><!-- wp:puma\/row-video {\"id\":\"7BfFU5qbQrQ\",\"title\":\"brand new livery for 2020 car revealed\",\"style\":\"Wide\"} \/--><!-- wp:puma\/row-text-single {\"width\":\"Wide\",\"content\":\"\\u003cp\\u003eIn support of the #WeRaceAsOne and #blacklivesmatter movements, the team will drive with a black design that will be kept for the entire season.\\u003c\/p\\u003e\\n\"} \/--><!-- wp:puma\/row-image-single {\"migrateBlock\":true,\"title\":\"\",\"images\":[{\"width\":720,\"height\":720,\"file\":\"2020\/06\/ReformWtPumaSidebar2_BK.jpg\",\"filesize\":22763,\"sizes\":{\"medium\":{\"file\":\"ReformWtPumaSidebar2_BK-300x300.jpg\",\"width\":300,\"height\":300,\"mime-type\":\"image\/jpeg\",\"filesize\":7097},\"thumbnail\":{\"file\":\"ReformWtPumaSidebar2_BK-150x150.jpg\",\"width\":150,\"height\":150,\"mime-type\":\"image\/jpeg\",\"filesize\":2828},\"trp-custom-language-flag\":{\"file\":\"ReformWtPumaSidebar2_BK-12x12.jpg\",\"width\":12,\"height\":12,\"mime-type\":\"image\/jpeg\",\"filesize\":351}},\"image_meta\":{\"aperture\":\"0\",\"credit\":\"\",\"camera\":\"\",\"caption\":\"\",\"created_timestamp\":\"0\",\"copyright\":\"\",\"focal_length\":\"0\",\"iso\":\"0\",\"shutter_speed\":\"0\",\"title\":\"\",\"orientation\":\"0\",\"keywords\":[]},\"id\":19337,\"alt\":\"\",\"caption\":\"The #REFORM initiative was established in October 2018 to commemorate the 50th anniversary of PUMA track-and-field athlete Tommie Smith\u2019s silent gesture. It was born of a desire to come together to take a stand for universal equality.\",\"description\":\"\",\"url\":\"https:\/\/www.puma-catchup.com\/wp-content\/uploads\/2020\/06\/ReformWtPumaSidebar2_BK.jpg\",\"title\":\"ReformWtPumaSidebar2_BK\",\"aspect_ratio\":1,\"focalPointLeft\":0.5,\"focalPointTop\":0}],\"headlines\":[\"PUMA #REFORM PROGRAM\"],\"showCaptions\":[false],\"portraitMode\":[false],\"image\":{\"width\":720,\"height\":720,\"file\":\"2020\/06\/ReformWtPumaSidebar2_BK.jpg\",\"filesize\":22763,\"sizes\":{\"medium\":{\"file\":\"ReformWtPumaSidebar2_BK-300x300.jpg\",\"width\":300,\"height\":300,\"mime-type\":\"image\/jpeg\",\"filesize\":7097},\"thumbnail\":{\"file\":\"ReformWtPumaSidebar2_BK-150x150.jpg\",\"width\":150,\"height\":150,\"mime-type\":\"image\/jpeg\",\"filesize\":2828},\"trp-custom-language-flag\":{\"file\":\"ReformWtPumaSidebar2_BK-12x12.jpg\",\"width\":12,\"height\":12,\"mime-type\":\"image\/jpeg\",\"filesize\":351}},\"image_meta\":{\"aperture\":\"0\",\"credit\":\"\",\"camera\":\"\",\"caption\":\"\",\"created_timestamp\":\"0\",\"copyright\":\"\",\"focal_length\":\"0\",\"iso\":\"0\",\"shutter_speed\":\"0\",\"title\":\"\",\"orientation\":\"0\",\"keywords\":[]},\"id\":19337,\"alt\":\"\",\"caption\":\"The #REFORM initiative was established in October 2018 to commemorate the 50th anniversary of PUMA track-and-field athlete Tommie Smith\u2019s silent gesture. It was born of a desire to come together to take a stand for universal equality.\",\"description\":\"\",\"url\":\"https:\/\/www.puma-catchup.com\/wp-content\/uploads\/2020\/06\/ReformWtPumaSidebar2_BK.jpg\",\"title\":\"ReformWtPumaSidebar2_BK\",\"aspect_ratio\":1,\"focalPointLeft\":0.5,\"focalPointTop\":0},\"style\":\"Narrow\"} \/--><!-- wp:puma\/row-article-multi {\"migrateBlock\":true,\"title\":\"\",\"mode\":\"manual\",\"numArticles\":2,\"manualArticles\":[{\"id\":19345},{\"id\":19305}],\"aspect\":\"1\"} \/-->","post_title":"PUMA\u2019S PARTNER MERCEDES-AMG PETRONAS FORMULA 1 TEAM UNVEILS BLACK RACE GEAR AS PART OF STATEMENT AGAINST RACISM AND ALL FORMS OF DISCRIMINATION","post_excerpt":"We proudly support the statement of our partner, the Mercedes-AMG Petronas F1 Team against racism by choosing to drive the entire 2020 F1 season in PUMA black race-gear and join forces to fight racism and discrimination in all forms.\u00a0\nPUMA is always eager for the opportunity to support any of our partners and ambassadors in their pursuit of Universal Equality. The black race gear includes the race suit, underwear, balaclava and gloves. The latter shows #REFORM on the right hand which is PUMA\u00b4s statement against racism and criminal justice. The race shoe Speedcat Pro of our ambassador Lewis is turned into black with purple logo form stripes while Valtteri Bottas\u00b4 black race boots are coming with white logo form stripes. The change of color to black is demonstrating our partner\u2019s commitment to the principles and practice of diversity and inclusion. The Formula 1 season will kick-off this weekend again with the Austrian GP in Spielberg.\n","post_status":"publish","comment_status":"closed","ping_status":"closed","post_password":"","post_name":"pumas-partner-mercedes-amg-petronas-formula-1-team-unveils-black-race-gear-as-part-of-statement-against-racism-and-all-forms-of-discrimination","to_ping":"","pinged":"","post_modified":"2025-09-19 14:54:55","post_modified_gmt":"2025-09-19 14:54:55","post_content_filtered":"","post_parent":0,"guid":"https:\/\/www.puma-catchup.com\/?p=19440","menu_order":0,"post_type":"post","post_mime_type":"","comment_count":"0","filter":"raw","ancestors":[],"page_template":"","post_category":[18],"tags_input":[],"id":19440,"author":"4","date":"2020-07-03 13:06:59","date_gmt":"2020-07-03 11:06:59","content":"<!-- wp:puma\/row-post-header {\"image\":{\"width\":1140,\"height\":640,\"file\":\"2020\/07\/black-suit.jpg\",\"filesize\":59300,\"sizes\":{\"medium\":{\"file\":\"black-suit-300x168.jpg\",\"width\":300,\"height\":168,\"mime-type\":\"image\/jpeg\",\"filesize\":7923},\"large\":{\"file\":\"black-suit-1024x575.jpg\",\"width\":1024,\"height\":575,\"mime-type\":\"image\/jpeg\",\"filesize\":60998},\"thumbnail\":{\"file\":\"black-suit-150x150.jpg\",\"width\":150,\"height\":150,\"mime-type\":\"image\/jpeg\",\"filesize\":4637},\"medium_large\":{\"file\":\"black-suit-768x431.jpg\",\"width\":768,\"height\":431,\"mime-type\":\"image\/jpeg\",\"filesize\":38220},\"trp-custom-language-flag\":{\"file\":\"black-suit-18x10.jpg\",\"width\":18,\"height\":10,\"mime-type\":\"image\/jpeg\",\"filesize\":388}},\"image_meta\":{\"aperture\":\"0\",\"credit\":\"\",\"camera\":\"\",\"caption\":\"\",\"created_timestamp\":\"0\",\"copyright\":\"\",\"focal_length\":\"0\",\"iso\":\"0\",\"shutter_speed\":\"0\",\"title\":\"\",\"orientation\":\"0\",\"keywords\":[]},\"id\":19441,\"alt\":\"\",\"caption\":\"\",\"description\":\"\",\"url\":\"https:\/\/www.puma-catchup.com\/wp-content\/uploads\/2020\/07\/black-suit.jpg\",\"title\":\"black-suit\",\"aspect_ratio\":1.78125,\"focalPointLeft\":0.5,\"focalPointTop\":0},\"headline\":\"BLACK RACE-GEAR FOR UNITY\",\"content\":\"PUMA\u2019S FORMULA 1 PARTNER UNVEILS BLACK RACE-GEAR AS STATEMENT AGAINST RACISM AND DISCRIMINATION\"} \/--><!-- wp:puma\/row-text-single {\"content\":\"\\u003cspan class=\\u0022textStyle_intro\\u0022\\u003eWe proudly support the statement of our partner, the Mercedes-AMG Petronas F1 Team against racism by choosing to drive the entire 2020 F1 season in PUMA black race-gear and join forces to fight racism and discrimination in all forms.\u00a0\\u003c\/span\\u003e\\n\\u0026lt;br\/\\u0026gt;PUMA is always eager for the opportunity to support any of our partners and ambassadors in their \\u0026lt;strong\\u0026gt;pursuit of Universal Equality\\u0026lt;\/strong\\u0026gt;. The black race gear includes the race suit, underwear, balaclava and gloves. The latter shows \\u0026lt;strong\\u0026gt;#REFORM\\u0026lt;\/strong\\u0026gt; on the right hand which is PUMA\u00b4s statement against racism and criminal justice. The race shoe Speedcat Pro of our ambassador Lewis is turned into black with purple logo form stripes while Valtteri Bottas\u00b4 black race boots are coming with white logo form stripes. The change of color to black is demonstrating our partner\u2019s commitment to the principles and practice of \\u0026lt;strong\\u0026gt;diversity and inclusion\\u0026lt;\/strong\\u0026gt;. The Formula 1 season will kick-off this weekend again with the Austrian GP in Spielberg.\\u0026lt;br\/\\u0026gt;\\n\",\"width\":\"Wide\",\"aspect\":\"0\",\"style\":\"2b\"} \/--><!-- wp:puma\/row-text-single {\"content\":\"\\u003cp\\u003eIt\u2019s so important that we seize this moment and use it to educate ourselves, whether you are an individual, brand or company to make real meaningful changes when it comes to ensuring equality and inclusivity. I have personally experienced racism in my life and seen my family and friends experience racism, and I am speaking from the heart when I appeal for change.\\u003c\/p\\u003e\\n\\u003cbr\/\\u003e\\u003cbr\/\\u003eLewis Hamilton \",\"width\":\"Wide\",\"style\":\"quote\"} \/--><!-- wp:puma\/row-text-single {\"content\":\"\\u003cblockquote class=\\u0022twitter-tweet\\u0022\\u003e\\n\\u0026lt;br\/\\u0026gt;?? https:\/\/t.co\/8GE4K3UwRK\\u0026lt;br\/\\u0026gt;\\n\\u0026lt;br\/\\u0026gt;\u2014 Lewis Hamilton (@LewisHamilton) June 29, 2020\\u0026lt;br\/\\u0026gt;\\u003c\/blockquote\\u003e\\n\\u0026lt;br\/\\u0026gt;\\u0026lt;br\/\\u0026gt;\\n\",\"width\":\"Wide\",\"aspect\":\"0\",\"style\":\"2b\"} \/--><!-- wp:puma\/row-text-single {\"content\":\"\\u0026lt;br\/\\u0026gt;We launched our #REFORM platform in 2018, with the single goal of turning intentions into actions in the fight for equality, respect, and fairness. This has allowed us to \\u0026lt;strong\\u0026gt;work with amazing athletes\\u0026lt;\/strong\\u0026gt; such as Lewis Hamilton in fighting racism in their own sporting cultures. To date, we have focused our efforts in Europe on fighting racism in sports, with a particular concentration on Football. In the US, we have focused on racial inequity through reform of the criminal justice system. On a global basis, we have supported organizations campaigning \\u0026lt;strong\\u0026gt;against gender bias and LGBTQ discrimination\\u0026lt;\/strong\\u0026gt;.\\u0026lt;br\/\\u0026gt;\\n\",\"width\":\"Wide\",\"aspect\":\"0\",\"style\":\"2b\"} \/--><!-- wp:puma\/row-text-single {\"content\":\"\\u0026lt;br\/\\u0026gt;Throughout the history of more than 70 years, PUMA has strongly believed in equality and in the power of sport to \\u0026lt;strong\\u0026gt;unite people and push culture forward\\u0026lt;\/strong\\u0026gt; in a positive way. We\u00a0will not give up our #REFORM campaigns until racism and discrimination has been abolished.\\u0026lt;br\/\\u0026gt;\\n\",\"width\":\"Wide\",\"aspect\":\"0\",\"style\":\"2b\"} \/--><!-- wp:puma\/row-headline {\"h1\":\"brand new livery for 2020 car revealed\"} \/--><!-- wp:puma\/row-video {\"id\":\"7BfFU5qbQrQ\",\"title\":\"brand new livery for 2020 car revealed\",\"style\":\"Wide\"} \/--><!-- wp:puma\/row-text-single {\"width\":\"Wide\",\"content\":\"\\u003cp\\u003eIn support of the #WeRaceAsOne and #blacklivesmatter movements, the team will drive with a black design that will be kept for the entire season.\\u003c\/p\\u003e\\n\"} \/--><!-- wp:puma\/row-image-single {\"migrateBlock\":true,\"title\":\"\",\"images\":[{\"width\":720,\"height\":720,\"file\":\"2020\/06\/ReformWtPumaSidebar2_BK.jpg\",\"filesize\":22763,\"sizes\":{\"medium\":{\"file\":\"ReformWtPumaSidebar2_BK-300x300.jpg\",\"width\":300,\"height\":300,\"mime-type\":\"image\/jpeg\",\"filesize\":7097},\"thumbnail\":{\"file\":\"ReformWtPumaSidebar2_BK-150x150.jpg\",\"width\":150,\"height\":150,\"mime-type\":\"image\/jpeg\",\"filesize\":2828},\"trp-custom-language-flag\":{\"file\":\"ReformWtPumaSidebar2_BK-12x12.jpg\",\"width\":12,\"height\":12,\"mime-type\":\"image\/jpeg\",\"filesize\":351}},\"image_meta\":{\"aperture\":\"0\",\"credit\":\"\",\"camera\":\"\",\"caption\":\"\",\"created_timestamp\":\"0\",\"copyright\":\"\",\"focal_length\":\"0\",\"iso\":\"0\",\"shutter_speed\":\"0\",\"title\":\"\",\"orientation\":\"0\",\"keywords\":[]},\"id\":19337,\"alt\":\"\",\"caption\":\"The #REFORM initiative was established in October 2018 to commemorate the 50th anniversary of PUMA track-and-field athlete Tommie Smith\u2019s silent gesture. It was born of a desire to come together to take a stand for universal equality.\",\"description\":\"\",\"url\":\"https:\/\/www.puma-catchup.com\/wp-content\/uploads\/2020\/06\/ReformWtPumaSidebar2_BK.jpg\",\"title\":\"ReformWtPumaSidebar2_BK\",\"aspect_ratio\":1,\"focalPointLeft\":0.5,\"focalPointTop\":0}],\"headlines\":[\"PUMA #REFORM PROGRAM\"],\"showCaptions\":[false],\"portraitMode\":[false],\"image\":{\"width\":720,\"height\":720,\"file\":\"2020\/06\/ReformWtPumaSidebar2_BK.jpg\",\"filesize\":22763,\"sizes\":{\"medium\":{\"file\":\"ReformWtPumaSidebar2_BK-300x300.jpg\",\"width\":300,\"height\":300,\"mime-type\":\"image\/jpeg\",\"filesize\":7097},\"thumbnail\":{\"file\":\"ReformWtPumaSidebar2_BK-150x150.jpg\",\"width\":150,\"height\":150,\"mime-type\":\"image\/jpeg\",\"filesize\":2828},\"trp-custom-language-flag\":{\"file\":\"ReformWtPumaSidebar2_BK-12x12.jpg\",\"width\":12,\"height\":12,\"mime-type\":\"image\/jpeg\",\"filesize\":351}},\"image_meta\":{\"aperture\":\"0\",\"credit\":\"\",\"camera\":\"\",\"caption\":\"\",\"created_timestamp\":\"0\",\"copyright\":\"\",\"focal_length\":\"0\",\"iso\":\"0\",\"shutter_speed\":\"0\",\"title\":\"\",\"orientation\":\"0\",\"keywords\":[]},\"id\":19337,\"alt\":\"\",\"caption\":\"The #REFORM initiative was established in October 2018 to commemorate the 50th anniversary of PUMA track-and-field athlete Tommie Smith\u2019s silent gesture. It was born of a desire to come together to take a stand for universal equality.\",\"description\":\"\",\"url\":\"https:\/\/www.puma-catchup.com\/wp-content\/uploads\/2020\/06\/ReformWtPumaSidebar2_BK.jpg\",\"title\":\"ReformWtPumaSidebar2_BK\",\"aspect_ratio\":1,\"focalPointLeft\":0.5,\"focalPointTop\":0},\"style\":\"Narrow\"} \/--><!-- wp:puma\/row-article-multi {\"migrateBlock\":true,\"title\":\"\",\"mode\":\"manual\",\"numArticles\":2,\"manualArticles\":[{\"id\":19345},{\"id\":19305}],\"aspect\":\"1\"} \/-->","title":"LE PARTENAIRE DE PUMA, L'\u00c9QUIPE DE FORMULE 1 MERCEDES-AMG PETRONAS, D\u00c9VOILE UNE TENUE DE COURSE NOIRE DANS LE CADRE D'UNE D\u00c9CLARATION CONTRE LE RACISME ET TOUTES LES FORMES DE DISCRIMINATION","excerpt":"Nous sommes fiers de soutenir la d\u00e9claration de notre partenaire, l'\u00e9curie Mercedes-AMG Petronas F1 Team, contre le racisme en choisissant de piloter toute la saison 2020 de F1 avec la tenue de course noire de PUMA et d'unir nos forces pour lutter contre le racisme et la discrimination sous toutes leurs formes.\nPUMA est toujours pr\u00eate \u00e0 soutenir ses partenaires et ambassadeurs dans leur qu\u00eate de l'\u00e9galit\u00e9 universelle. L'\u00e9quipement de course noir comprend la combinaison de course, les sous-v\u00eatements, la cagoule et les gants. Ces derniers portent le symbole #REFORM sur la main droite, qui est la d\u00e9claration de PUMA contre le racisme et la justice p\u00e9nale. La chaussure de course Speedcat Pro de notre ambassadeur Lewis est devenue noire avec des bandes de forme de logo violet, tandis que les bottes de course noires de Valtteri Bottas sont dot\u00e9es de bandes de forme de logo blanches. Le changement de couleur en noir d\u00e9montre l'engagement de notre partenaire envers les principes et la pratique de la diversit\u00e9 et de l'inclusion. La saison de Formule 1 d\u00e9butera ce week-end avec le GP d'Autriche \u00e0 Spielberg.","status":"publish","password":"","name":"Le partenaire de Puma, Mercedes AMG Petronas Formula 1 Team, d\u00e9voile une tenue de course noire dans le cadre d'une d\u00e9claration contre le racisme et toutes les formes de discrimination.","modified":"2025-09-19 14:54:55","modified_gmt":"2025-09-19 14:54:55","content_filtered":"","parent":0,"type":"post","mime_type":"","template":"","category":[18],"datetime_local":"3 juillet 2020 \u00e0 11:06","date_local":"3 juillet 2020","time_local":"11:06","slug":"pumas-partner-mercedes-amg-petronas-formula-1-team-unveils-black-race-gear-as-part-of-statement-against-racism-and-all-forms-of-discrimination","url":"https:\/\/www.puma-catchup.com\/fr\/sports\/pumas-partner-mercedes-amg-petronas-formula-1-team-unveils-black-race-gear-as-part-of-statement-against-racism-and-all-forms-of-discrimination\/","featured_image":{"width":1140,"height":640,"file":"2020\/07\/black-suit.jpg","filesize":59300,"sizes":{"medium":{"file":"black-suit-300x168.jpg","width":300,"height":168,"mime-type":"image\/jpeg","filesize":7923},"large":{"file":"black-suit-1024x575.jpg","width":1024,"height":575,"mime-type":"image\/jpeg","filesize":60998},"thumbnail":{"file":"black-suit-150x150.jpg","width":150,"height":150,"mime-type":"image\/jpeg","filesize":4637},"medium_large":{"file":"black-suit-768x431.jpg","width":768,"height":431,"mime-type":"image\/jpeg","filesize":38220},"trp-custom-language-flag":{"file":"black-suit-18x10.jpg","width":18,"height":10,"mime-type":"image\/jpeg","filesize":388}},"image_meta":{"aperture":"0","credit":"","camera":"","caption":"","created_timestamp":"0","copyright":"","focal_length":"0","iso":"0","shutter_speed":"0","title":"","orientation":"0","keywords":[]},"id":19441,"alt":"","caption":"","description":"","url":"https:\/\/www.puma-catchup.com\/wp-content\/uploads\/2020\/07\/black-suit.jpg","title":"costume noir","aspect_ratio":1.78125,"focalPointLeft":0.5,"focalPointTop":0},"headline":"PUMA\u2019S PARTNER MERCEDES-AMG PETRONAS FORMULA 1 TEAM UNVEILS BLACK RACE GEAR AS PART OF STATEMENT AGAINST RACISM AND ALL FORMS OF DISCRIMINATION","categories":[{"term_id":18,"name":"Sports","slug":"sports","term_group":0,"term_taxonomy_id":18,"taxonomy":"category","description":"","parent":0,"count":860,"filter":"raw","url":"https:\/\/www.puma-catchup.com\/fr\/category\/sports\/"}],"theCategory":{"term_id":18,"name":"Sports","slug":"sports","term_group":0,"term_taxonomy_id":18,"taxonomy":"category","description":"","parent":0,"count":860,"filter":"raw","url":"https:\/\/www.puma-catchup.com\/fr\/category\/sports\/"},"isFeaturedArticle":true,"isTopArticle":true},"_links":{"self":[{"href":"https:\/\/www.puma-catchup.com\/fr\/wp-json\/wp\/v2\/posts\/19440","targetHints":{"allow":["GET"]}}],"collection":[{"href":"https:\/\/www.puma-catchup.com\/fr\/wp-json\/wp\/v2\/posts"}],"about":[{"href":"https:\/\/www.puma-catchup.com\/fr\/wp-json\/wp\/v2\/types\/post"}],"author":[{"embeddable":true,"href":"https:\/\/www.puma-catchup.com\/fr\/wp-json\/wp\/v2\/users\/4"}],"replies":[{"embeddable":true,"href":"https:\/\/www.puma-catchup.com\/fr\/wp-json\/wp\/v2\/comments?post=19440"}],"version-history":[{"count":0,"href":"https:\/\/www.puma-catchup.com\/fr\/wp-json\/wp\/v2\/posts\/19440\/revisions"}],"wp:featuredmedia":[{"embeddable":true,"href":"https:\/\/www.puma-catchup.com\/fr\/wp-json\/wp\/v2\/media\/19441"}],"wp:attachment":[{"href":"https:\/\/www.puma-catchup.com\/fr\/wp-json\/wp\/v2\/media?parent=19440"}],"wp:term":[{"taxonomy":"category","embeddable":true,"href":"https:\/\/www.puma-catchup.com\/fr\/wp-json\/wp\/v2\/categories?post=19440"}],"curies":[{"name":"wp","href":"https:\/\/api.w.org\/{rel}","templated":true}]}}