{"id":11173,"date":"2019-01-24T11:27:29","date_gmt":"2019-01-24T10:27:29","guid":{"rendered":"https:\/\/www.puma-catchup.com\/?p=11173"},"modified":"2025-09-19T15:00:17","modified_gmt":"2025-09-19T15:00:17","slug":"puma-entered-a-long-time-collaboration-with-the-portuguese-athletics-federation","status":"publish","type":"post","link":"https:\/\/www.puma-catchup.com\/fr\/sports\/puma-entered-a-long-time-collaboration-with-the-portuguese-athletics-federation\/","title":{"rendered":"PUMA a entam\u00e9 une collaboration de longue date avec la F\u00e9d\u00e9ration portugaise d'athl\u00e9tisme"},"content":{"rendered":"<!-- post header -->\n<div class=\"row rowSingleColumn\">\n    <div class=\"col breadcrumb\">\n        <a href=\"\/fr\/\">Accueil<\/a>\/\n        <a href=\"\/fr\/category\/sports\/\">Sports<\/a>\/\n        PUMA entame une collaboration de longue date avec la F\u00e9d\u00e9ration portugaise d'athl\u00e9tisme\n    <\/div>\n<\/div>\n<div class=\"row rowPostHeaderImage headerImageAnim\">\n    <div class=\"scrollAnim\" \n        id=\"postHeaderImage\"\n         style=\"width:100%;position:relative;overflow:hidden;        aspect-ratio:2        ;\" >\n    <img decoding=\"async\" alt=\"\"\n        class=\"\"\n        src=\"https:\/\/www.puma-catchup.com\/wp-content\/uploads\/2019\/01\/H2-Portugal.jpg\" style=\"transition: 0.35s all;height:100%;width:100%;        object-position: 50% 0%; object-fit: cover;\"\/>\n        <\/div>\n    \n<\/div>\n<div class=\"row rowSingleColumnWide rowPostHeader\">\n    <div id=\"postHeaderText\" class=\"col tcenter\" >\n        <div class=\"cat\"><a class=\"secondary\" href=\"https:\/\/www.puma-catchup.com\/fr\/category\/sports\/\">Sports<\/a><\/div>\n        <div id=\"headerSocialIcons\" class=\"headerSocialIcons tleft\">\n            <a class=\"facebook\" href=\"https:\/\/www.facebook.com\/sharer\/sharer.php?u=https%3A%2F%2Fwww.puma-catchup.com%2Ffr%2Fsports%2Fpuma-entered-a-long-time-collaboration-with-the-portuguese-athletics-federation%2F\" target=\"blank\"><\/a>\n            <a class=\"linkedin\" href=\"https:\/\/www.linkedin.com\/sharing\/share-offsite\/?url=https%3A%2F%2Fwww.puma-catchup.com%2Ffr%2Fsports%2Fpuma-entered-a-long-time-collaboration-with-the-portuguese-athletics-federation%2F\" target=\"blank\"><\/a>\n            <a class=\"x\" href=\"https:\/\/twitter.com\/share?url=https:\/\/www.puma-catchup.com\/fr\/sports\/puma-entered-a-long-time-collaboration-with-the-portuguese-athletics-federation\/&#038;text=\" target=\"blank\"><\/a>\n            <a class=\"pinterest\" href=\"http:\/\/pinterest.com\/pin\/create\/button\/?url=https%3A%2F%2Fwww.puma-catchup.com%2Ffr%2Fsports%2Fpuma-entered-a-long-time-collaboration-with-the-portuguese-athletics-federation%2F\" target=\"blank\"><\/a>\n        <\/div>\n        <h1 class=\"\" >Le Portugal saute et court en PUMA<\/h1>\n        <div class=\"articleintro\" >PUMA a entam\u00e9 une collaboration de longue date avec la F\u00e9d\u00e9ration portugaise d'athl\u00e9tisme<\/div>\n        <div class=\"date\">24 janvier 2019 <\/div>\n\n        <div id=\"\" class=\"headerSocialIconsMobile tcenter mobile\">\n            <a class=\"sharing\" id=\"mobileshare\" onclick='navigator.share({ \"title\": &quot;PUMA entered a long-time collaboration with the Portuguese Athletics Federation&quot;, \"text\": &quot;PUMA is expanding its team of European Athletics Federations: Joining Switzerland and Norway, the Portuguese Athletics Federation is the third to become part of the PUMA team!\\n&quot;, \"url\": \"https:\/\/www.puma-catchup.com\/fr\/sports\/puma-entered-a-long-time-collaboration-with-the-portuguese-athletics-federation\/\" })'  target=\"blank\"><\/a>\n            <a class=\"facebook\" href=\"https:\/\/www.facebook.com\/sharer\/sharer.php?u=https:\/\/www.puma-catchup.com\/fr\/sports\/puma-entered-a-long-time-collaboration-with-the-portuguese-athletics-federation\/\" target=\"blank\"><\/a>\n            <a class=\"linkedin\" href=\"https:\/\/www.linkedin.com\/sharing\/share-offsite\/?url=https:\/\/www.puma-catchup.com\/fr\/sports\/puma-entered-a-long-time-collaboration-with-the-portuguese-athletics-federation\/\" target=\"blank\"><\/a>\n            <a class=\"x\" href=\"https:\/\/twitter.com\/share?url=https%3A%2F%2Fwww.puma-catchup.com%2Ffr%2Fsports%2Fpuma-entered-a-long-time-collaboration-with-the-portuguese-athletics-federation%2F&#038;text=\" target=\"blank\"><\/a>\n            <a class=\"pinterest\" href=\"http:\/\/pinterest.com\/pin\/create\/button\/?url=https%3A%2F%2Fwww.puma-catchup.com%2Ffr%2Fsports%2Fpuma-entered-a-long-time-collaboration-with-the-portuguese-athletics-federation%2F\" target=\"blank\"><\/a>\n        <\/div>\n    <\/div>\n<\/div>\n<!-- row text single -->\n<div class=\"gradientnone\">\n<div class=\"row rowSingleColumnWide spacing\">\n    <div class=\"col articleText\">\n        <div class=\"textStyle_2b\" ><span class=\"textStyle_intro\">PUMA \u00e9largit son \u00e9quipe de f\u00e9d\u00e9rations europ\u00e9ennes d'athl\u00e9tisme : Apr\u00e8s la Suisse et la Norv\u00e8ge, la F\u00e9d\u00e9ration portugaise d'athl\u00e9tisme est la troisi\u00e8me \u00e0 rejoindre l'\u00e9quipe PUMA !<\/span>\n<\/div>\n   <\/div>\n<\/div>\n<\/div>\n<!-- row text single -->\n<div class=\"gradientnone\">\n<div class=\"row rowSingleColumnWide spacing\">\n    <div class=\"col articleText\">\n        <div class=\"textStyle_2b\" ><br\/><strong>\u201cLe Portugal poss\u00e8de un grand h\u00e9ritage en mati\u00e8re d'athl\u00e9tisme, avec des athl\u00e8tes fantastiques qui ont remport\u00e9 des m\u00e9dailles lors de comp\u00e9titions europ\u00e9ennes, mondiales et olympiques. PUMA est heureux de collaborer avec les f\u00e9d\u00e9rations d'athl\u00e9tisme portugaises et certains de leurs meilleurs athl\u00e8tes\u201d, <\/strong>explique Pascal Rolling, responsable du marketing sportif chez PUMA<br\/>\n<br\/>Le <strong>patrimoine<\/strong> dont nous parlons se r\u00e9f\u00e8re, entre autres, \u00e0 la <strong>actuel record d'Europe du 100 m\u00e8tres.<\/strong> Il a \u00e9t\u00e9 fix\u00e9 \u00e0 <strong>9,86 secondes<\/strong> par l'athl\u00e8te portugais Francis Obiorah Obiwelu aux Jeux olympiques de 2004. Jusqu'\u00e0 aujourd'hui, le record a \u00e9t\u00e9 \u00e9gal\u00e9 par le sprinter de PUMA Jimmy Vicaut, mais n'a \u00e9t\u00e9 battu par personne.<br\/>\n<br\/>En outre <strong>Carlos Lopes et Rosa Mota<\/strong> a \u00e9t\u00e9 championne olympique en <strong>Marathon<\/strong> en 1984 et 1988. Coureur de fond <strong>Fernanda Ribeiro<\/strong> a remport\u00e9 la <strong>l'or aux Jeux d'Atlanta 96<\/strong> tandis que le triple sauteur Nelson Evora est mont\u00e9 sur la plus haute marche du podium en 2008 \u00e0 P\u00e9kin.<br\/>\n<br\/>\u00a0<br\/>\n<strong class=\"textStyle_description\">Athl\u00e8tes de classe mondiale<\/strong>\n<br\/>Les athl\u00e8tes portugais de classe mondiale pourront d\u00e9sormais b\u00e9n\u00e9ficier de l'aide de PUMA <strong>grande visibilit\u00e9<\/strong> lors d'\u00e9v\u00e9nements majeurs tels que les championnats d'Europe, les championnats du monde ou les Jeux olympiques.<br\/>\n<br\/>Certains de ces athl\u00e8tes de classe mondiale sont <strong>triple sauteur Pedro Pichardo<\/strong> et <strong>Patr\u00edcia Mamona<\/strong> ou <strong>Ricardo dos Santos, sprinter sur 400 m\u00e8tres.<\/strong><br\/>\n<br\/>Le record personnel de Pedro Pichardo est de <strong>18,08m<\/strong>, qui est le <strong>4\u00e8me plus \u00e9loign\u00e9<\/strong> de l'histoire. L'ancien Cubain de 25 ans a r\u00e9ussi \u00e0 remporter deux m\u00e9dailles d'argent. <strong>m\u00e9dailles<\/strong> \u00e0 la <strong>Championnats du monde<\/strong> en 2013 et 2015 ainsi que plusieurs\u00a0<strong>R\u00e9unions de la ligue de diamant,<\/strong> comp\u00e9titions d'\u00e9lite d'athl\u00e9tisme qui se d\u00e9roulent tout au long de l'ann\u00e9e dans le monde entier.<br\/>\n<br\/><strong>Patr\u00edcia Mamona, 30 ans<\/strong> a sign\u00e9 avec PUMA il y a seulement deux semaines et est la <strong>D\u00e9tenteur du record portugais du triple saut.<\/strong> Le <strong>Finaliste olympique de Rio 2016<\/strong> et championne d'Europe en 2016 a une <strong>Meilleur r\u00e9sultat personnel massif de 14,65m.<\/strong><br\/>\n<br\/>\u00a0<br\/>\n<\/div>\n   <\/div>\n<\/div>\n<\/div>\n<!-- row image multi 1 -->\n<div class=\"row rowImages2 spacing\">\n\t<div class=\"\">\n\t\t<div class=\"row inner\">\n\t\t\t<div class=\"col\">\n\t\t\t\t<h2 class=\"spacing2\">Federa\u00e7\u00e3o Portuguesa de Atletismo (FPA)<\/h2>\n\t\t\t    <div class=\"bgimage\" style=\"aspect-ratio:1.1612903225806  ; background-image: url('https:\/\/www.puma-catchup.com\/wp-content\/uploads\/2019\/01\/M2-Portugal.jpg'); background-size: cover;background-position: 50% 0%;width:100%\"><\/div>\n\t\t\t<\/div>\n\t\t\t<div class=\"col\">\n\t\t\t\t<h2 class=\"spacing2\">Patr\u00edcia Mamona<\/h2>\n\t\t\t    <div class=\"bgimage\" style=\"aspect-ratio:0.69230769230769  ; background-image: url('https:\/\/www.puma-catchup.com\/wp-content\/uploads\/2019\/01\/M1-Portugal.jpg'); background-size: cover;background-position: 50% 0%;width:100%\"><\/div>\n\t\t\t<\/div>\n\t\t<\/div>\n\t<\/div>\n<\/div>","protected":false},"excerpt":{"rendered":"<p>PUMA \u00e9largit son \u00e9quipe de f\u00e9d\u00e9rations europ\u00e9ennes d'athl\u00e9tisme : Apr\u00e8s la Suisse et la Norv\u00e8ge, la F\u00e9d\u00e9ration portugaise d'athl\u00e9tisme est la troisi\u00e8me \u00e0 rejoindre l'\u00e9quipe PUMA !<\/p>","protected":false},"author":4,"featured_media":11181,"comment_status":"closed","ping_status":"closed","sticky":false,"template":"","format":"standard","meta":{"is_top_article":false,"is_featured_article":true,"EasyPostViewCounter":11395,"meta-headline":"","footnotes":""},"categories":[18],"class_list":["post-11173","post","type-post","status-publish","format-standard","has-post-thumbnail","hentry","category-sports"],"fullData":{"ID":11173,"post_author":"4","post_date":"2019-01-24 11:27:29","post_date_gmt":"2019-01-24 10:27:29","post_content":"<!-- wp:puma\/row-post-header {\"image\":{\"width\":1140,\"height\":640,\"file\":\"2019\/01\/H2-Portugal.jpg\",\"filesize\":208126,\"sizes\":{\"medium\":{\"file\":\"H2-Portugal-300x168.jpg\",\"width\":300,\"height\":168,\"mime-type\":\"image\/jpeg\",\"filesize\":16010},\"large\":{\"file\":\"H2-Portugal-1024x575.jpg\",\"width\":1024,\"height\":575,\"mime-type\":\"image\/jpeg\",\"filesize\":126431},\"thumbnail\":{\"file\":\"H2-Portugal-150x150.jpg\",\"width\":150,\"height\":150,\"mime-type\":\"image\/jpeg\",\"filesize\":7519},\"medium_large\":{\"file\":\"H2-Portugal-768x431.jpg\",\"width\":768,\"height\":431,\"mime-type\":\"image\/jpeg\",\"filesize\":77159},\"trp-custom-language-flag\":{\"file\":\"H2-Portugal-18x10.jpg\",\"width\":18,\"height\":10,\"mime-type\":\"image\/jpeg\",\"filesize\":469}},\"image_meta\":{\"aperture\":\"0\",\"credit\":\"\",\"camera\":\"\",\"caption\":\"\",\"created_timestamp\":\"0\",\"copyright\":\"\",\"focal_length\":\"0\",\"iso\":\"0\",\"shutter_speed\":\"0\",\"title\":\"\",\"orientation\":\"0\",\"keywords\":[]},\"id\":11181,\"alt\":\"\",\"caption\":\"\",\"description\":\"\",\"url\":\"https:\/\/www.puma-catchup.com\/wp-content\/uploads\/2019\/01\/H2-Portugal.jpg\",\"title\":\"H2-Portugal\",\"aspect_ratio\":1.78125,\"focalPointLeft\":0.5,\"focalPointTop\":0},\"headline\":\"Portugal jumps and runs in PUMA\",\"content\":\"PUMA entered a long-time collaboration with the Portuguese Athletics Federation\"} \/--><!-- wp:puma\/row-text-single {\"content\":\"\\u003cspan class=\\u0022textStyle_intro\\u0022\\u003ePUMA is expanding its team of European Athletics Federations: Joining Switzerland and Norway, the Portuguese Athletics Federation is the third to become part of the PUMA team!\\u003c\/span\\u003e\\n\",\"width\":\"Wide\",\"aspect\":\"0\",\"style\":\"2b\"} \/--><!-- wp:puma\/row-text-single {\"content\":\"\\u0026lt;br\/\\u0026gt;\\u0026lt;strong\\u0026gt;\u201cPortugal has a great heritage in Track and field with fantastic athletes winning medals in European, World and Olympic Games competitions. PUMA is glad to collaborate with the Portuguese athletics Federations and some of their best athletes\u201d, \\u0026lt;\/strong\\u0026gt;explains\u00a0Pascal Rolling, Head of Sports Marketing Running at PUMA\\u0026lt;br\/\\u0026gt;\\n\\u0026lt;br\/\\u0026gt;The \\u0026lt;strong\\u0026gt;heritage\\u0026lt;\/strong\\u0026gt; we are talking about refers, among others, to the \\u0026lt;strong\\u0026gt;current European record in the 100-meter.\\u0026lt;\/strong\\u0026gt; It was set at \\u0026lt;strong\\u0026gt;9.86 seconds\\u0026lt;\/strong\\u0026gt; by Portuguese Athlete Francis Obiorah Obiwelu at the Olympic Games in 2004. Until today, the record has been tied by PUMA sprinter Jimmy Vicaut, but not beaten by anyone.\\u0026lt;br\/\\u0026gt;\\n\\u0026lt;br\/\\u0026gt;Also \\u0026lt;strong\\u0026gt;Carlos Lopes and \u00a0Rosa Mota\\u0026lt;\/strong\\u0026gt; have been Olympic champion in the \\u0026lt;strong\\u0026gt;Marathon\\u0026lt;\/strong\\u0026gt; in 1984 and 1988. Long-distance runner \\u0026lt;strong\\u0026gt;Fernanda Ribeiro\\u0026lt;\/strong\\u0026gt; has won the \\u0026lt;strong\\u0026gt;gold in the Atlanta \u201996 Games\\u0026lt;\/strong\\u0026gt; while triple jumper\u00a0Nelson Evora stepped on the highest step of the podium in 2008 in Beijing.\\u0026lt;br\/\\u0026gt;\\n\\u0026lt;br\/\\u0026gt;\u00a0\\u0026lt;br\/\\u0026gt;\\n\\u003cstrong class=\\u0022textStyle_description\\u0022\\u003eWorld-Class Athletes\\u003c\/strong\\u003e\\n\\u0026lt;br\/\\u0026gt;Portugal\u2019s world-class athletes will now grant PUMA \\u0026lt;strong\\u0026gt;great visibility\\u0026lt;\/strong\\u0026gt; at major events like European Championships, World Championships or Olympic Games again.\\u0026lt;br\/\\u0026gt;\\n\\u0026lt;br\/\\u0026gt;Some of these world-class athletes are \\u0026lt;strong\\u0026gt;triple jumper Pedro Pichardo\\u0026lt;\/strong\\u0026gt; and \\u0026lt;strong\\u0026gt;Patr\u00edcia Mamona\\u0026lt;\/strong\\u0026gt; or \\u0026lt;strong\\u0026gt;400-meter sprinter Ricardo dos Santos.\\u0026lt;\/strong\\u0026gt;\\u0026lt;br\/\\u0026gt;\\n\\u0026lt;br\/\\u0026gt;Pedro Pichardo\u2019s personal best is \\u0026lt;strong\\u0026gt;18,08m\\u0026lt;\/strong\\u0026gt;, which is the \\u0026lt;strong\\u0026gt;4th furthest\\u0026lt;\/strong\\u0026gt; jump in history.\u00a0The 25-year-old former Cuban managed to win two silver \\u0026lt;strong\\u0026gt;medals\\u0026lt;\/strong\\u0026gt; at the \\u0026lt;strong\\u0026gt;World Championships\\u0026lt;\/strong\\u0026gt; in 2013 and 2015 as well as several\u00a0\\u0026lt;strong\\u0026gt;Diamond league meetings,\\u0026lt;\/strong\\u0026gt; elite track and field competitions that are held throughout the year around the globe.\\u0026lt;br\/\\u0026gt;\\n\\u0026lt;br\/\\u0026gt;\\u0026lt;strong\\u0026gt;30-year-old Patr\u00edcia Mamona\\u0026lt;\/strong\\u0026gt; signed with PUMA only two weeks ago and is the \\u0026lt;strong\\u0026gt;Portuguese triple jump record holder.\\u0026lt;\/strong\\u0026gt; The \\u0026lt;strong\\u0026gt;Olympic-Finalist from Rio 2016\\u0026lt;\/strong\\u0026gt; and European Champion from 2016 has a \\u0026lt;strong\\u0026gt;massive Personal Best of 14,65m.\\u0026lt;\/strong\\u0026gt;\\u0026lt;br\/\\u0026gt;\\n\\u0026lt;br\/\\u0026gt;\u00a0\\u0026lt;br\/\\u0026gt;\\n\",\"width\":\"Wide\",\"aspect\":\"0\",\"style\":\"2b\"} \/--><!-- wp:puma\/row-image-multi {\"migrateBlock\":true,\"title\":\"\",\"images\":[{\"width\":720,\"height\":620,\"file\":\"2019\/01\/M2-Portugal.jpg\",\"filesize\":34423,\"sizes\":{\"medium\":{\"file\":\"M2-Portugal-300x258.jpg\",\"width\":300,\"height\":258,\"mime-type\":\"image\/jpeg\",\"filesize\":9338},\"thumbnail\":{\"file\":\"M2-Portugal-150x150.jpg\",\"width\":150,\"height\":150,\"mime-type\":\"image\/jpeg\",\"filesize\":4234},\"trp-custom-language-flag\":{\"file\":\"M2-Portugal-14x12.jpg\",\"width\":14,\"height\":12,\"mime-type\":\"image\/jpeg\",\"filesize\":387}},\"image_meta\":{\"aperture\":\"0\",\"credit\":\"\",\"camera\":\"\",\"caption\":\"\",\"created_timestamp\":\"0\",\"copyright\":\"\",\"focal_length\":\"0\",\"iso\":\"0\",\"shutter_speed\":\"0\",\"title\":\"\",\"orientation\":\"0\",\"keywords\":[]},\"id\":11179,\"alt\":\"\",\"caption\":\"\",\"description\":\"\",\"url\":\"https:\/\/www.puma-catchup.com\/wp-content\/uploads\/2019\/01\/M2-Portugal.jpg\",\"title\":\"M2-Portugal\",\"aspect_ratio\":1.1612903225806452,\"focalPointLeft\":0.5,\"focalPointTop\":0},{\"width\":720,\"height\":1040,\"file\":\"2019\/01\/M1-Portugal.jpg\",\"filesize\":32985,\"sizes\":{\"medium\":{\"file\":\"M1-Portugal-208x300.jpg\",\"width\":208,\"height\":300,\"mime-type\":\"image\/jpeg\",\"filesize\":7449},\"large\":{\"file\":\"M1-Portugal-709x1024.jpg\",\"width\":709,\"height\":1024,\"mime-type\":\"image\/jpeg\",\"filesize\":41071},\"thumbnail\":{\"file\":\"M1-Portugal-150x150.jpg\",\"width\":150,\"height\":150,\"mime-type\":\"image\/jpeg\",\"filesize\":3881},\"trp-custom-language-flag\":{\"file\":\"M1-Portugal-8x12.jpg\",\"width\":8,\"height\":12,\"mime-type\":\"image\/jpeg\",\"filesize\":362}},\"image_meta\":{\"aperture\":\"0\",\"credit\":\"\",\"camera\":\"\",\"caption\":\"\",\"created_timestamp\":\"0\",\"copyright\":\"\",\"focal_length\":\"0\",\"iso\":\"0\",\"shutter_speed\":\"0\",\"title\":\"\",\"orientation\":\"0\",\"keywords\":[]},\"id\":11177,\"alt\":\"\",\"caption\":\"\",\"description\":\"\",\"url\":\"https:\/\/www.puma-catchup.com\/wp-content\/uploads\/2019\/01\/M1-Portugal.jpg\",\"title\":\"M1-Portugal\",\"aspect_ratio\":0.6923076923076923,\"focalPointLeft\":0.5,\"focalPointTop\":0}],\"headlines\":[\"Federa\u00e7\u00e3o Portuguesa de Atletismo (FPA)\",\"Patr\u00edcia Mamona\"],\"showCaptions\":[false,false],\"portraitMode\":[false,true],\"aspect\":\"0\",\"style\":\"2\"} \/-->","post_title":"PUMA entered a long-time collaboration with the Portuguese Athletics Federation","post_excerpt":"PUMA is expanding its team of European Athletics Federations: Joining Switzerland and Norway, the Portuguese Athletics Federation is the third to become part of the PUMA team!\n","post_status":"publish","comment_status":"closed","ping_status":"closed","post_password":"","post_name":"puma-entered-a-long-time-collaboration-with-the-portuguese-athletics-federation","to_ping":"","pinged":"","post_modified":"2025-09-19 15:00:17","post_modified_gmt":"2025-09-19 15:00:17","post_content_filtered":"","post_parent":0,"guid":"https:\/\/www.puma-catchup.com\/?p=11173","menu_order":0,"post_type":"post","post_mime_type":"","comment_count":"0","filter":"raw","ancestors":[],"page_template":"","post_category":[18],"tags_input":[],"id":11173,"author":"4","date":"2019-01-24 11:27:29","date_gmt":"2019-01-24 10:27:29","content":"<!-- wp:puma\/row-post-header {\"image\":{\"width\":1140,\"height\":640,\"file\":\"2019\/01\/H2-Portugal.jpg\",\"filesize\":208126,\"sizes\":{\"medium\":{\"file\":\"H2-Portugal-300x168.jpg\",\"width\":300,\"height\":168,\"mime-type\":\"image\/jpeg\",\"filesize\":16010},\"large\":{\"file\":\"H2-Portugal-1024x575.jpg\",\"width\":1024,\"height\":575,\"mime-type\":\"image\/jpeg\",\"filesize\":126431},\"thumbnail\":{\"file\":\"H2-Portugal-150x150.jpg\",\"width\":150,\"height\":150,\"mime-type\":\"image\/jpeg\",\"filesize\":7519},\"medium_large\":{\"file\":\"H2-Portugal-768x431.jpg\",\"width\":768,\"height\":431,\"mime-type\":\"image\/jpeg\",\"filesize\":77159},\"trp-custom-language-flag\":{\"file\":\"H2-Portugal-18x10.jpg\",\"width\":18,\"height\":10,\"mime-type\":\"image\/jpeg\",\"filesize\":469}},\"image_meta\":{\"aperture\":\"0\",\"credit\":\"\",\"camera\":\"\",\"caption\":\"\",\"created_timestamp\":\"0\",\"copyright\":\"\",\"focal_length\":\"0\",\"iso\":\"0\",\"shutter_speed\":\"0\",\"title\":\"\",\"orientation\":\"0\",\"keywords\":[]},\"id\":11181,\"alt\":\"\",\"caption\":\"\",\"description\":\"\",\"url\":\"https:\/\/www.puma-catchup.com\/wp-content\/uploads\/2019\/01\/H2-Portugal.jpg\",\"title\":\"H2-Portugal\",\"aspect_ratio\":1.78125,\"focalPointLeft\":0.5,\"focalPointTop\":0},\"headline\":\"Portugal jumps and runs in PUMA\",\"content\":\"PUMA entered a long-time collaboration with the Portuguese Athletics Federation\"} \/--><!-- wp:puma\/row-text-single {\"content\":\"\\u003cspan class=\\u0022textStyle_intro\\u0022\\u003ePUMA is expanding its team of European Athletics Federations: Joining Switzerland and Norway, the Portuguese Athletics Federation is the third to become part of the PUMA team!\\u003c\/span\\u003e\\n\",\"width\":\"Wide\",\"aspect\":\"0\",\"style\":\"2b\"} \/--><!-- wp:puma\/row-text-single {\"content\":\"\\u0026lt;br\/\\u0026gt;\\u0026lt;strong\\u0026gt;\u201cPortugal has a great heritage in Track and field with fantastic athletes winning medals in European, World and Olympic Games competitions. PUMA is glad to collaborate with the Portuguese athletics Federations and some of their best athletes\u201d, \\u0026lt;\/strong\\u0026gt;explains\u00a0Pascal Rolling, Head of Sports Marketing Running at PUMA\\u0026lt;br\/\\u0026gt;\\n\\u0026lt;br\/\\u0026gt;The \\u0026lt;strong\\u0026gt;heritage\\u0026lt;\/strong\\u0026gt; we are talking about refers, among others, to the \\u0026lt;strong\\u0026gt;current European record in the 100-meter.\\u0026lt;\/strong\\u0026gt; It was set at \\u0026lt;strong\\u0026gt;9.86 seconds\\u0026lt;\/strong\\u0026gt; by Portuguese Athlete Francis Obiorah Obiwelu at the Olympic Games in 2004. Until today, the record has been tied by PUMA sprinter Jimmy Vicaut, but not beaten by anyone.\\u0026lt;br\/\\u0026gt;\\n\\u0026lt;br\/\\u0026gt;Also \\u0026lt;strong\\u0026gt;Carlos Lopes and \u00a0Rosa Mota\\u0026lt;\/strong\\u0026gt; have been Olympic champion in the \\u0026lt;strong\\u0026gt;Marathon\\u0026lt;\/strong\\u0026gt; in 1984 and 1988. Long-distance runner \\u0026lt;strong\\u0026gt;Fernanda Ribeiro\\u0026lt;\/strong\\u0026gt; has won the \\u0026lt;strong\\u0026gt;gold in the Atlanta \u201996 Games\\u0026lt;\/strong\\u0026gt; while triple jumper\u00a0Nelson Evora stepped on the highest step of the podium in 2008 in Beijing.\\u0026lt;br\/\\u0026gt;\\n\\u0026lt;br\/\\u0026gt;\u00a0\\u0026lt;br\/\\u0026gt;\\n\\u003cstrong class=\\u0022textStyle_description\\u0022\\u003eWorld-Class Athletes\\u003c\/strong\\u003e\\n\\u0026lt;br\/\\u0026gt;Portugal\u2019s world-class athletes will now grant PUMA \\u0026lt;strong\\u0026gt;great visibility\\u0026lt;\/strong\\u0026gt; at major events like European Championships, World Championships or Olympic Games again.\\u0026lt;br\/\\u0026gt;\\n\\u0026lt;br\/\\u0026gt;Some of these world-class athletes are \\u0026lt;strong\\u0026gt;triple jumper Pedro Pichardo\\u0026lt;\/strong\\u0026gt; and \\u0026lt;strong\\u0026gt;Patr\u00edcia Mamona\\u0026lt;\/strong\\u0026gt; or \\u0026lt;strong\\u0026gt;400-meter sprinter Ricardo dos Santos.\\u0026lt;\/strong\\u0026gt;\\u0026lt;br\/\\u0026gt;\\n\\u0026lt;br\/\\u0026gt;Pedro Pichardo\u2019s personal best is \\u0026lt;strong\\u0026gt;18,08m\\u0026lt;\/strong\\u0026gt;, which is the \\u0026lt;strong\\u0026gt;4th furthest\\u0026lt;\/strong\\u0026gt; jump in history.\u00a0The 25-year-old former Cuban managed to win two silver \\u0026lt;strong\\u0026gt;medals\\u0026lt;\/strong\\u0026gt; at the \\u0026lt;strong\\u0026gt;World Championships\\u0026lt;\/strong\\u0026gt; in 2013 and 2015 as well as several\u00a0\\u0026lt;strong\\u0026gt;Diamond league meetings,\\u0026lt;\/strong\\u0026gt; elite track and field competitions that are held throughout the year around the globe.\\u0026lt;br\/\\u0026gt;\\n\\u0026lt;br\/\\u0026gt;\\u0026lt;strong\\u0026gt;30-year-old Patr\u00edcia Mamona\\u0026lt;\/strong\\u0026gt; signed with PUMA only two weeks ago and is the \\u0026lt;strong\\u0026gt;Portuguese triple jump record holder.\\u0026lt;\/strong\\u0026gt; The \\u0026lt;strong\\u0026gt;Olympic-Finalist from Rio 2016\\u0026lt;\/strong\\u0026gt; and European Champion from 2016 has a \\u0026lt;strong\\u0026gt;massive Personal Best of 14,65m.\\u0026lt;\/strong\\u0026gt;\\u0026lt;br\/\\u0026gt;\\n\\u0026lt;br\/\\u0026gt;\u00a0\\u0026lt;br\/\\u0026gt;\\n\",\"width\":\"Wide\",\"aspect\":\"0\",\"style\":\"2b\"} \/--><!-- wp:puma\/row-image-multi {\"migrateBlock\":true,\"title\":\"\",\"images\":[{\"width\":720,\"height\":620,\"file\":\"2019\/01\/M2-Portugal.jpg\",\"filesize\":34423,\"sizes\":{\"medium\":{\"file\":\"M2-Portugal-300x258.jpg\",\"width\":300,\"height\":258,\"mime-type\":\"image\/jpeg\",\"filesize\":9338},\"thumbnail\":{\"file\":\"M2-Portugal-150x150.jpg\",\"width\":150,\"height\":150,\"mime-type\":\"image\/jpeg\",\"filesize\":4234},\"trp-custom-language-flag\":{\"file\":\"M2-Portugal-14x12.jpg\",\"width\":14,\"height\":12,\"mime-type\":\"image\/jpeg\",\"filesize\":387}},\"image_meta\":{\"aperture\":\"0\",\"credit\":\"\",\"camera\":\"\",\"caption\":\"\",\"created_timestamp\":\"0\",\"copyright\":\"\",\"focal_length\":\"0\",\"iso\":\"0\",\"shutter_speed\":\"0\",\"title\":\"\",\"orientation\":\"0\",\"keywords\":[]},\"id\":11179,\"alt\":\"\",\"caption\":\"\",\"description\":\"\",\"url\":\"https:\/\/www.puma-catchup.com\/wp-content\/uploads\/2019\/01\/M2-Portugal.jpg\",\"title\":\"M2-Portugal\",\"aspect_ratio\":1.1612903225806452,\"focalPointLeft\":0.5,\"focalPointTop\":0},{\"width\":720,\"height\":1040,\"file\":\"2019\/01\/M1-Portugal.jpg\",\"filesize\":32985,\"sizes\":{\"medium\":{\"file\":\"M1-Portugal-208x300.jpg\",\"width\":208,\"height\":300,\"mime-type\":\"image\/jpeg\",\"filesize\":7449},\"large\":{\"file\":\"M1-Portugal-709x1024.jpg\",\"width\":709,\"height\":1024,\"mime-type\":\"image\/jpeg\",\"filesize\":41071},\"thumbnail\":{\"file\":\"M1-Portugal-150x150.jpg\",\"width\":150,\"height\":150,\"mime-type\":\"image\/jpeg\",\"filesize\":3881},\"trp-custom-language-flag\":{\"file\":\"M1-Portugal-8x12.jpg\",\"width\":8,\"height\":12,\"mime-type\":\"image\/jpeg\",\"filesize\":362}},\"image_meta\":{\"aperture\":\"0\",\"credit\":\"\",\"camera\":\"\",\"caption\":\"\",\"created_timestamp\":\"0\",\"copyright\":\"\",\"focal_length\":\"0\",\"iso\":\"0\",\"shutter_speed\":\"0\",\"title\":\"\",\"orientation\":\"0\",\"keywords\":[]},\"id\":11177,\"alt\":\"\",\"caption\":\"\",\"description\":\"\",\"url\":\"https:\/\/www.puma-catchup.com\/wp-content\/uploads\/2019\/01\/M1-Portugal.jpg\",\"title\":\"M1-Portugal\",\"aspect_ratio\":0.6923076923076923,\"focalPointLeft\":0.5,\"focalPointTop\":0}],\"headlines\":[\"Federa\u00e7\u00e3o Portuguesa de Atletismo (FPA)\",\"Patr\u00edcia Mamona\"],\"showCaptions\":[false,false],\"portraitMode\":[false,true],\"aspect\":\"0\",\"style\":\"2\"} \/-->","title":"PUMA a entam\u00e9 une collaboration de longue date avec la F\u00e9d\u00e9ration portugaise d'athl\u00e9tisme","excerpt":"PUMA \u00e9largit son \u00e9quipe de f\u00e9d\u00e9rations europ\u00e9ennes d'athl\u00e9tisme : Apr\u00e8s la Suisse et la Norv\u00e8ge, la F\u00e9d\u00e9ration portugaise d'athl\u00e9tisme est la troisi\u00e8me \u00e0 rejoindre l'\u00e9quipe PUMA !","status":"publish","password":"","name":"Puma a conclu un accord de collaboration \u00e0 long terme avec la F\u00e9d\u00e9ration portugaise d'athl\u00e9tisme.","modified":"2025-09-19 15:00:17","modified_gmt":"2025-09-19 15:00:17","content_filtered":"","parent":0,"type":"post","mime_type":"","template":"","category":[18],"datetime_local":"24 janvier 2019 \u00e0 10:27","date_local":"24 janvier 2019","time_local":"10:27","slug":"puma-entered-a-long-time-collaboration-with-the-portuguese-athletics-federation","url":"https:\/\/www.puma-catchup.com\/fr\/sports\/puma-entered-a-long-time-collaboration-with-the-portuguese-athletics-federation\/","featured_image":{"width":1140,"height":640,"file":"2019\/01\/H2-Portugal.jpg","filesize":208126,"sizes":{"medium":{"file":"H2-Portugal-300x168.jpg","width":300,"height":168,"mime-type":"image\/jpeg","filesize":16010},"large":{"file":"H2-Portugal-1024x575.jpg","width":1024,"height":575,"mime-type":"image\/jpeg","filesize":126431},"thumbnail":{"file":"H2-Portugal-150x150.jpg","width":150,"height":150,"mime-type":"image\/jpeg","filesize":7519},"medium_large":{"file":"H2-Portugal-768x431.jpg","width":768,"height":431,"mime-type":"image\/jpeg","filesize":77159},"trp-custom-language-flag":{"file":"H2-Portugal-18x10.jpg","width":18,"height":10,"mime-type":"image\/jpeg","filesize":469}},"image_meta":{"aperture":"0","credit":"","camera":"","caption":"","created_timestamp":"0","copyright":"","focal_length":"0","iso":"0","shutter_speed":"0","title":"","orientation":"0","keywords":[]},"id":11181,"alt":"","caption":"","description":"","url":"https:\/\/www.puma-catchup.com\/wp-content\/uploads\/2019\/01\/H2-Portugal.jpg","title":"H2-Portugal","aspect_ratio":1.78125,"focalPointLeft":0.5,"focalPointTop":0},"headline":"PUMA entered a long-time collaboration with the Portuguese Athletics Federation","categories":[{"term_id":18,"name":"Sports","slug":"sports","term_group":0,"term_taxonomy_id":18,"taxonomy":"category","description":"","parent":0,"count":860,"filter":"raw","url":"https:\/\/www.puma-catchup.com\/fr\/category\/sports\/"}],"theCategory":{"term_id":18,"name":"Sports","slug":"sports","term_group":0,"term_taxonomy_id":18,"taxonomy":"category","description":"","parent":0,"count":860,"filter":"raw","url":"https:\/\/www.puma-catchup.com\/fr\/category\/sports\/"},"isFeaturedArticle":true,"isTopArticle":false},"_links":{"self":[{"href":"https:\/\/www.puma-catchup.com\/fr\/wp-json\/wp\/v2\/posts\/11173","targetHints":{"allow":["GET"]}}],"collection":[{"href":"https:\/\/www.puma-catchup.com\/fr\/wp-json\/wp\/v2\/posts"}],"about":[{"href":"https:\/\/www.puma-catchup.com\/fr\/wp-json\/wp\/v2\/types\/post"}],"author":[{"embeddable":true,"href":"https:\/\/www.puma-catchup.com\/fr\/wp-json\/wp\/v2\/users\/4"}],"replies":[{"embeddable":true,"href":"https:\/\/www.puma-catchup.com\/fr\/wp-json\/wp\/v2\/comments?post=11173"}],"version-history":[{"count":0,"href":"https:\/\/www.puma-catchup.com\/fr\/wp-json\/wp\/v2\/posts\/11173\/revisions"}],"wp:featuredmedia":[{"embeddable":true,"href":"https:\/\/www.puma-catchup.com\/fr\/wp-json\/wp\/v2\/media\/11181"}],"wp:attachment":[{"href":"https:\/\/www.puma-catchup.com\/fr\/wp-json\/wp\/v2\/media?parent=11173"}],"wp:term":[{"taxonomy":"category","embeddable":true,"href":"https:\/\/www.puma-catchup.com\/fr\/wp-json\/wp\/v2\/categories?post=11173"}],"curies":[{"name":"wp","href":"https:\/\/api.w.org\/{rel}","templated":true}]}}