{"id":5131,"date":"2017-02-14T14:44:48","date_gmt":"2017-02-14T13:44:48","guid":{"rendered":"http:\/\/www.puma-catchup.com\/?p=5131"},"modified":"2025-09-19T15:06:00","modified_gmt":"2025-09-19T15:06:00","slug":"puma-signs-julian-weigl","status":"publish","type":"post","link":"https:\/\/www.puma-catchup.com\/es\/sports\/puma-signs-julian-weigl\/","title":{"rendered":"PUMA ficha a Julian Weigl"},"content":{"rendered":"<!-- post header -->\n<div class=\"row rowSingleColumn\">\n    <div class=\"col breadcrumb\">\n        <a href=\"\/es\/\">Inicio<\/a>\/\n        <a href=\"\/es\/category\/sports\/\">Deportes<\/a>\/ PUMA ficha a Julian Weigl\n    <\/div>\n<\/div>\n<div class=\"row rowPostHeaderImage headerImageAnim\">\n    <div class=\"scrollAnim\" \n        id=\"postHeaderImage\"\n         style=\"width:100%;position:relative;overflow:hidden;        aspect-ratio:2        ;\" >\n    <img decoding=\"async\" alt=\"\"\n        class=\"\"\n        src=\"https:\/\/www.puma-catchup.com\/wp-content\/uploads\/2017\/02\/Julian-Weigl_H3.jpg\" style=\"transition: 0.35s all;height:100%;width:100%;        object-position: 50% 0%; object-fit: cover;\"\/>\n        <\/div>\n    \n<\/div>\n<div class=\"row rowSingleColumnWide rowPostHeader\">\n    <div id=\"postHeaderText\" class=\"col tcenter\" >\n        <div class=\"cat\"><a class=\"secondary\" href=\"https:\/\/www.puma-catchup.com\/es\/category\/sports\/\">Deportes<\/a><\/div>\n        <div id=\"headerSocialIcons\" class=\"headerSocialIcons tleft\">\n            <a class=\"facebook\" href=\"https:\/\/www.facebook.com\/sharer\/sharer.php?u=https%3A%2F%2Fwww.puma-catchup.com%2Fes%2Fsports%2Fpuma-signs-julian-weigl%2F\" target=\"blank\"><\/a>\n            <a class=\"linkedin\" href=\"https:\/\/www.linkedin.com\/sharing\/share-offsite\/?url=https%3A%2F%2Fwww.puma-catchup.com%2Fes%2Fsports%2Fpuma-signs-julian-weigl%2F\" target=\"blank\"><\/a>\n            <a class=\"x\" href=\"https:\/\/twitter.com\/share?url=https:\/\/www.puma-catchup.com\/es\/sports\/puma-signs-julian-weigl\/&#038;text=\" target=\"blank\"><\/a>\n            <a class=\"pinterest\" href=\"http:\/\/pinterest.com\/pin\/create\/button\/?url=https%3A%2F%2Fwww.puma-catchup.com%2Fes%2Fsports%2Fpuma-signs-julian-weigl%2F\" target=\"blank\"><\/a>\n        <\/div>\n        <h1 class=\"\" >Otro nuevo talento en el barrio.<\/h1>\n        <div class=\"articleintro\" >El centrocampista alem\u00e1n Julian Weigl ficha por PUMA<\/div>\n        <div class=\"date\">14 de febrero de 2017 <\/div>\n\n        <div id=\"\" class=\"headerSocialIconsMobile tcenter mobile\">\n            <a class=\"sharing\" id=\"mobileshare\" onclick='navigator.share({ \"title\": &quot;PUMA signs Julian Weigl&quot;, \"text\": &quot;PUMA is proud to present the latest addition to its all-star team: Borussia Dortmund midfield star Julian Weigl.\\n\\u00a0\\nThe 21 year-old Bavarian is one of the most promising talents German football has seen in the past years and \\u201chis carefree and cool playing style as well as his pleasant off-field demeanour make him the perfect brand ambassador for us\\u201d, says Matthias B\\u00e4umer, General Manager PUMA DACH.\\nTogether with his teammates Marco Reus, Roman Weidenfeller and Marc Bartra, Julian will strengthen PUMA\\u2019s Teamsport division and will act as brand ambassador for the new PUMA evoPOWER Vigor football boot.\\nJulian is no stranger to PUMA and this new partnership came quite natural to the youngster as he states: \\u201cI have got to know PUMA very well through their work with Borussia Dortmund. I really like their products as well as their marketing campaigns, and I look forward to the exciting campaigns that are in store for me in the next few months.\\u201d Both PUMA and the rising star are eager to continue this success story together.\\n\\u00a0\\n\\u00a0\\n&quot;, \"url\": \"https:\/\/www.puma-catchup.com\/es\/sports\/puma-signs-julian-weigl\/\" })'  target=\"blank\"><\/a>\n            <a class=\"facebook\" href=\"https:\/\/www.facebook.com\/sharer\/sharer.php?u=https:\/\/www.puma-catchup.com\/es\/sports\/puma-signs-julian-weigl\/\" target=\"blank\"><\/a>\n            <a class=\"linkedin\" href=\"https:\/\/www.linkedin.com\/sharing\/share-offsite\/?url=https:\/\/www.puma-catchup.com\/es\/sports\/puma-signs-julian-weigl\/\" target=\"blank\"><\/a>\n            <a class=\"x\" href=\"https:\/\/twitter.com\/share?url=https%3A%2F%2Fwww.puma-catchup.com%2Fes%2Fsports%2Fpuma-signs-julian-weigl%2F&#038;text=\" target=\"blank\"><\/a>\n            <a class=\"pinterest\" href=\"http:\/\/pinterest.com\/pin\/create\/button\/?url=https%3A%2F%2Fwww.puma-catchup.com%2Fes%2Fsports%2Fpuma-signs-julian-weigl%2F\" target=\"blank\"><\/a>\n        <\/div>\n    <\/div>\n<\/div>\n<!-- row text single -->\n<div class=\"gradientnone\">\n<div class=\"row rowSingleColumnWide spacing\">\n    <div class=\"col articleText\">\n        <div class=\"textStyle_2b\" ><span class=\"textStyle_intro\">PUMA se enorgullece de presentar la \u00faltima incorporaci\u00f3n a su equipo de estrellas: Julian Weigl, mediocampista estrella del Borussia Dortmund.<\/span>\n<br\/>\u00a0<br\/>\n<br\/>En <strong>Este joven b\u00e1varo de 21 a\u00f1os es uno de los talentos m\u00e1s prometedores.<\/strong> El f\u00fatbol alem\u00e1n ha visto en los \u00faltimos a\u00f1os y <strong>\u201cSu estilo de juego desenfadado y tranquilo, as\u00ed como su agradable comportamiento fuera del campo, lo convierten en el embajador perfecto de nuestra marca\u201d.\u201d<\/strong>, dice <strong>Matthias B\u00e4umer, director general de PUMA DACH<\/strong>.<br\/>\n<br\/>Junto con sus compa\u00f1eros de equipo Marco Reus, Roman Weidenfeller y Marc Bartra, Julian reforzar\u00e1 la divisi\u00f3n Teamsport de PUMA y actuar\u00e1 como embajador de la marca para la nueva <strong>Bota de f\u00fatbol PUMA evoPOWER Vigor<\/strong>.<br\/>\n<br\/>Julian no es ajeno a PUMA y esta nueva colaboraci\u00f3n le ha resultado muy natural al joven, tal y como \u00e9l mismo afirma: <strong>\u201cHe llegado a conocer muy bien a PUMA gracias a su trabajo con el Borussia Dortmund. Me gustan mucho sus productos y sus campa\u00f1as de marketing, y estoy deseando ver las emocionantes campa\u00f1as que me esperan en los pr\u00f3ximos meses\u201d.\u201d<\/strong> Tanto PUMA como la estrella emergente est\u00e1n deseando continuar juntos esta historia de \u00e9xito.<br\/>\n<br\/><em>\u00a0<\/em><br\/>\n<br\/>\u00a0<br\/>\n<\/div>\n   <\/div>\n<\/div>\n<\/div>\n<!-- row text single -->\n<div class=\"gradientnone\">\n<div class=\"row rowSingleColumnWide spacing\">\n    <div class=\"col articleText\">\n        <div class=\"textStyle_quote\" ><p>Es un gran honor formar parte de la gran familia PUMA, que tambi\u00e9n incluye a leyendas como Lothar Matth\u00e4us, Pel\u00e9 y Maradona. <\/p>\n<br\/><br\/>Julian Weigl<\/div>\n   <\/div>\n<\/div>\n<\/div>\n<!-- row text single -->\n<div class=\"gradientnone\">\n<div class=\"row rowSingleColumnWide spacing\">\n    <div class=\"col articleText\">\n        <div class=\"textStyle_2b\" ><br\/>Julian Weigl pas\u00f3 la mayor parte de su juventud jugando en el TSV 1860 M\u00fcnchen y sus actuaciones nunca han pasado desapercibidas desde entonces. Hasta el d\u00eda de hoy, <strong>Weigl sigue siendo el capit\u00e1n m\u00e1s joven en la historia del 1860 M\u00fanich.,<\/strong> ya que fue nombrado capit\u00e1n con tan solo 18 a\u00f1os. El Borussia Dortmund, siempre en busca de j\u00f3venes talentos ambiciosos, reconoci\u00f3 su potencial y lo fich\u00f3 en julio de 2015. <strong>Weigl tambi\u00e9n form\u00f3 parte de la selecci\u00f3n alemana en la Eurocopa 2016 celebrada en Francia.<\/strong><br\/>\n<br\/>\u00a0<br\/>\n<\/div>\n   <\/div>\n<\/div>\n<\/div>\n<!-- row image multi 1 -->\n<div class=\"row rowImages2 spacing\">\n\t<div class=\"\">\n\t\t<div class=\"row inner\">\n\t\t\t<div class=\"col\">\n\t\t\t\t<h2 class=\"spacing2\">Julian Weigl<\/h2>\n\t\t\t    <div class=\"bgimage\" style=\"aspect-ratio:0.69230769230769  ; background-image: url('https:\/\/www.puma-catchup.com\/wp-content\/uploads\/2017\/02\/Julian-Weigl_M1.jpg'); background-size: cover;background-position: 50% 0%;width:100%\"><\/div>\n\t\t\t\t\t<div class=\"descr\">\n\t\t\t\t\t\tJulian form\u00f3 parte de la selecci\u00f3n alemana en la Eurocopa 2016 celebrada en Francia.\n\t\t\t\t\t<\/div>\n\t\t\t<\/div>\n\t\t\t<div class=\"col\">\n\t\t\t\t<h2 class=\"spacing2\">Matthias B\u00e4umer<\/h2>\n\t\t\t    <div class=\"bgimage\" style=\"aspect-ratio:0.69230769230769  ; background-image: url('https:\/\/www.puma-catchup.com\/wp-content\/uploads\/2017\/02\/Julian-Weigl_M2.jpg'); background-size: cover;background-position: 50% 0%;width:100%\"><\/div>\n\t\t\t\t\t<div class=\"descr\">\n\t\t\t\t\t\tMatthias es director general de PUMA Dach.\n\t\t\t\t\t<\/div>\n\t\t\t<\/div>\n\t\t<\/div>\n\t<\/div>\n<\/div>","protected":false},"excerpt":{"rendered":"<p>PUMA se enorgullece de presentar la \u00faltima incorporaci\u00f3n a su equipo de estrellas: Julian Weigl, mediocampista estrella del Borussia Dortmund.<br \/>\n\u00a0<br \/>\nEl b\u00e1varo de 21 a\u00f1os es uno de los talentos m\u00e1s prometedores que ha visto el f\u00fatbol alem\u00e1n en los \u00faltimos a\u00f1os y \u201csu estilo de juego despreocupado y fresco, as\u00ed como su agradable comportamiento fuera del campo, lo convierten en el embajador de marca perfecto para nosotros\u201d, afirma Matthias B\u00e4umer, Director General de PUMA DACH.<br \/>\nJunto con sus compa\u00f1eros de equipo Marco Reus, Roman Weidenfeller y Marc Bartra, Julian reforzar\u00e1 la divisi\u00f3n Teamsport de PUMA y actuar\u00e1 como embajador de marca de la nueva bota de f\u00fatbol PUMA evoPOWER Vigor.<br \/>\nJulian no es un desconocido para PUMA y esta nueva asociaci\u00f3n le ha resultado muy natural, como \u00e9l mismo afirma: \u201cConozco muy bien PUMA por su trabajo con el Borussia Dortmund. Me gustan mucho sus productos, as\u00ed como sus campa\u00f1as de marketing, y espero con impaciencia las emocionantes campa\u00f1as que me esperan en los pr\u00f3ximos meses.\u201d Tanto PUMA como la estrella emergente est\u00e1n ansiosos por continuar juntos esta historia de \u00e9xitos.<br \/>\n\u00a0<br \/>\n\u00a0<\/p>","protected":false},"author":12,"featured_media":5154,"comment_status":"closed","ping_status":"closed","sticky":false,"template":"","format":"standard","meta":{"is_top_article":false,"is_featured_article":true,"EasyPostViewCounter":8424,"meta-headline":"","footnotes":""},"categories":[18],"class_list":["post-5131","post","type-post","status-publish","format-standard","has-post-thumbnail","hentry","category-sports"],"fullData":{"ID":5131,"post_author":"12","post_date":"2017-02-14 14:44:48","post_date_gmt":"2017-02-14 13:44:48","post_content":"<!-- wp:puma\/row-post-header {\"image\":{\"width\":1140,\"height\":640,\"file\":\"2017\/02\/Julian-Weigl_H3.jpg\",\"filesize\":72354,\"sizes\":{\"medium\":{\"file\":\"Julian-Weigl_H3-300x168.jpg\",\"width\":300,\"height\":168,\"mime-type\":\"image\/jpeg\",\"filesize\":7503},\"large\":{\"file\":\"Julian-Weigl_H3-1024x575.jpg\",\"width\":1024,\"height\":575,\"mime-type\":\"image\/jpeg\",\"filesize\":54158},\"thumbnail\":{\"file\":\"Julian-Weigl_H3-150x150.jpg\",\"width\":150,\"height\":150,\"mime-type\":\"image\/jpeg\",\"filesize\":5308},\"medium_large\":{\"file\":\"Julian-Weigl_H3-768x431.jpg\",\"width\":768,\"height\":431,\"mime-type\":\"image\/jpeg\",\"filesize\":33346},\"trp-custom-language-flag\":{\"file\":\"Julian-Weigl_H3-18x10.jpg\",\"width\":18,\"height\":10,\"mime-type\":\"image\/jpeg\",\"filesize\":427}},\"image_meta\":{\"aperture\":\"0\",\"credit\":\"\",\"camera\":\"\",\"caption\":\"\",\"created_timestamp\":\"0\",\"copyright\":\"\",\"focal_length\":\"0\",\"iso\":\"0\",\"shutter_speed\":\"0\",\"title\":\"\",\"orientation\":\"0\",\"keywords\":[]},\"id\":5154,\"alt\":\"\",\"caption\":\"\",\"description\":\"\",\"url\":\"https:\/\/www.puma-catchup.com\/wp-content\/uploads\/2017\/02\/Julian-Weigl_H3.jpg\",\"title\":\"Julian-Weigl_H3\",\"aspect_ratio\":1.78125,\"focalPointLeft\":0.5,\"focalPointTop\":0},\"headline\":\"Another new talent on the block\",\"content\":\"German midfielder Julian Weigl signs with PUMA\"} \/--><!-- wp:puma\/row-text-single {\"content\":\"\\u003cspan class=\\u0022textStyle_intro\\u0022\\u003ePUMA is proud to present the latest addition to its all-star team: Borussia Dortmund midfield star Julian Weigl.\\u003c\/span\\u003e\\n\\u0026lt;br\/\\u0026gt;\u00a0\\u0026lt;br\/\\u0026gt;\\n\\u0026lt;br\/\\u0026gt;The \\u0026lt;strong\\u0026gt;21 year-old Bavarian is one of the most promising talents\\u0026lt;\/strong\\u0026gt; German football has seen in the past years and \\u0026lt;strong\\u0026gt;\u201chis carefree and cool playing style as well as his pleasant off-field demeanour make him the perfect brand ambassador for us\u201d\\u0026lt;\/strong\\u0026gt;, says \\u0026lt;strong\\u0026gt;Matthias B\u00e4umer, General Manager PUMA DACH\\u0026lt;\/strong\\u0026gt;.\\u0026lt;br\/\\u0026gt;\\n\\u0026lt;br\/\\u0026gt;Together with his teammates Marco Reus, Roman Weidenfeller and Marc Bartra, Julian will strengthen PUMA\u2019s Teamsport division and will act as brand ambassador for the new \\u0026lt;strong\\u0026gt;PUMA evoPOWER Vigor football boot\\u0026lt;\/strong\\u0026gt;.\\u0026lt;br\/\\u0026gt;\\n\\u0026lt;br\/\\u0026gt;Julian is no stranger to PUMA and this new partnership came quite natural to the youngster as he states: \\u0026lt;strong\\u0026gt;\u201cI have got to know PUMA very well through their work with Borussia Dortmund. I really like their products as well as their marketing campaigns, and I look forward to the exciting campaigns that are in store for me in the next few months.\u201d\\u0026lt;\/strong\\u0026gt; Both PUMA and the rising star are eager to continue this success story together.\\u0026lt;br\/\\u0026gt;\\n\\u0026lt;br\/\\u0026gt;\\u0026lt;em\\u0026gt;\u00a0\\u0026lt;\/em\\u0026gt;\\u0026lt;br\/\\u0026gt;\\n\\u0026lt;br\/\\u0026gt;\u00a0\\u0026lt;br\/\\u0026gt;\\n\",\"width\":\"Wide\",\"aspect\":\"0\",\"style\":\"2b\"} \/--><!-- wp:puma\/row-text-single {\"content\":\"\\u003cp\\u003eIt is a great honour to be part of the extensive PUMA family, which also includes legends like Lothar Matth\u00e4us, Pel\u00e9 and Maradona. \\u003c\/p\\u003e\\n\\u003cbr\/\\u003e\\u003cbr\/\\u003eJulian Weigl\",\"width\":\"Wide\",\"style\":\"quote\"} \/--><!-- wp:puma\/row-text-single {\"content\":\"\\u0026lt;br\/\\u0026gt;Julian Weigl spent most of his youth playing for TSV 1860 M\u00fcnchen and his performances have never gone unnoticed ever since. To this day, \\u0026lt;strong\\u0026gt;Weigl remains the youngest captain in the history of 1860 Munich,\\u0026lt;\/strong\\u0026gt; as he was appointed with the honour of the captain\u2019s armband at the age of 18. Borussia Dortmund, always in search of young and ambitious talents, recognised his potential and signed him in July 2015. \\u0026lt;strong\\u0026gt;Weigl was also part of the German National Team at the EURO 2016 in France.\\u0026lt;\/strong\\u0026gt;\\u0026lt;br\/\\u0026gt;\\n\\u0026lt;br\/\\u0026gt;\u00a0\\u0026lt;br\/\\u0026gt;\\n\",\"width\":\"Wide\",\"aspect\":\"0\",\"style\":\"2b\"} \/--><!-- wp:puma\/row-image-multi {\"migrateBlock\":true,\"title\":\"\",\"images\":[{\"width\":720,\"height\":1040,\"file\":\"2017\/02\/Julian-Weigl_M1.jpg\",\"filesize\":101703,\"sizes\":{\"medium\":{\"file\":\"Julian-Weigl_M1-208x300.jpg\",\"width\":208,\"height\":300,\"mime-type\":\"image\/jpeg\",\"filesize\":13176},\"large\":{\"file\":\"Julian-Weigl_M1-709x1024.jpg\",\"width\":709,\"height\":1024,\"mime-type\":\"image\/jpeg\",\"filesize\":107158},\"thumbnail\":{\"file\":\"Julian-Weigl_M1-150x150.jpg\",\"width\":150,\"height\":150,\"mime-type\":\"image\/jpeg\",\"filesize\":6051},\"trp-custom-language-flag\":{\"file\":\"Julian-Weigl_M1-8x12.jpg\",\"width\":8,\"height\":12,\"mime-type\":\"image\/jpeg\",\"filesize\":363}},\"image_meta\":{\"aperture\":\"0\",\"credit\":\"\",\"camera\":\"\",\"caption\":\"\",\"created_timestamp\":\"0\",\"copyright\":\"\",\"focal_length\":\"0\",\"iso\":\"0\",\"shutter_speed\":\"0\",\"title\":\"\",\"orientation\":\"0\",\"keywords\":[]},\"id\":5146,\"alt\":\"\",\"caption\":\"Julian was part of the German National Team at the EURO 2016 in France.\",\"description\":\"\",\"url\":\"https:\/\/www.puma-catchup.com\/wp-content\/uploads\/2017\/02\/Julian-Weigl_M1.jpg\",\"title\":\"Julian-Weigl_M1\",\"aspect_ratio\":0.6923076923076923,\"focalPointLeft\":0.5,\"focalPointTop\":0},{\"width\":720,\"height\":1040,\"file\":\"2017\/02\/Julian-Weigl_M2.jpg\",\"filesize\":31895,\"sizes\":{\"medium\":{\"file\":\"Julian-Weigl_M2-208x300.jpg\",\"width\":208,\"height\":300,\"mime-type\":\"image\/jpeg\",\"filesize\":6326},\"large\":{\"file\":\"Julian-Weigl_M2-709x1024.jpg\",\"width\":709,\"height\":1024,\"mime-type\":\"image\/jpeg\",\"filesize\":41487},\"thumbnail\":{\"file\":\"Julian-Weigl_M2-150x150.jpg\",\"width\":150,\"height\":150,\"mime-type\":\"image\/jpeg\",\"filesize\":3527},\"trp-custom-language-flag\":{\"file\":\"Julian-Weigl_M2-8x12.jpg\",\"width\":8,\"height\":12,\"mime-type\":\"image\/jpeg\",\"filesize\":328}},\"image_meta\":{\"aperture\":\"0\",\"credit\":\"\",\"camera\":\"\",\"caption\":\"\",\"created_timestamp\":\"0\",\"copyright\":\"\",\"focal_length\":\"0\",\"iso\":\"0\",\"shutter_speed\":\"0\",\"title\":\"\",\"orientation\":\"0\",\"keywords\":[]},\"id\":5150,\"alt\":\"\",\"caption\":\"Matthias is General Manager PUMA Dach\",\"description\":\"\",\"url\":\"https:\/\/www.puma-catchup.com\/wp-content\/uploads\/2017\/02\/Julian-Weigl_M2.jpg\",\"title\":\"Julian-Weigl_M2\",\"aspect_ratio\":0.6923076923076923,\"focalPointLeft\":0.5,\"focalPointTop\":0}],\"headlines\":[\"Julian Weigl\",\"Matthias B\u00e4umer\"],\"showCaptions\":[true,true],\"portraitMode\":[true,true],\"aspect\":\"0\",\"style\":\"2\"} \/-->","post_title":"PUMA signs Julian Weigl","post_excerpt":"PUMA is proud to present the latest addition to its all-star team: Borussia Dortmund midfield star Julian Weigl.\n\u00a0\nThe 21 year-old Bavarian is one of the most promising talents German football has seen in the past years and \u201chis carefree and cool playing style as well as his pleasant off-field demeanour make him the perfect brand ambassador for us\u201d, says Matthias B\u00e4umer, General Manager PUMA DACH.\nTogether with his teammates Marco Reus, Roman Weidenfeller and Marc Bartra, Julian will strengthen PUMA\u2019s Teamsport division and will act as brand ambassador for the new PUMA evoPOWER Vigor football boot.\nJulian is no stranger to PUMA and this new partnership came quite natural to the youngster as he states: \u201cI have got to know PUMA very well through their work with Borussia Dortmund. I really like their products as well as their marketing campaigns, and I look forward to the exciting campaigns that are in store for me in the next few months.\u201d Both PUMA and the rising star are eager to continue this success story together.\n\u00a0\n\u00a0\n","post_status":"publish","comment_status":"closed","ping_status":"closed","post_password":"","post_name":"puma-signs-julian-weigl","to_ping":"","pinged":"","post_modified":"2025-09-19 15:06:00","post_modified_gmt":"2025-09-19 15:06:00","post_content_filtered":"","post_parent":0,"guid":"http:\/\/www.puma-catchup.com\/?p=5131","menu_order":0,"post_type":"post","post_mime_type":"","comment_count":"0","filter":"raw","ancestors":[],"page_template":"","post_category":[18],"tags_input":[],"id":5131,"author":"12","date":"2017-02-14 14:44:48","date_gmt":"2017-02-14 13:44:48","content":"<!-- wp:puma\/row-post-header {\"image\":{\"width\":1140,\"height\":640,\"file\":\"2017\/02\/Julian-Weigl_H3.jpg\",\"filesize\":72354,\"sizes\":{\"medium\":{\"file\":\"Julian-Weigl_H3-300x168.jpg\",\"width\":300,\"height\":168,\"mime-type\":\"image\/jpeg\",\"filesize\":7503},\"large\":{\"file\":\"Julian-Weigl_H3-1024x575.jpg\",\"width\":1024,\"height\":575,\"mime-type\":\"image\/jpeg\",\"filesize\":54158},\"thumbnail\":{\"file\":\"Julian-Weigl_H3-150x150.jpg\",\"width\":150,\"height\":150,\"mime-type\":\"image\/jpeg\",\"filesize\":5308},\"medium_large\":{\"file\":\"Julian-Weigl_H3-768x431.jpg\",\"width\":768,\"height\":431,\"mime-type\":\"image\/jpeg\",\"filesize\":33346},\"trp-custom-language-flag\":{\"file\":\"Julian-Weigl_H3-18x10.jpg\",\"width\":18,\"height\":10,\"mime-type\":\"image\/jpeg\",\"filesize\":427}},\"image_meta\":{\"aperture\":\"0\",\"credit\":\"\",\"camera\":\"\",\"caption\":\"\",\"created_timestamp\":\"0\",\"copyright\":\"\",\"focal_length\":\"0\",\"iso\":\"0\",\"shutter_speed\":\"0\",\"title\":\"\",\"orientation\":\"0\",\"keywords\":[]},\"id\":5154,\"alt\":\"\",\"caption\":\"\",\"description\":\"\",\"url\":\"https:\/\/www.puma-catchup.com\/wp-content\/uploads\/2017\/02\/Julian-Weigl_H3.jpg\",\"title\":\"Julian-Weigl_H3\",\"aspect_ratio\":1.78125,\"focalPointLeft\":0.5,\"focalPointTop\":0},\"headline\":\"Another new talent on the block\",\"content\":\"German midfielder Julian Weigl signs with PUMA\"} \/--><!-- wp:puma\/row-text-single {\"content\":\"\\u003cspan class=\\u0022textStyle_intro\\u0022\\u003ePUMA is proud to present the latest addition to its all-star team: Borussia Dortmund midfield star Julian Weigl.\\u003c\/span\\u003e\\n\\u0026lt;br\/\\u0026gt;\u00a0\\u0026lt;br\/\\u0026gt;\\n\\u0026lt;br\/\\u0026gt;The \\u0026lt;strong\\u0026gt;21 year-old Bavarian is one of the most promising talents\\u0026lt;\/strong\\u0026gt; German football has seen in the past years and \\u0026lt;strong\\u0026gt;\u201chis carefree and cool playing style as well as his pleasant off-field demeanour make him the perfect brand ambassador for us\u201d\\u0026lt;\/strong\\u0026gt;, says \\u0026lt;strong\\u0026gt;Matthias B\u00e4umer, General Manager PUMA DACH\\u0026lt;\/strong\\u0026gt;.\\u0026lt;br\/\\u0026gt;\\n\\u0026lt;br\/\\u0026gt;Together with his teammates Marco Reus, Roman Weidenfeller and Marc Bartra, Julian will strengthen PUMA\u2019s Teamsport division and will act as brand ambassador for the new \\u0026lt;strong\\u0026gt;PUMA evoPOWER Vigor football boot\\u0026lt;\/strong\\u0026gt;.\\u0026lt;br\/\\u0026gt;\\n\\u0026lt;br\/\\u0026gt;Julian is no stranger to PUMA and this new partnership came quite natural to the youngster as he states: \\u0026lt;strong\\u0026gt;\u201cI have got to know PUMA very well through their work with Borussia Dortmund. I really like their products as well as their marketing campaigns, and I look forward to the exciting campaigns that are in store for me in the next few months.\u201d\\u0026lt;\/strong\\u0026gt; Both PUMA and the rising star are eager to continue this success story together.\\u0026lt;br\/\\u0026gt;\\n\\u0026lt;br\/\\u0026gt;\\u0026lt;em\\u0026gt;\u00a0\\u0026lt;\/em\\u0026gt;\\u0026lt;br\/\\u0026gt;\\n\\u0026lt;br\/\\u0026gt;\u00a0\\u0026lt;br\/\\u0026gt;\\n\",\"width\":\"Wide\",\"aspect\":\"0\",\"style\":\"2b\"} \/--><!-- wp:puma\/row-text-single {\"content\":\"\\u003cp\\u003eIt is a great honour to be part of the extensive PUMA family, which also includes legends like Lothar Matth\u00e4us, Pel\u00e9 and Maradona. \\u003c\/p\\u003e\\n\\u003cbr\/\\u003e\\u003cbr\/\\u003eJulian Weigl\",\"width\":\"Wide\",\"style\":\"quote\"} \/--><!-- wp:puma\/row-text-single {\"content\":\"\\u0026lt;br\/\\u0026gt;Julian Weigl spent most of his youth playing for TSV 1860 M\u00fcnchen and his performances have never gone unnoticed ever since. To this day, \\u0026lt;strong\\u0026gt;Weigl remains the youngest captain in the history of 1860 Munich,\\u0026lt;\/strong\\u0026gt; as he was appointed with the honour of the captain\u2019s armband at the age of 18. Borussia Dortmund, always in search of young and ambitious talents, recognised his potential and signed him in July 2015. \\u0026lt;strong\\u0026gt;Weigl was also part of the German National Team at the EURO 2016 in France.\\u0026lt;\/strong\\u0026gt;\\u0026lt;br\/\\u0026gt;\\n\\u0026lt;br\/\\u0026gt;\u00a0\\u0026lt;br\/\\u0026gt;\\n\",\"width\":\"Wide\",\"aspect\":\"0\",\"style\":\"2b\"} \/--><!-- wp:puma\/row-image-multi {\"migrateBlock\":true,\"title\":\"\",\"images\":[{\"width\":720,\"height\":1040,\"file\":\"2017\/02\/Julian-Weigl_M1.jpg\",\"filesize\":101703,\"sizes\":{\"medium\":{\"file\":\"Julian-Weigl_M1-208x300.jpg\",\"width\":208,\"height\":300,\"mime-type\":\"image\/jpeg\",\"filesize\":13176},\"large\":{\"file\":\"Julian-Weigl_M1-709x1024.jpg\",\"width\":709,\"height\":1024,\"mime-type\":\"image\/jpeg\",\"filesize\":107158},\"thumbnail\":{\"file\":\"Julian-Weigl_M1-150x150.jpg\",\"width\":150,\"height\":150,\"mime-type\":\"image\/jpeg\",\"filesize\":6051},\"trp-custom-language-flag\":{\"file\":\"Julian-Weigl_M1-8x12.jpg\",\"width\":8,\"height\":12,\"mime-type\":\"image\/jpeg\",\"filesize\":363}},\"image_meta\":{\"aperture\":\"0\",\"credit\":\"\",\"camera\":\"\",\"caption\":\"\",\"created_timestamp\":\"0\",\"copyright\":\"\",\"focal_length\":\"0\",\"iso\":\"0\",\"shutter_speed\":\"0\",\"title\":\"\",\"orientation\":\"0\",\"keywords\":[]},\"id\":5146,\"alt\":\"\",\"caption\":\"Julian was part of the German National Team at the EURO 2016 in France.\",\"description\":\"\",\"url\":\"https:\/\/www.puma-catchup.com\/wp-content\/uploads\/2017\/02\/Julian-Weigl_M1.jpg\",\"title\":\"Julian-Weigl_M1\",\"aspect_ratio\":0.6923076923076923,\"focalPointLeft\":0.5,\"focalPointTop\":0},{\"width\":720,\"height\":1040,\"file\":\"2017\/02\/Julian-Weigl_M2.jpg\",\"filesize\":31895,\"sizes\":{\"medium\":{\"file\":\"Julian-Weigl_M2-208x300.jpg\",\"width\":208,\"height\":300,\"mime-type\":\"image\/jpeg\",\"filesize\":6326},\"large\":{\"file\":\"Julian-Weigl_M2-709x1024.jpg\",\"width\":709,\"height\":1024,\"mime-type\":\"image\/jpeg\",\"filesize\":41487},\"thumbnail\":{\"file\":\"Julian-Weigl_M2-150x150.jpg\",\"width\":150,\"height\":150,\"mime-type\":\"image\/jpeg\",\"filesize\":3527},\"trp-custom-language-flag\":{\"file\":\"Julian-Weigl_M2-8x12.jpg\",\"width\":8,\"height\":12,\"mime-type\":\"image\/jpeg\",\"filesize\":328}},\"image_meta\":{\"aperture\":\"0\",\"credit\":\"\",\"camera\":\"\",\"caption\":\"\",\"created_timestamp\":\"0\",\"copyright\":\"\",\"focal_length\":\"0\",\"iso\":\"0\",\"shutter_speed\":\"0\",\"title\":\"\",\"orientation\":\"0\",\"keywords\":[]},\"id\":5150,\"alt\":\"\",\"caption\":\"Matthias is General Manager PUMA Dach\",\"description\":\"\",\"url\":\"https:\/\/www.puma-catchup.com\/wp-content\/uploads\/2017\/02\/Julian-Weigl_M2.jpg\",\"title\":\"Julian-Weigl_M2\",\"aspect_ratio\":0.6923076923076923,\"focalPointLeft\":0.5,\"focalPointTop\":0}],\"headlines\":[\"Julian Weigl\",\"Matthias B\u00e4umer\"],\"showCaptions\":[true,true],\"portraitMode\":[true,true],\"aspect\":\"0\",\"style\":\"2\"} \/-->","title":"PUMA ficha a Julian Weigl","excerpt":"PUMA se enorgullece de presentar la \u00faltima incorporaci\u00f3n a su equipo de estrellas: Julian Weigl, centrocampista del Borussia Dortmund.\n \nEl b\u00e1varo de 21 a\u00f1os es uno de los talentos m\u00e1s prometedores que ha visto el f\u00fatbol alem\u00e1n en los \u00faltimos a\u00f1os y \u201csu estilo de juego despreocupado y fresco, as\u00ed como su agradable comportamiento fuera del campo, lo convierten en el embajador de marca perfecto para nosotros\u201d, afirma Matthias B\u00e4umer, Director General de PUMA DACH.\nJunto con sus compa\u00f1eros de equipo Marco Reus, Roman Weidenfeller y Marc Bartra, Julian reforzar\u00e1 la divisi\u00f3n Teamsport de PUMA y actuar\u00e1 como embajador de marca de la nueva bota de f\u00fatbol PUMA evoPOWER Vigor.\nJulian no es un desconocido para PUMA y esta nueva asociaci\u00f3n le ha salido de forma natural, como \u00e9l mismo afirma: \u201cConozco muy bien PUMA por su trabajo con el Borussia Dortmund. Me gustan mucho sus productos, as\u00ed como sus campa\u00f1as de marketing, y estoy deseando ver las emocionantes campa\u00f1as que me esperan en los pr\u00f3ximos meses\u201d. Tanto PUMA como la estrella emergente est\u00e1n ansiosos por continuar juntos esta historia de \u00e9xitos.\n\u00a0\n\u00a0","status":"publish","password":"","name":"puma-signos-julian-weigl","modified":"2025-09-19 15:06:00","modified_gmt":"2025-09-19 15:06:00","content_filtered":"","parent":0,"type":"post","mime_type":"","template":"","category":[18],"datetime_local":"14 de febrero de 2017, 13:44","date_local":"14 de febrero de 2017","time_local":"13:44","slug":"puma-signs-julian-weigl","url":"https:\/\/www.puma-catchup.com\/es\/sports\/puma-signs-julian-weigl\/","featured_image":{"width":1140,"height":640,"file":"2017\/02\/Julian-Weigl_H3.jpg","filesize":72354,"sizes":{"medium":{"file":"Julian-Weigl_H3-300x168.jpg","width":300,"height":168,"mime-type":"image\/jpeg","filesize":7503},"large":{"file":"Julian-Weigl_H3-1024x575.jpg","width":1024,"height":575,"mime-type":"image\/jpeg","filesize":54158},"thumbnail":{"file":"Julian-Weigl_H3-150x150.jpg","width":150,"height":150,"mime-type":"image\/jpeg","filesize":5308},"medium_large":{"file":"Julian-Weigl_H3-768x431.jpg","width":768,"height":431,"mime-type":"image\/jpeg","filesize":33346},"trp-custom-language-flag":{"file":"Julian-Weigl_H3-18x10.jpg","width":18,"height":10,"mime-type":"image\/jpeg","filesize":427}},"image_meta":{"aperture":"0","credit":"","camera":"","caption":"","created_timestamp":"0","copyright":"","focal_length":"0","iso":"0","shutter_speed":"0","title":"","orientation":"0","keywords":[]},"id":5154,"alt":"","caption":"","description":"","url":"https:\/\/www.puma-catchup.com\/wp-content\/uploads\/2017\/02\/Julian-Weigl_H3.jpg","title":"Julian-Weigl_H3","aspect_ratio":1.78125,"focalPointLeft":0.5,"focalPointTop":0},"headline":"PUMA signs Julian Weigl","categories":[{"term_id":18,"name":"Deportes","slug":"sports","term_group":0,"term_taxonomy_id":18,"taxonomy":"category","description":"","parent":0,"count":859,"filter":"raw","url":"https:\/\/www.puma-catchup.com\/es\/category\/sports\/"}],"theCategory":{"term_id":18,"name":"Deportes","slug":"sports","term_group":0,"term_taxonomy_id":18,"taxonomy":"category","description":"","parent":0,"count":859,"filter":"raw","url":"https:\/\/www.puma-catchup.com\/es\/category\/sports\/"},"isFeaturedArticle":true,"isTopArticle":false},"_links":{"self":[{"href":"https:\/\/www.puma-catchup.com\/es\/wp-json\/wp\/v2\/posts\/5131","targetHints":{"allow":["GET"]}}],"collection":[{"href":"https:\/\/www.puma-catchup.com\/es\/wp-json\/wp\/v2\/posts"}],"about":[{"href":"https:\/\/www.puma-catchup.com\/es\/wp-json\/wp\/v2\/types\/post"}],"author":[{"embeddable":true,"href":"https:\/\/www.puma-catchup.com\/es\/wp-json\/wp\/v2\/users\/12"}],"replies":[{"embeddable":true,"href":"https:\/\/www.puma-catchup.com\/es\/wp-json\/wp\/v2\/comments?post=5131"}],"version-history":[{"count":0,"href":"https:\/\/www.puma-catchup.com\/es\/wp-json\/wp\/v2\/posts\/5131\/revisions"}],"wp:featuredmedia":[{"embeddable":true,"href":"https:\/\/www.puma-catchup.com\/es\/wp-json\/wp\/v2\/media\/5154"}],"wp:attachment":[{"href":"https:\/\/www.puma-catchup.com\/es\/wp-json\/wp\/v2\/media?parent=5131"}],"wp:term":[{"taxonomy":"category","embeddable":true,"href":"https:\/\/www.puma-catchup.com\/es\/wp-json\/wp\/v2\/categories?post=5131"}],"curies":[{"name":"wp","href":"https:\/\/api.w.org\/{rel}","templated":true}]}}