{"id":19440,"date":"2020-07-03T13:06:59","date_gmt":"2020-07-03T11:06:59","guid":{"rendered":"https:\/\/www.puma-catchup.com\/?p=19440"},"modified":"2025-09-19T14:54:55","modified_gmt":"2025-09-19T14:54:55","slug":"pumas-partner-mercedes-amg-petronas-formula-1-team-unveils-black-race-gear-as-part-of-statement-against-racism-and-all-forms-of-discrimination","status":"publish","type":"post","link":"https:\/\/www.puma-catchup.com\/es\/sports\/pumas-partner-mercedes-amg-petronas-formula-1-team-unveils-black-race-gear-as-part-of-statement-against-racism-and-all-forms-of-discrimination\/","title":{"rendered":"EL EQUIPO DE F\u00d3RMULA 1 MERCEDES-AMG PETRONAS, COLABORADOR DE PUMA, PRESENTA UNA EQUIPACI\u00d3N NEGRA COMO PARTE DE UNA DECLARACI\u00d3N CONTRA EL RACISMO Y TODAS LAS FORMAS DE DISCRIMINACI\u00d3N"},"content":{"rendered":"<!-- post header -->\n<div class=\"row rowSingleColumn\">\n    <div class=\"col breadcrumb\">\n        <a href=\"\/es\/\">Inicio<\/a>\/\n        <a href=\"\/es\/category\/sports\/\">Deportes<\/a>\/\n        EL EQUIPO DE F\u00d3RMULA 1 MERCEDES-AMG PETRONAS, COLABORADOR DE PUMA, PRESENTA UNA EQUIPACI\u00d3N NEGRA COMO PARTE DE SU DECLARACI\u00d3N CONTRA EL RACISMO Y TODAS LAS FORMAS DE DISCRIMINACI\u00d3N\n    <\/div>\n<\/div>\n<div class=\"row rowPostHeaderImage headerImageAnim\">\n    <div class=\"scrollAnim\" \n        id=\"postHeaderImage\"\n         style=\"width:100%;position:relative;overflow:hidden;        aspect-ratio:2        ;\" >\n    <img decoding=\"async\" alt=\"\"\n        class=\"\"\n        src=\"https:\/\/www.puma-catchup.com\/wp-content\/uploads\/2020\/07\/black-suit.jpg\" style=\"transition: 0.35s all;height:100%;width:100%;        object-position: 50% 0%; object-fit: cover;\"\/>\n        <\/div>\n    \n<\/div>\n<div class=\"row rowSingleColumnWide rowPostHeader\">\n    <div id=\"postHeaderText\" class=\"col tcenter\" >\n        <div class=\"cat\"><a class=\"secondary\" href=\"https:\/\/www.puma-catchup.com\/es\/category\/sports\/\">Deportes<\/a><\/div>\n        <div id=\"headerSocialIcons\" class=\"headerSocialIcons tleft\">\n            <a class=\"facebook\" href=\"https:\/\/www.facebook.com\/sharer\/sharer.php?u=https%3A%2F%2Fwww.puma-catchup.com%2Fes%2Fsports%2Fpumas-partner-mercedes-amg-petronas-formula-1-team-unveils-black-race-gear-as-part-of-statement-against-racism-and-all-forms-of-discrimination%2F\" target=\"blank\"><\/a>\n            <a class=\"linkedin\" href=\"https:\/\/www.linkedin.com\/sharing\/share-offsite\/?url=https%3A%2F%2Fwww.puma-catchup.com%2Fes%2Fsports%2Fpumas-partner-mercedes-amg-petronas-formula-1-team-unveils-black-race-gear-as-part-of-statement-against-racism-and-all-forms-of-discrimination%2F\" target=\"blank\"><\/a>\n            <a class=\"x\" href=\"https:\/\/twitter.com\/share?url=https:\/\/www.puma-catchup.com\/es\/sports\/pumas-partner-mercedes-amg-petronas-formula-1-team-unveils-black-race-gear-as-part-of-statement-against-racism-and-all-forms-of-discrimination\/&#038;text=\" target=\"blank\"><\/a>\n            <a class=\"pinterest\" href=\"http:\/\/pinterest.com\/pin\/create\/button\/?url=https%3A%2F%2Fwww.puma-catchup.com%2Fes%2Fsports%2Fpumas-partner-mercedes-amg-petronas-formula-1-team-unveils-black-race-gear-as-part-of-statement-against-racism-and-all-forms-of-discrimination%2F\" target=\"blank\"><\/a>\n        <\/div>\n        <h1 class=\"\" >ROPA DE RAZA NEGRA PARA LA UNIDAD<\/h1>\n        <div class=\"articleintro\" >EL SOCIO DE PUMA EN LA F\u00d3RMULA 1 PRESENTA UNA EQUIPACI\u00d3N NEGRA CONTRA EL RACISMO Y LA DISCRIMINACI\u00d3N<\/div>\n        <div class=\"date\">3 de julio de 2020 <\/div>\n\n        <div id=\"\" class=\"headerSocialIconsMobile tcenter mobile\">\n            <a class=\"sharing\" id=\"mobileshare\" onclick='navigator.share({ \"title\": &quot;PUMA\\u2019S PARTNER MERCEDES-AMG PETRONAS FORMULA 1 TEAM UNVEILS BLACK RACE GEAR AS PART OF STATEMENT AGAINST RACISM AND ALL FORMS OF DISCRIMINATION&quot;, \"text\": &quot;We proudly support the statement of our partner, the Mercedes-AMG Petronas F1 Team against racism by choosing to drive the entire 2020 F1 season in PUMA black race-gear and join forces to fight racism and discrimination in all forms.\\u00a0\\nPUMA is always eager for the opportunity to support any of our partners and ambassadors in their pursuit of Universal Equality. The black race gear includes the race suit, underwear, balaclava and gloves. The latter shows #REFORM on the right hand which is PUMA\\u00b4s statement against racism and criminal justice. The race shoe Speedcat Pro of our ambassador Lewis is turned into black with purple logo form stripes while Valtteri Bottas\\u00b4 black race boots are coming with white logo form stripes. The change of color to black is demonstrating our partner\\u2019s commitment to the principles and practice of diversity and inclusion. The Formula 1 season will kick-off this weekend again with the Austrian GP in Spielberg.\\n&quot;, \"url\": \"https:\/\/www.puma-catchup.com\/es\/sports\/pumas-partner-mercedes-amg-petronas-formula-1-team-unveils-black-race-gear-as-part-of-statement-against-racism-and-all-forms-of-discrimination\/\" })'  target=\"blank\"><\/a>\n            <a class=\"facebook\" href=\"https:\/\/www.facebook.com\/sharer\/sharer.php?u=https:\/\/www.puma-catchup.com\/es\/sports\/pumas-partner-mercedes-amg-petronas-formula-1-team-unveils-black-race-gear-as-part-of-statement-against-racism-and-all-forms-of-discrimination\/\" target=\"blank\"><\/a>\n            <a class=\"linkedin\" href=\"https:\/\/www.linkedin.com\/sharing\/share-offsite\/?url=https:\/\/www.puma-catchup.com\/es\/sports\/pumas-partner-mercedes-amg-petronas-formula-1-team-unveils-black-race-gear-as-part-of-statement-against-racism-and-all-forms-of-discrimination\/\" target=\"blank\"><\/a>\n            <a class=\"x\" href=\"https:\/\/twitter.com\/share?url=https%3A%2F%2Fwww.puma-catchup.com%2Fes%2Fsports%2Fpumas-partner-mercedes-amg-petronas-formula-1-team-unveils-black-race-gear-as-part-of-statement-against-racism-and-all-forms-of-discrimination%2F&#038;text=\" target=\"blank\"><\/a>\n            <a class=\"pinterest\" href=\"http:\/\/pinterest.com\/pin\/create\/button\/?url=https%3A%2F%2Fwww.puma-catchup.com%2Fes%2Fsports%2Fpumas-partner-mercedes-amg-petronas-formula-1-team-unveils-black-race-gear-as-part-of-statement-against-racism-and-all-forms-of-discrimination%2F\" target=\"blank\"><\/a>\n        <\/div>\n    <\/div>\n<\/div>\n<!-- row text single -->\n<div class=\"gradientnone\">\n<div class=\"row rowSingleColumnWide spacing\">\n    <div class=\"col articleText\">\n        <div class=\"textStyle_2b\" ><span class=\"textStyle_intro\">Apoyamos con orgullo la declaraci\u00f3n contra el racismo de nuestro socio, el equipo Mercedes-AMG Petronas F1 Team, al elegir pilotar toda la temporada de F1 2020 con la equipaci\u00f3n de competici\u00f3n negra de PUMA y unir fuerzas para luchar contra el racismo y la discriminaci\u00f3n en todas sus formas.\u00a0<\/span>\n<br\/>PUMA siempre est\u00e1 deseando tener la oportunidad de apoyar a cualquiera de sus socios y embajadores en sus proyectos. <strong>b\u00fasqueda de la Igualdad Universal<\/strong>. La equipaci\u00f3n negra incluye el mono, la ropa interior, el pasamonta\u00f1as y los guantes. Estos \u00faltimos muestran <strong>#REFORM<\/strong> a la derecha, que es la declaraci\u00f3n de PUMA contra el racismo y la justicia penal. La zapatilla de carrera Speedcat Pro de nuestro embajador Lewis se ha vuelto negra con rayas moradas en forma de logotipo, mientras que las botas de carrera negras de Valtteri Bottas vienen con rayas blancas en forma de logotipo. El cambio de color a negro est\u00e1 demostrando el compromiso de nuestro socio con los principios y la pr\u00e1ctica del <strong>diversidad e inclusi\u00f3n<\/strong>. La temporada de F\u00f3rmula 1 arrancar\u00e1 de nuevo este fin de semana con el GP de Austria en Spielberg.<br\/>\n<\/div>\n   <\/div>\n<\/div>\n<\/div>\n<!-- row text single -->\n<div class=\"gradientnone\">\n<div class=\"row rowSingleColumnWide spacing\">\n    <div class=\"col articleText\">\n        <div class=\"textStyle_quote\" ><p>Es muy importante que aprovechemos este momento y lo utilicemos para educarnos a nosotros mismos, ya seamos particulares, marcas o empresas, con el fin de realizar cambios reales y significativos a la hora de garantizar la igualdad y la inclusi\u00f3n. He sufrido personalmente el racismo en mi vida y he visto a mi familia y amigos sufrirlo, y hablo desde el coraz\u00f3n cuando hago un llamamiento al cambio.<\/p>\n<br\/><br\/>Lewis Hamilton <\/div>\n   <\/div>\n<\/div>\n<\/div>\n<!-- row text single -->\n<div class=\"gradientnone\">\n<div class=\"row rowSingleColumnWide spacing\">\n    <div class=\"col articleText\">\n        <div class=\"textStyle_2b\" ><blockquote class=\"twitter-tweet\">\n<br\/>https:\/\/t.co\/8GE4K3UwRK<br\/>\n<br\/>- Lewis Hamilton (@LewisHamilton) 29 de junio de 2020<br\/><\/blockquote>\n<br\/><br\/>\n<\/div>\n   <\/div>\n<\/div>\n<\/div>\n<!-- row text single -->\n<div class=\"gradientnone\">\n<div class=\"row rowSingleColumnWide spacing\">\n    <div class=\"col articleText\">\n        <div class=\"textStyle_2b\" ><br\/>Lanzamos nuestra plataforma #REFORM en 2018, con el \u00fanico objetivo de convertir las intenciones en acciones en la lucha por la igualdad, el respeto y la equidad. Esto nos ha permitido <strong>trabajar con atletas incre\u00edbles<\/strong> como Lewis Hamilton en la lucha contra el racismo en sus propias culturas deportivas. Hasta la fecha, hemos centrado nuestros esfuerzos en Europa en la lucha contra el racismo en el deporte, con especial atenci\u00f3n al f\u00fatbol. En Estados Unidos, nos hemos centrado en la desigualdad racial a trav\u00e9s de la reforma del sistema de justicia penal. A escala mundial, hemos apoyado a organizaciones que luchan por <strong>contra los prejuicios sexistas y la discriminaci\u00f3n LGBTQ<\/strong>.<br\/>\n<\/div>\n   <\/div>\n<\/div>\n<\/div>\n<!-- row text single -->\n<div class=\"gradientnone\">\n<div class=\"row rowSingleColumnWide spacing\">\n    <div class=\"col articleText\">\n        <div class=\"textStyle_2b\" ><br\/>A lo largo de su historia de m\u00e1s de 70 a\u00f1os, PUMA ha cre\u00eddo firmemente en la igualdad y en el poder del deporte para <strong>unir a las personas e impulsar la cultura<\/strong> de forma positiva. No abandonaremos nuestras campa\u00f1as #REFORM hasta que se hayan abolido el racismo y la discriminaci\u00f3n.<br\/>\n<\/div>\n   <\/div>\n<\/div>\n<\/div>\n<!-- row headline -->\n<div class=\"row headlineBlock rowSingleColumnWide\">\n    <div class=\"col\" style=\"margin-bottom: 2px;\">\n        <h2 >nueva decoraci\u00f3n para el coche de 2020<\/h2>\n    <\/div>\n<\/div>\n\t<div class=\"row rowSingleColumnWide spacing\">\n\t<div class=\"col\">\n\t\t\t<img decoding=\"async\" src=\"https:\/\/img.youtube.com\/vi\/7BfFU5qbQrQ\/hqdefault.jpg\" class=\"printonly\" style=\"width:100%;aspect-ratio: 16\/9;\"\/>\n\t\t\t<div class=\"printonly\">https:\/\/www.youtube.com\/7BfFU5qbQrQ<\/div>\n\t\t\t<iframe class=\"hideinprint\" style=\"width:100%;aspect-ratio: 16\/9;\" src=\"https:\/\/www.youtube.com\/embed\/7BfFU5qbQrQ\" title=\"Reproductor de v\u00eddeo YouTube\" frameborder=\"0\" allow=\"accelerometer; autoplay; clipboard-write; encrypted-media; gyroscope; picture-in-picture; web-share\" referrerpolicy=\"strict-origin-when-cross-origin\" allowfullscreen><\/iframe>\n\t<\/div>\n<\/div>\n<!-- row text single -->\n<div class=\"gradientnone\">\n<div class=\"row rowSingleColumnWide spacing\">\n    <div class=\"col articleText\">\n        <div class=\"textStyle_default\" ><p>En apoyo a los movimientos #WeRaceAsOne y #blacklivesmatter, el equipo conducir\u00e1 con un dise\u00f1o negro que se mantendr\u00e1 durante toda la temporada.<\/p>\n<\/div>\n   <\/div>\n<\/div>\n<\/div>\n<!-- row image single -->\n<div class=\"row rowSingleColumnNarrow spacing\">\n\t<div class=\"col\">\n\t<div class=\"0 scrollAnim\" \n\t    \n\t     style=\"Narrow;position:relative;overflow:hidden;\t;\" >\n\t<img decoding=\"async\" alt=\"\"\n\t    class=\"\"\n\t    src=\"https:\/\/www.puma-catchup.com\/wp-content\/uploads\/2020\/06\/ReformWtPumaSidebar2_BK.jpg\" style=\"transition: 0.35s all;height:100%;width:100%;\t    object-position: 50% 0%; object-fit: cover;\"\/>\n\t    <\/div>\n\t\n\t\t<div class=\"descr\">La iniciativa #REFORM se cre\u00f3 en octubre de 2018 para conmemorar el 50 aniversario del gesto silencioso del atleta de atletismo de PUMA Tommie Smith. Naci\u00f3 del deseo de unirse para adoptar una postura a favor de la igualdad universal.<\/div>\n\t<\/div>\n<\/div>\n\n<div class=\"row articleMulti2 spacing\">\n<\/div>","protected":false},"excerpt":{"rendered":"<p>Apoyamos con orgullo la declaraci\u00f3n contra el racismo de nuestro socio, el equipo Mercedes-AMG Petronas F1 Team, al elegir pilotar toda la temporada de F1 2020 con la equipaci\u00f3n de competici\u00f3n negra de PUMA y unir fuerzas para luchar contra el racismo y la discriminaci\u00f3n en todas sus formas.\u00a0<br \/>\nPUMA siempre est\u00e1 dispuesta a apoyar a cualquiera de nuestros socios y embajadores en su lucha por la igualdad universal. El equipo de carrera negro incluye el mono, la ropa interior, el pasamonta\u00f1as y los guantes. Estos \u00faltimos llevan el lema \u00ab#REFORM\u00bb en la mano derecha, que es la declaraci\u00f3n de PUMA contra el racismo y la justicia penal. Las zapatillas de carrera Speedcat Pro de nuestro embajador Lewis se han convertido en negras con rayas moradas con el logotipo, mientras que las botas de carrera negras de Valtteri Bottas vienen con rayas blancas con el logotipo. El cambio de color a negro demuestra el compromiso de nuestro socio con los principios y la pr\u00e1ctica de la diversidad y la inclusi\u00f3n. La temporada de F\u00f3rmula 1 comenzar\u00e1 de nuevo este fin de semana con el Gran Premio de Austria en Spielberg.<\/p>","protected":false},"author":4,"featured_media":19441,"comment_status":"closed","ping_status":"closed","sticky":false,"template":"","format":"standard","meta":{"is_top_article":true,"is_featured_article":true,"EasyPostViewCounter":1756,"meta-headline":"","footnotes":""},"categories":[18],"class_list":["post-19440","post","type-post","status-publish","format-standard","has-post-thumbnail","hentry","category-sports"],"fullData":{"ID":19440,"post_author":"4","post_date":"2020-07-03 13:06:59","post_date_gmt":"2020-07-03 11:06:59","post_content":"<!-- wp:puma\/row-post-header {\"image\":{\"width\":1140,\"height\":640,\"file\":\"2020\/07\/black-suit.jpg\",\"filesize\":59300,\"sizes\":{\"medium\":{\"file\":\"black-suit-300x168.jpg\",\"width\":300,\"height\":168,\"mime-type\":\"image\/jpeg\",\"filesize\":7923},\"large\":{\"file\":\"black-suit-1024x575.jpg\",\"width\":1024,\"height\":575,\"mime-type\":\"image\/jpeg\",\"filesize\":60998},\"thumbnail\":{\"file\":\"black-suit-150x150.jpg\",\"width\":150,\"height\":150,\"mime-type\":\"image\/jpeg\",\"filesize\":4637},\"medium_large\":{\"file\":\"black-suit-768x431.jpg\",\"width\":768,\"height\":431,\"mime-type\":\"image\/jpeg\",\"filesize\":38220},\"trp-custom-language-flag\":{\"file\":\"black-suit-18x10.jpg\",\"width\":18,\"height\":10,\"mime-type\":\"image\/jpeg\",\"filesize\":388}},\"image_meta\":{\"aperture\":\"0\",\"credit\":\"\",\"camera\":\"\",\"caption\":\"\",\"created_timestamp\":\"0\",\"copyright\":\"\",\"focal_length\":\"0\",\"iso\":\"0\",\"shutter_speed\":\"0\",\"title\":\"\",\"orientation\":\"0\",\"keywords\":[]},\"id\":19441,\"alt\":\"\",\"caption\":\"\",\"description\":\"\",\"url\":\"https:\/\/www.puma-catchup.com\/wp-content\/uploads\/2020\/07\/black-suit.jpg\",\"title\":\"black-suit\",\"aspect_ratio\":1.78125,\"focalPointLeft\":0.5,\"focalPointTop\":0},\"headline\":\"BLACK RACE-GEAR FOR UNITY\",\"content\":\"PUMA\u2019S FORMULA 1 PARTNER UNVEILS BLACK RACE-GEAR AS STATEMENT AGAINST RACISM AND DISCRIMINATION\"} \/--><!-- wp:puma\/row-text-single {\"content\":\"\\u003cspan class=\\u0022textStyle_intro\\u0022\\u003eWe proudly support the statement of our partner, the Mercedes-AMG Petronas F1 Team against racism by choosing to drive the entire 2020 F1 season in PUMA black race-gear and join forces to fight racism and discrimination in all forms.\u00a0\\u003c\/span\\u003e\\n\\u0026lt;br\/\\u0026gt;PUMA is always eager for the opportunity to support any of our partners and ambassadors in their \\u0026lt;strong\\u0026gt;pursuit of Universal Equality\\u0026lt;\/strong\\u0026gt;. The black race gear includes the race suit, underwear, balaclava and gloves. The latter shows \\u0026lt;strong\\u0026gt;#REFORM\\u0026lt;\/strong\\u0026gt; on the right hand which is PUMA\u00b4s statement against racism and criminal justice. The race shoe Speedcat Pro of our ambassador Lewis is turned into black with purple logo form stripes while Valtteri Bottas\u00b4 black race boots are coming with white logo form stripes. The change of color to black is demonstrating our partner\u2019s commitment to the principles and practice of \\u0026lt;strong\\u0026gt;diversity and inclusion\\u0026lt;\/strong\\u0026gt;. The Formula 1 season will kick-off this weekend again with the Austrian GP in Spielberg.\\u0026lt;br\/\\u0026gt;\\n\",\"width\":\"Wide\",\"aspect\":\"0\",\"style\":\"2b\"} \/--><!-- wp:puma\/row-text-single {\"content\":\"\\u003cp\\u003eIt\u2019s so important that we seize this moment and use it to educate ourselves, whether you are an individual, brand or company to make real meaningful changes when it comes to ensuring equality and inclusivity. I have personally experienced racism in my life and seen my family and friends experience racism, and I am speaking from the heart when I appeal for change.\\u003c\/p\\u003e\\n\\u003cbr\/\\u003e\\u003cbr\/\\u003eLewis Hamilton \",\"width\":\"Wide\",\"style\":\"quote\"} \/--><!-- wp:puma\/row-text-single {\"content\":\"\\u003cblockquote class=\\u0022twitter-tweet\\u0022\\u003e\\n\\u0026lt;br\/\\u0026gt;?? https:\/\/t.co\/8GE4K3UwRK\\u0026lt;br\/\\u0026gt;\\n\\u0026lt;br\/\\u0026gt;\u2014 Lewis Hamilton (@LewisHamilton) June 29, 2020\\u0026lt;br\/\\u0026gt;\\u003c\/blockquote\\u003e\\n\\u0026lt;br\/\\u0026gt;\\u0026lt;br\/\\u0026gt;\\n\",\"width\":\"Wide\",\"aspect\":\"0\",\"style\":\"2b\"} \/--><!-- wp:puma\/row-text-single {\"content\":\"\\u0026lt;br\/\\u0026gt;We launched our #REFORM platform in 2018, with the single goal of turning intentions into actions in the fight for equality, respect, and fairness. This has allowed us to \\u0026lt;strong\\u0026gt;work with amazing athletes\\u0026lt;\/strong\\u0026gt; such as Lewis Hamilton in fighting racism in their own sporting cultures. To date, we have focused our efforts in Europe on fighting racism in sports, with a particular concentration on Football. In the US, we have focused on racial inequity through reform of the criminal justice system. On a global basis, we have supported organizations campaigning \\u0026lt;strong\\u0026gt;against gender bias and LGBTQ discrimination\\u0026lt;\/strong\\u0026gt;.\\u0026lt;br\/\\u0026gt;\\n\",\"width\":\"Wide\",\"aspect\":\"0\",\"style\":\"2b\"} \/--><!-- wp:puma\/row-text-single {\"content\":\"\\u0026lt;br\/\\u0026gt;Throughout the history of more than 70 years, PUMA has strongly believed in equality and in the power of sport to \\u0026lt;strong\\u0026gt;unite people and push culture forward\\u0026lt;\/strong\\u0026gt; in a positive way. We\u00a0will not give up our #REFORM campaigns until racism and discrimination has been abolished.\\u0026lt;br\/\\u0026gt;\\n\",\"width\":\"Wide\",\"aspect\":\"0\",\"style\":\"2b\"} \/--><!-- wp:puma\/row-headline {\"h1\":\"brand new livery for 2020 car revealed\"} \/--><!-- wp:puma\/row-video {\"id\":\"7BfFU5qbQrQ\",\"title\":\"brand new livery for 2020 car revealed\",\"style\":\"Wide\"} \/--><!-- wp:puma\/row-text-single {\"width\":\"Wide\",\"content\":\"\\u003cp\\u003eIn support of the #WeRaceAsOne and #blacklivesmatter movements, the team will drive with a black design that will be kept for the entire season.\\u003c\/p\\u003e\\n\"} \/--><!-- wp:puma\/row-image-single {\"migrateBlock\":true,\"title\":\"\",\"images\":[{\"width\":720,\"height\":720,\"file\":\"2020\/06\/ReformWtPumaSidebar2_BK.jpg\",\"filesize\":22763,\"sizes\":{\"medium\":{\"file\":\"ReformWtPumaSidebar2_BK-300x300.jpg\",\"width\":300,\"height\":300,\"mime-type\":\"image\/jpeg\",\"filesize\":7097},\"thumbnail\":{\"file\":\"ReformWtPumaSidebar2_BK-150x150.jpg\",\"width\":150,\"height\":150,\"mime-type\":\"image\/jpeg\",\"filesize\":2828},\"trp-custom-language-flag\":{\"file\":\"ReformWtPumaSidebar2_BK-12x12.jpg\",\"width\":12,\"height\":12,\"mime-type\":\"image\/jpeg\",\"filesize\":351}},\"image_meta\":{\"aperture\":\"0\",\"credit\":\"\",\"camera\":\"\",\"caption\":\"\",\"created_timestamp\":\"0\",\"copyright\":\"\",\"focal_length\":\"0\",\"iso\":\"0\",\"shutter_speed\":\"0\",\"title\":\"\",\"orientation\":\"0\",\"keywords\":[]},\"id\":19337,\"alt\":\"\",\"caption\":\"The #REFORM initiative was established in October 2018 to commemorate the 50th anniversary of PUMA track-and-field athlete Tommie Smith\u2019s silent gesture. It was born of a desire to come together to take a stand for universal equality.\",\"description\":\"\",\"url\":\"https:\/\/www.puma-catchup.com\/wp-content\/uploads\/2020\/06\/ReformWtPumaSidebar2_BK.jpg\",\"title\":\"ReformWtPumaSidebar2_BK\",\"aspect_ratio\":1,\"focalPointLeft\":0.5,\"focalPointTop\":0}],\"headlines\":[\"PUMA #REFORM PROGRAM\"],\"showCaptions\":[false],\"portraitMode\":[false],\"image\":{\"width\":720,\"height\":720,\"file\":\"2020\/06\/ReformWtPumaSidebar2_BK.jpg\",\"filesize\":22763,\"sizes\":{\"medium\":{\"file\":\"ReformWtPumaSidebar2_BK-300x300.jpg\",\"width\":300,\"height\":300,\"mime-type\":\"image\/jpeg\",\"filesize\":7097},\"thumbnail\":{\"file\":\"ReformWtPumaSidebar2_BK-150x150.jpg\",\"width\":150,\"height\":150,\"mime-type\":\"image\/jpeg\",\"filesize\":2828},\"trp-custom-language-flag\":{\"file\":\"ReformWtPumaSidebar2_BK-12x12.jpg\",\"width\":12,\"height\":12,\"mime-type\":\"image\/jpeg\",\"filesize\":351}},\"image_meta\":{\"aperture\":\"0\",\"credit\":\"\",\"camera\":\"\",\"caption\":\"\",\"created_timestamp\":\"0\",\"copyright\":\"\",\"focal_length\":\"0\",\"iso\":\"0\",\"shutter_speed\":\"0\",\"title\":\"\",\"orientation\":\"0\",\"keywords\":[]},\"id\":19337,\"alt\":\"\",\"caption\":\"The #REFORM initiative was established in October 2018 to commemorate the 50th anniversary of PUMA track-and-field athlete Tommie Smith\u2019s silent gesture. It was born of a desire to come together to take a stand for universal equality.\",\"description\":\"\",\"url\":\"https:\/\/www.puma-catchup.com\/wp-content\/uploads\/2020\/06\/ReformWtPumaSidebar2_BK.jpg\",\"title\":\"ReformWtPumaSidebar2_BK\",\"aspect_ratio\":1,\"focalPointLeft\":0.5,\"focalPointTop\":0},\"style\":\"Narrow\"} \/--><!-- wp:puma\/row-article-multi {\"migrateBlock\":true,\"title\":\"\",\"mode\":\"manual\",\"numArticles\":2,\"manualArticles\":[{\"id\":19345},{\"id\":19305}],\"aspect\":\"1\"} \/-->","post_title":"PUMA\u2019S PARTNER MERCEDES-AMG PETRONAS FORMULA 1 TEAM UNVEILS BLACK RACE GEAR AS PART OF STATEMENT AGAINST RACISM AND ALL FORMS OF DISCRIMINATION","post_excerpt":"We proudly support the statement of our partner, the Mercedes-AMG Petronas F1 Team against racism by choosing to drive the entire 2020 F1 season in PUMA black race-gear and join forces to fight racism and discrimination in all forms.\u00a0\nPUMA is always eager for the opportunity to support any of our partners and ambassadors in their pursuit of Universal Equality. The black race gear includes the race suit, underwear, balaclava and gloves. The latter shows #REFORM on the right hand which is PUMA\u00b4s statement against racism and criminal justice. The race shoe Speedcat Pro of our ambassador Lewis is turned into black with purple logo form stripes while Valtteri Bottas\u00b4 black race boots are coming with white logo form stripes. The change of color to black is demonstrating our partner\u2019s commitment to the principles and practice of diversity and inclusion. The Formula 1 season will kick-off this weekend again with the Austrian GP in Spielberg.\n","post_status":"publish","comment_status":"closed","ping_status":"closed","post_password":"","post_name":"pumas-partner-mercedes-amg-petronas-formula-1-team-unveils-black-race-gear-as-part-of-statement-against-racism-and-all-forms-of-discrimination","to_ping":"","pinged":"","post_modified":"2025-09-19 14:54:55","post_modified_gmt":"2025-09-19 14:54:55","post_content_filtered":"","post_parent":0,"guid":"https:\/\/www.puma-catchup.com\/?p=19440","menu_order":0,"post_type":"post","post_mime_type":"","comment_count":"0","filter":"raw","ancestors":[],"page_template":"","post_category":[18],"tags_input":[],"id":19440,"author":"4","date":"2020-07-03 13:06:59","date_gmt":"2020-07-03 11:06:59","content":"<!-- wp:puma\/row-post-header {\"image\":{\"width\":1140,\"height\":640,\"file\":\"2020\/07\/black-suit.jpg\",\"filesize\":59300,\"sizes\":{\"medium\":{\"file\":\"black-suit-300x168.jpg\",\"width\":300,\"height\":168,\"mime-type\":\"image\/jpeg\",\"filesize\":7923},\"large\":{\"file\":\"black-suit-1024x575.jpg\",\"width\":1024,\"height\":575,\"mime-type\":\"image\/jpeg\",\"filesize\":60998},\"thumbnail\":{\"file\":\"black-suit-150x150.jpg\",\"width\":150,\"height\":150,\"mime-type\":\"image\/jpeg\",\"filesize\":4637},\"medium_large\":{\"file\":\"black-suit-768x431.jpg\",\"width\":768,\"height\":431,\"mime-type\":\"image\/jpeg\",\"filesize\":38220},\"trp-custom-language-flag\":{\"file\":\"black-suit-18x10.jpg\",\"width\":18,\"height\":10,\"mime-type\":\"image\/jpeg\",\"filesize\":388}},\"image_meta\":{\"aperture\":\"0\",\"credit\":\"\",\"camera\":\"\",\"caption\":\"\",\"created_timestamp\":\"0\",\"copyright\":\"\",\"focal_length\":\"0\",\"iso\":\"0\",\"shutter_speed\":\"0\",\"title\":\"\",\"orientation\":\"0\",\"keywords\":[]},\"id\":19441,\"alt\":\"\",\"caption\":\"\",\"description\":\"\",\"url\":\"https:\/\/www.puma-catchup.com\/wp-content\/uploads\/2020\/07\/black-suit.jpg\",\"title\":\"black-suit\",\"aspect_ratio\":1.78125,\"focalPointLeft\":0.5,\"focalPointTop\":0},\"headline\":\"BLACK RACE-GEAR FOR UNITY\",\"content\":\"PUMA\u2019S FORMULA 1 PARTNER UNVEILS BLACK RACE-GEAR AS STATEMENT AGAINST RACISM AND DISCRIMINATION\"} \/--><!-- wp:puma\/row-text-single {\"content\":\"\\u003cspan class=\\u0022textStyle_intro\\u0022\\u003eWe proudly support the statement of our partner, the Mercedes-AMG Petronas F1 Team against racism by choosing to drive the entire 2020 F1 season in PUMA black race-gear and join forces to fight racism and discrimination in all forms.\u00a0\\u003c\/span\\u003e\\n\\u0026lt;br\/\\u0026gt;PUMA is always eager for the opportunity to support any of our partners and ambassadors in their \\u0026lt;strong\\u0026gt;pursuit of Universal Equality\\u0026lt;\/strong\\u0026gt;. The black race gear includes the race suit, underwear, balaclava and gloves. The latter shows \\u0026lt;strong\\u0026gt;#REFORM\\u0026lt;\/strong\\u0026gt; on the right hand which is PUMA\u00b4s statement against racism and criminal justice. The race shoe Speedcat Pro of our ambassador Lewis is turned into black with purple logo form stripes while Valtteri Bottas\u00b4 black race boots are coming with white logo form stripes. The change of color to black is demonstrating our partner\u2019s commitment to the principles and practice of \\u0026lt;strong\\u0026gt;diversity and inclusion\\u0026lt;\/strong\\u0026gt;. The Formula 1 season will kick-off this weekend again with the Austrian GP in Spielberg.\\u0026lt;br\/\\u0026gt;\\n\",\"width\":\"Wide\",\"aspect\":\"0\",\"style\":\"2b\"} \/--><!-- wp:puma\/row-text-single {\"content\":\"\\u003cp\\u003eIt\u2019s so important that we seize this moment and use it to educate ourselves, whether you are an individual, brand or company to make real meaningful changes when it comes to ensuring equality and inclusivity. I have personally experienced racism in my life and seen my family and friends experience racism, and I am speaking from the heart when I appeal for change.\\u003c\/p\\u003e\\n\\u003cbr\/\\u003e\\u003cbr\/\\u003eLewis Hamilton \",\"width\":\"Wide\",\"style\":\"quote\"} \/--><!-- wp:puma\/row-text-single {\"content\":\"\\u003cblockquote class=\\u0022twitter-tweet\\u0022\\u003e\\n\\u0026lt;br\/\\u0026gt;?? https:\/\/t.co\/8GE4K3UwRK\\u0026lt;br\/\\u0026gt;\\n\\u0026lt;br\/\\u0026gt;\u2014 Lewis Hamilton (@LewisHamilton) June 29, 2020\\u0026lt;br\/\\u0026gt;\\u003c\/blockquote\\u003e\\n\\u0026lt;br\/\\u0026gt;\\u0026lt;br\/\\u0026gt;\\n\",\"width\":\"Wide\",\"aspect\":\"0\",\"style\":\"2b\"} \/--><!-- wp:puma\/row-text-single {\"content\":\"\\u0026lt;br\/\\u0026gt;We launched our #REFORM platform in 2018, with the single goal of turning intentions into actions in the fight for equality, respect, and fairness. This has allowed us to \\u0026lt;strong\\u0026gt;work with amazing athletes\\u0026lt;\/strong\\u0026gt; such as Lewis Hamilton in fighting racism in their own sporting cultures. To date, we have focused our efforts in Europe on fighting racism in sports, with a particular concentration on Football. In the US, we have focused on racial inequity through reform of the criminal justice system. On a global basis, we have supported organizations campaigning \\u0026lt;strong\\u0026gt;against gender bias and LGBTQ discrimination\\u0026lt;\/strong\\u0026gt;.\\u0026lt;br\/\\u0026gt;\\n\",\"width\":\"Wide\",\"aspect\":\"0\",\"style\":\"2b\"} \/--><!-- wp:puma\/row-text-single {\"content\":\"\\u0026lt;br\/\\u0026gt;Throughout the history of more than 70 years, PUMA has strongly believed in equality and in the power of sport to \\u0026lt;strong\\u0026gt;unite people and push culture forward\\u0026lt;\/strong\\u0026gt; in a positive way. We\u00a0will not give up our #REFORM campaigns until racism and discrimination has been abolished.\\u0026lt;br\/\\u0026gt;\\n\",\"width\":\"Wide\",\"aspect\":\"0\",\"style\":\"2b\"} \/--><!-- wp:puma\/row-headline {\"h1\":\"brand new livery for 2020 car revealed\"} \/--><!-- wp:puma\/row-video {\"id\":\"7BfFU5qbQrQ\",\"title\":\"brand new livery for 2020 car revealed\",\"style\":\"Wide\"} \/--><!-- wp:puma\/row-text-single {\"width\":\"Wide\",\"content\":\"\\u003cp\\u003eIn support of the #WeRaceAsOne and #blacklivesmatter movements, the team will drive with a black design that will be kept for the entire season.\\u003c\/p\\u003e\\n\"} \/--><!-- wp:puma\/row-image-single {\"migrateBlock\":true,\"title\":\"\",\"images\":[{\"width\":720,\"height\":720,\"file\":\"2020\/06\/ReformWtPumaSidebar2_BK.jpg\",\"filesize\":22763,\"sizes\":{\"medium\":{\"file\":\"ReformWtPumaSidebar2_BK-300x300.jpg\",\"width\":300,\"height\":300,\"mime-type\":\"image\/jpeg\",\"filesize\":7097},\"thumbnail\":{\"file\":\"ReformWtPumaSidebar2_BK-150x150.jpg\",\"width\":150,\"height\":150,\"mime-type\":\"image\/jpeg\",\"filesize\":2828},\"trp-custom-language-flag\":{\"file\":\"ReformWtPumaSidebar2_BK-12x12.jpg\",\"width\":12,\"height\":12,\"mime-type\":\"image\/jpeg\",\"filesize\":351}},\"image_meta\":{\"aperture\":\"0\",\"credit\":\"\",\"camera\":\"\",\"caption\":\"\",\"created_timestamp\":\"0\",\"copyright\":\"\",\"focal_length\":\"0\",\"iso\":\"0\",\"shutter_speed\":\"0\",\"title\":\"\",\"orientation\":\"0\",\"keywords\":[]},\"id\":19337,\"alt\":\"\",\"caption\":\"The #REFORM initiative was established in October 2018 to commemorate the 50th anniversary of PUMA track-and-field athlete Tommie Smith\u2019s silent gesture. It was born of a desire to come together to take a stand for universal equality.\",\"description\":\"\",\"url\":\"https:\/\/www.puma-catchup.com\/wp-content\/uploads\/2020\/06\/ReformWtPumaSidebar2_BK.jpg\",\"title\":\"ReformWtPumaSidebar2_BK\",\"aspect_ratio\":1,\"focalPointLeft\":0.5,\"focalPointTop\":0}],\"headlines\":[\"PUMA #REFORM PROGRAM\"],\"showCaptions\":[false],\"portraitMode\":[false],\"image\":{\"width\":720,\"height\":720,\"file\":\"2020\/06\/ReformWtPumaSidebar2_BK.jpg\",\"filesize\":22763,\"sizes\":{\"medium\":{\"file\":\"ReformWtPumaSidebar2_BK-300x300.jpg\",\"width\":300,\"height\":300,\"mime-type\":\"image\/jpeg\",\"filesize\":7097},\"thumbnail\":{\"file\":\"ReformWtPumaSidebar2_BK-150x150.jpg\",\"width\":150,\"height\":150,\"mime-type\":\"image\/jpeg\",\"filesize\":2828},\"trp-custom-language-flag\":{\"file\":\"ReformWtPumaSidebar2_BK-12x12.jpg\",\"width\":12,\"height\":12,\"mime-type\":\"image\/jpeg\",\"filesize\":351}},\"image_meta\":{\"aperture\":\"0\",\"credit\":\"\",\"camera\":\"\",\"caption\":\"\",\"created_timestamp\":\"0\",\"copyright\":\"\",\"focal_length\":\"0\",\"iso\":\"0\",\"shutter_speed\":\"0\",\"title\":\"\",\"orientation\":\"0\",\"keywords\":[]},\"id\":19337,\"alt\":\"\",\"caption\":\"The #REFORM initiative was established in October 2018 to commemorate the 50th anniversary of PUMA track-and-field athlete Tommie Smith\u2019s silent gesture. It was born of a desire to come together to take a stand for universal equality.\",\"description\":\"\",\"url\":\"https:\/\/www.puma-catchup.com\/wp-content\/uploads\/2020\/06\/ReformWtPumaSidebar2_BK.jpg\",\"title\":\"ReformWtPumaSidebar2_BK\",\"aspect_ratio\":1,\"focalPointLeft\":0.5,\"focalPointTop\":0},\"style\":\"Narrow\"} \/--><!-- wp:puma\/row-article-multi {\"migrateBlock\":true,\"title\":\"\",\"mode\":\"manual\",\"numArticles\":2,\"manualArticles\":[{\"id\":19345},{\"id\":19305}],\"aspect\":\"1\"} \/-->","title":"EL EQUIPO DE F\u00d3RMULA 1 MERCEDES-AMG PETRONAS, COLABORADOR DE PUMA, PRESENTA UNA EQUIPACI\u00d3N NEGRA COMO PARTE DE UNA DECLARACI\u00d3N CONTRA EL RACISMO Y TODAS LAS FORMAS DE DISCRIMINACI\u00d3N","excerpt":"Apoyamos con orgullo la declaraci\u00f3n contra el racismo de nuestro socio, el equipo Mercedes-AMG Petronas F1 Team, al elegir pilotar toda la temporada de F1 2020 con equipaci\u00f3n de competici\u00f3n negra de PUMA y unir fuerzas para luchar contra el racismo y la discriminaci\u00f3n en todas sus formas.\nEn PUMA siempre estamos deseosos de tener la oportunidad de apoyar a cualquiera de nuestros socios y embajadores en su b\u00fasqueda de la Igualdad Universal\". La equipaci\u00f3n negra incluye el mono, la ropa interior, el pasamonta\u00f1as y los guantes. Estos \u00faltimos muestran #REFORM en la mano derecha, que es la declaraci\u00f3n de PUMA contra el racismo y la justicia penal. La zapatilla de carrera Speedcat Pro de nuestro embajador Lewis se convierte en negra con rayas moradas en forma de logotipo, mientras que las botas de carrera negras de Valtteri Bottas vienen con rayas blancas en forma de logotipo. El cambio de color a negro demuestra el compromiso de nuestro socio con los principios y la pr\u00e1ctica de la diversidad y la inclusi\u00f3n. La temporada de F\u00f3rmula 1 arrancar\u00e1 de nuevo este fin de semana con el GP de Austria en Spielberg.","status":"publish","password":"","name":"El equipo de F\u00f3rmula 1 Pumas-Partner-Mercedes-AMG-Petronas presenta su equipaci\u00f3n negra como parte de su declaraci\u00f3n contra el racismo y todas las formas de discriminaci\u00f3n.","modified":"2025-09-19 14:54:55","modified_gmt":"2025-09-19 14:54:55","content_filtered":"","parent":0,"type":"post","mime_type":"","template":"","category":[18],"datetime_local":"3 de julio de 2020, 11:06","date_local":"3 de julio de 2020","time_local":"11:06","slug":"pumas-partner-mercedes-amg-petronas-formula-1-team-unveils-black-race-gear-as-part-of-statement-against-racism-and-all-forms-of-discrimination","url":"https:\/\/www.puma-catchup.com\/es\/sports\/pumas-partner-mercedes-amg-petronas-formula-1-team-unveils-black-race-gear-as-part-of-statement-against-racism-and-all-forms-of-discrimination\/","featured_image":{"width":1140,"height":640,"file":"2020\/07\/black-suit.jpg","filesize":59300,"sizes":{"medium":{"file":"black-suit-300x168.jpg","width":300,"height":168,"mime-type":"image\/jpeg","filesize":7923},"large":{"file":"black-suit-1024x575.jpg","width":1024,"height":575,"mime-type":"image\/jpeg","filesize":60998},"thumbnail":{"file":"black-suit-150x150.jpg","width":150,"height":150,"mime-type":"image\/jpeg","filesize":4637},"medium_large":{"file":"black-suit-768x431.jpg","width":768,"height":431,"mime-type":"image\/jpeg","filesize":38220},"trp-custom-language-flag":{"file":"black-suit-18x10.jpg","width":18,"height":10,"mime-type":"image\/jpeg","filesize":388}},"image_meta":{"aperture":"0","credit":"","camera":"","caption":"","created_timestamp":"0","copyright":"","focal_length":"0","iso":"0","shutter_speed":"0","title":"","orientation":"0","keywords":[]},"id":19441,"alt":"","caption":"","description":"","url":"https:\/\/www.puma-catchup.com\/wp-content\/uploads\/2020\/07\/black-suit.jpg","title":"traje negro","aspect_ratio":1.78125,"focalPointLeft":0.5,"focalPointTop":0},"headline":"PUMA\u2019S PARTNER MERCEDES-AMG PETRONAS FORMULA 1 TEAM UNVEILS BLACK RACE GEAR AS PART OF STATEMENT AGAINST RACISM AND ALL FORMS OF DISCRIMINATION","categories":[{"term_id":18,"name":"Deportes","slug":"sports","term_group":0,"term_taxonomy_id":18,"taxonomy":"category","description":"","parent":0,"count":860,"filter":"raw","url":"https:\/\/www.puma-catchup.com\/es\/category\/sports\/"}],"theCategory":{"term_id":18,"name":"Deportes","slug":"sports","term_group":0,"term_taxonomy_id":18,"taxonomy":"category","description":"","parent":0,"count":860,"filter":"raw","url":"https:\/\/www.puma-catchup.com\/es\/category\/sports\/"},"isFeaturedArticle":true,"isTopArticle":true},"_links":{"self":[{"href":"https:\/\/www.puma-catchup.com\/es\/wp-json\/wp\/v2\/posts\/19440","targetHints":{"allow":["GET"]}}],"collection":[{"href":"https:\/\/www.puma-catchup.com\/es\/wp-json\/wp\/v2\/posts"}],"about":[{"href":"https:\/\/www.puma-catchup.com\/es\/wp-json\/wp\/v2\/types\/post"}],"author":[{"embeddable":true,"href":"https:\/\/www.puma-catchup.com\/es\/wp-json\/wp\/v2\/users\/4"}],"replies":[{"embeddable":true,"href":"https:\/\/www.puma-catchup.com\/es\/wp-json\/wp\/v2\/comments?post=19440"}],"version-history":[{"count":0,"href":"https:\/\/www.puma-catchup.com\/es\/wp-json\/wp\/v2\/posts\/19440\/revisions"}],"wp:featuredmedia":[{"embeddable":true,"href":"https:\/\/www.puma-catchup.com\/es\/wp-json\/wp\/v2\/media\/19441"}],"wp:attachment":[{"href":"https:\/\/www.puma-catchup.com\/es\/wp-json\/wp\/v2\/media?parent=19440"}],"wp:term":[{"taxonomy":"category","embeddable":true,"href":"https:\/\/www.puma-catchup.com\/es\/wp-json\/wp\/v2\/categories?post=19440"}],"curies":[{"name":"wp","href":"https:\/\/api.w.org\/{rel}","templated":true}]}}