{"id":15710,"date":"2020-01-09T07:00:45","date_gmt":"2020-01-09T06:00:45","guid":{"rendered":"https:\/\/www.puma-catchup.com\/?p=15710"},"modified":"2025-09-19T14:56:49","modified_gmt":"2025-09-19T14:56:49","slug":"karsten-warholm-named-mens-athlete-of-the-year","status":"publish","type":"post","link":"https:\/\/www.puma-catchup.com\/es\/sports\/karsten-warholm-named-mens-athlete-of-the-year\/","title":{"rendered":"Karsten Warholm named men&#8217;s athlete of the year"},"content":{"rendered":"<!-- post header -->\n<div class=\"row rowSingleColumn\">\n    <div class=\"col breadcrumb\">\n        <a href=\"\/es\/\">Inicio<\/a>\/\n        <a href=\"\/es\/category\/sports\/\">Deportes<\/a>\/ Karsten Warholm nombrado atleta masculino del a\u00f1o\n    <\/div>\n<\/div>\n<div class=\"row rowPostHeaderImage headerImageAnim\">\n    <div class=\"scrollAnim\" \n        id=\"postHeaderImage\"\n         style=\"width:100%;position:relative;overflow:hidden;        aspect-ratio:2        ;\" >\n    <img decoding=\"async\" alt=\"Karsten Warholm\"\n        class=\"\"\n        src=\"https:\/\/www.puma-catchup.com\/wp-content\/uploads\/2020\/01\/Header-Karsten.jpg\" style=\"transition: 0.35s all;height:100%;width:100%;        object-position: 50% 0%; object-fit: cover;\"\/>\n        <\/div>\n    \n<\/div>\n<div class=\"row rowSingleColumnWide rowPostHeader\">\n    <div id=\"postHeaderText\" class=\"col tcenter\" >\n        <div class=\"cat\"><a class=\"secondary\" href=\"https:\/\/www.puma-catchup.com\/es\/category\/sports\/\">Deportes<\/a><\/div>\n        <div id=\"headerSocialIcons\" class=\"headerSocialIcons tleft\">\n            <a class=\"facebook\" href=\"https:\/\/www.facebook.com\/sharer\/sharer.php?u=https%3A%2F%2Fwww.puma-catchup.com%2Fes%2Fsports%2Fkarsten-warholm-named-mens-athlete-of-the-year%2F\" target=\"blank\"><\/a>\n            <a class=\"linkedin\" href=\"https:\/\/www.linkedin.com\/sharing\/share-offsite\/?url=https%3A%2F%2Fwww.puma-catchup.com%2Fes%2Fsports%2Fkarsten-warholm-named-mens-athlete-of-the-year%2F\" target=\"blank\"><\/a>\n            <a class=\"x\" href=\"https:\/\/twitter.com\/share?url=https:\/\/www.puma-catchup.com\/es\/sports\/karsten-warholm-named-mens-athlete-of-the-year\/&#038;text=\" target=\"blank\"><\/a>\n            <a class=\"pinterest\" href=\"http:\/\/pinterest.com\/pin\/create\/button\/?url=https%3A%2F%2Fwww.puma-catchup.com%2Fes%2Fsports%2Fkarsten-warholm-named-mens-athlete-of-the-year%2F\" target=\"blank\"><\/a>\n        <\/div>\n        <h1 class=\"\" >Track and Field News anuncia al Atleta Masculino del A\u00f1o<\/h1>\n        <div class=\"articleintro\" >Karsten Warholm se lleva el t\u00edtulo, convirti\u00e9ndose en el primer noruego de la historia en lograrlo.<\/div>\n        <div class=\"date\">9 de enero de 2020 <\/div>\n\n        <div id=\"\" class=\"headerSocialIconsMobile tcenter mobile\">\n            <a class=\"sharing\" id=\"mobileshare\" onclick='navigator.share({ \"title\": &quot;Karsten Warholm named men&#x27;s athlete of the year&quot;, \"text\": &quot;Yesterday we reported on the \\u201cAthlete of the decade\\u201d. Today we\\u2019re proud to announce another exciting development: PUMA athlete Karsten Warholm has been named Athlete of the Year by Track and Field News.\\n&quot;, \"url\": \"https:\/\/www.puma-catchup.com\/es\/sports\/karsten-warholm-named-mens-athlete-of-the-year\/\" })'  target=\"blank\"><\/a>\n            <a class=\"facebook\" href=\"https:\/\/www.facebook.com\/sharer\/sharer.php?u=https:\/\/www.puma-catchup.com\/es\/sports\/karsten-warholm-named-mens-athlete-of-the-year\/\" target=\"blank\"><\/a>\n            <a class=\"linkedin\" href=\"https:\/\/www.linkedin.com\/sharing\/share-offsite\/?url=https:\/\/www.puma-catchup.com\/es\/sports\/karsten-warholm-named-mens-athlete-of-the-year\/\" target=\"blank\"><\/a>\n            <a class=\"x\" href=\"https:\/\/twitter.com\/share?url=https%3A%2F%2Fwww.puma-catchup.com%2Fes%2Fsports%2Fkarsten-warholm-named-mens-athlete-of-the-year%2F&#038;text=\" target=\"blank\"><\/a>\n            <a class=\"pinterest\" href=\"http:\/\/pinterest.com\/pin\/create\/button\/?url=https%3A%2F%2Fwww.puma-catchup.com%2Fes%2Fsports%2Fkarsten-warholm-named-mens-athlete-of-the-year%2F\" target=\"blank\"><\/a>\n        <\/div>\n    <\/div>\n<\/div>\n<!-- row text single -->\n<div class=\"gradientnone\">\n<div class=\"row rowSingleColumnWide spacing\">\n    <div class=\"col articleText\">\n        <div class=\"textStyle_2b\" ><span class=\"textStyle_intro\">Ayer informamos sobre el \u201cAtleta de la d\u00e9cada\u201d. Hoy nos enorgullece anunciar otro acontecimiento emocionante: El atleta de PUMA Karsten Warholm ha sido nombrado Atleta del A\u00f1o por Track and Field News.<\/span>\n<\/div>\n   <\/div>\n<\/div>\n<\/div>\n<!-- row text single -->\n<div class=\"gradientnone\">\n<div class=\"row rowSingleColumnWide spacing\">\n    <div class=\"col articleText\">\n        <div class=\"textStyle_2b\" ><br\/>Esta estrella del atletismo de 23 a\u00f1os se ha convertido r\u00e1pidamente en un icono nacional en Noruega, y su temporada invicta ha llamado la atenci\u00f3n del mundo internacional del atletismo, lo que le ha situado en la v\u00eda r\u00e1pida para convertirse en el \u201catleta de la d\u00e9cada\u201d.<br\/>\n<\/div>\n   <\/div>\n<\/div>\n<\/div>\n<!-- row text single -->\n<div class=\"gradientnone\">\n<div class=\"row rowSingleColumnWide spacing\">\n    <div class=\"col articleText\">\n        <div class=\"textStyle_quote\" ><p>No tengo miedo a perder, pero s\u00ed tengo mucho miedo a no desarrollarme.<\/p>\n<br\/><br\/>Karsten Warholm <\/div>\n   <\/div>\n<\/div>\n<\/div>\n<!-- row text single -->\n<div class=\"gradientnone\">\n<div class=\"row rowSingleColumnWide spacing\">\n    <div class=\"col articleText\">\n        <div class=\"textStyle_2b\" ><br\/>El autor de T&amp;FN, Sieg Lindstrom, utiliz\u00f3 las siguientes palabras para describir a Warholm:,<br\/>\n<br\/>\u201c<em><strong>(Su)<\/strong> La consistencia en 2019 fue realmente impresionante. Ni siquiera Edwin Moses logr\u00f3 tantos tiempos tan r\u00e1pidos en una temporada. Moses corri\u00f3 sus tres mejores marcas \u201447,02, 47,13 y 47,14\u2014 en a\u00f1os diferentes. (Warholm) tambi\u00e9n logr\u00f3 dos marcas personales esta temporada y sus cinco mejores marcas promediaron 47,21. Algo sin precedentes.\u201d<\/em><br\/>\n<\/div>\n   <\/div>\n<\/div>\n<\/div>\n<!-- row image multi 1 -->\n<div class=\"row rowImages2 spacing\">\n\t<div class=\"\">\n\t\t<div class=\"row inner\">\n\t\t\t<div class=\"col\">\n\t\t\t    <div class=\"bgimage\" style=\"aspect-ratio:1.78125  ; background-image: url('https:\/\/www.puma-catchup.com\/wp-content\/uploads\/2019\/10\/H2-Warholm.jpg'); background-size: cover;background-position: 50% 0%;width:100%\"><\/div>\n\t\t\t<\/div>\n\t\t\t<div class=\"col\">\n\t\t\t    <div class=\"bgimage\" style=\"aspect-ratio:1.797619047619  ; background-image: url('https:\/\/www.puma-catchup.com\/wp-content\/uploads\/2019\/07\/G1-Karsten-Warholm.jpg'); background-size: cover;background-position: 50% 0%;width:100%\"><\/div>\n\t\t\t<\/div>\n\t\t<\/div>\n\t<\/div>\n<\/div>\n<!-- row text single -->\n<div class=\"gradientnone\">\n<div class=\"row rowSingleColumnWide spacing\">\n    <div class=\"col articleText\">\n        <div class=\"textStyle_2b\" ><br\/>Karsten Warholm es otro atleta m\u00e1s al que en PUMA nos enorgullece apoyar en su camino hacia Forever Faster. Y tiene algunos consejos impresionantes que dar sobre el tema:<br\/>\n<\/div>\n   <\/div>\n<\/div>\n<\/div>\n<!-- row text single -->\n<div class=\"gradientnone\">\n<div class=\"row rowSingleColumnWide spacing\">\n    <div class=\"col articleText\">\n        <div class=\"textStyle_quote\" ><p>Para m\u00ed, es como si fuera a entrenar todos los d\u00edas y pudiera sentir que mejoro cada d\u00eda, como el a\u00f1o pasado. Lo que la gente ve es qui\u00e9n cruza la l\u00ednea de meta primero. Pero para m\u00ed es como si siempre estuviera mejorando, siempre corriendo m\u00e1s r\u00e1pido. Siempre hacerlo mejor, eso es lo que probablemente m\u00e1s valoro. Mientras siga progresando, eso es lo que valoro. No me da miedo perder, pero s\u00ed me da mucho miedo no progresar. As\u00ed que este a\u00f1o, como el a\u00f1o pasado, estoy muy contento con mejorar y ser cada vez mejor, porque cuanto m\u00e1s alto es el nivel, m\u00e1s dif\u00edcil es.<\/p>\n<\/div>\n   <\/div>\n<\/div>\n<\/div>\n<!-- row text single -->\n<div class=\"gradientnone\">\n<div class=\"row rowSingleColumnWide spacing\">\n    <div class=\"col articleText\">\n        <div class=\"textStyle_2b\" ><br\/>Estamos ansiosos por ver qu\u00e9 r\u00e9cords batir\u00e1 Karsten en los pr\u00f3ximos meses. Pero una cosa es segura: su insaciable ansia por seguir adelante y superar sus propias marcas personales. <strong>hacer de Karsten Warholm una fuerza a tener en cuenta en 2020<\/strong>.<br\/>\n<\/div>\n   <\/div>\n<\/div>\n<\/div>\n<!-- row category header -->\n<div class=\"row rowCategoryHeader\" style=\"grid-template-columns:1fr\">\n    <div class=\"col\" style=\"display: flex; align-items: baseline;\">\n        <h2 class=\"bgPuma\">\n            <span>Leer m\u00e1s...<\/span>\n        <\/h2>\n    <\/div>\n\n<\/div>\n\n<div class=\"row articleMulti4 spacing\">\n\t    <div class=\"col articleTeaser\" >\n\t\t\t<a class=\"hoverzooma  scrollAnim\" href=\"https:\/\/www.puma-catchup.com\/es\/sports\/a-well-deserved-title-for-puma-athlete-karsten-warholm\/\" \n\t\t\t     tabindex=\"-1\" \n\t\t\t    id=\"14626\"\n\t\t\t     style=\"width:100%;position:relative;overflow:hidden;\t\t\t    aspect-ratio:1\t\t\t    ;\" >\n\t\t\t<img decoding=\"async\" alt=\"\"\n\t\t\t    class=\"hoverZoom\"\n\t\t\t    src=\"https:\/\/www.puma-catchup.com\/wp-content\/uploads\/2019\/10\/H2-Warholm.jpg\" style=\"transition: 0.35s all;height:100%;width:100%;\t\t\t    object-position: 50% 0%; object-fit: cover;\"\/>\n\t\t\t<\/a>\n\t\t\t\n\t\t\t<a href=\"https:\/\/www.puma-catchup.com\/es\/category\/sports\/\" class=\"secondary2\" style=\"margin-top: 17px;\">Deportes<\/a>\n\t        <h4>\u00a1Un t\u00edtulo bien merecido para el atleta de PUMA Karsten Warholm!<\/h4>\n\t\t\t<div class=\"description shortExcerpt\">\n\t\t\t\t2019 es sencillamente su a\u00f1o: El atleta de PUMA Karsten Warholm fue coronado Atleta Europeo Masculino del A\u00f1o 2019 en la ceremonia anual de entrega de premios Golden Tracks que tuvo lugar el s\u00e1bado en Tallin, Estonia, por su actuaci\u00f3n \u00fanica este a\u00f1o.\n\n\t\t\t<\/div>\n\t\t\t<a class=\"primary\" href=\"https:\/\/www.puma-catchup.com\/es\/sports\/a-well-deserved-title-for-puma-athlete-karsten-warholm\/\" data-no-translation=\"\" data-trp-gettext=\"\">leer la historia<\/a>\n\t\t<\/div>\n\t    <div class=\"col articleTeaser\" >\n\t\t\t<a class=\"hoverzooma  scrollAnim\" href=\"https:\/\/www.puma-catchup.com\/es\/sports\/congrats-to-our-world-champion-over-400m-hurdles-karsten-warholm\/\" \n\t\t\t     tabindex=\"-1\" \n\t\t\t    id=\"14337\"\n\t\t\t     style=\"width:100%;position:relative;overflow:hidden;\t\t\t    aspect-ratio:1\t\t\t    ;\" >\n\t\t\t<img decoding=\"async\" alt=\"\"\n\t\t\t    class=\"hoverZoom\"\n\t\t\t    src=\"https:\/\/www.puma-catchup.com\/wp-content\/uploads\/2019\/10\/H2-Warholm.jpg\" style=\"transition: 0.35s all;height:100%;width:100%;\t\t\t    object-position: 50% 0%; object-fit: cover;\"\/>\n\t\t\t<\/a>\n\t\t\t\n\t\t\t<a href=\"https:\/\/www.puma-catchup.com\/es\/category\/sports\/\" class=\"secondary2\" style=\"margin-top: 17px;\">Deportes<\/a>\n\t        <h4>\u00a1Enhorabuena a nuestro Campe\u00f3n del Mundo de 400 metros vallas, Karsten Warholm!<\/h4>\n\t\t\t<div class=\"description shortExcerpt\">\n\t\t\t\tEl vallista de categor\u00eda mundial y atleta de PUMA Karsten Warholm lo ha vuelto a hacer: Tras proclamarse Campe\u00f3n del Mundo por primera vez hace dos a\u00f1os en Londres, defendi\u00f3 con \u00e9xito su t\u00edtulo de 400 metros vallas en el Campeonato del Mundo de Atletismo celebrado en Doha, Qatar.\n\n\t\t\t<\/div>\n\t\t\t<a class=\"primary\" href=\"https:\/\/www.puma-catchup.com\/es\/sports\/congrats-to-our-world-champion-over-400m-hurdles-karsten-warholm\/\" data-no-translation=\"\" data-trp-gettext=\"\">leer la historia<\/a>\n\t\t<\/div>\n\t    <div class=\"col articleTeaser\" >\n\t\t\t<a class=\"hoverzooma  scrollAnim\" href=\"https:\/\/www.puma-catchup.com\/es\/sports\/puma-welcomes-world-champion-hurdler-karsten-warholm-to-the-family\/\" \n\t\t\t     tabindex=\"-1\" \n\t\t\t    id=\"13307\"\n\t\t\t     style=\"width:100%;position:relative;overflow:hidden;\t\t\t    aspect-ratio:1\t\t\t    ;\" >\n\t\t\t<img decoding=\"async\" alt=\"\"\n\t\t\t    class=\"hoverZoom\"\n\t\t\t    src=\"https:\/\/www.puma-catchup.com\/wp-content\/uploads\/2019\/07\/H1-Karsten-Warholm.jpg\" style=\"transition: 0.35s all;height:100%;width:100%;\t\t\t    object-position: 50% 0%; object-fit: cover;\"\/>\n\t\t\t<\/a>\n\t\t\t\n\t\t\t<a href=\"https:\/\/www.puma-catchup.com\/es\/category\/sports\/\" class=\"secondary2\" style=\"margin-top: 17px;\">Deportes<\/a>\n\t        <h4>PUMA da la bienvenida al campe\u00f3n mundial de carreras de vallas Karsten Warholm a la familia.<\/h4>\n\t\t\t<div class=\"description shortExcerpt\">\n\t\t\t\tEs el actual campe\u00f3n mundial de 400 metros vallas, ha batido dos veces este a\u00f1o el r\u00e9cord europeo de 400 metros vallas y es atleta de PUMA: el noruego Karsten Warholm, de 23 a\u00f1os, es el nuevo miembro de la familia PUMA.\n\n\t\t\t<\/div>\n\t\t\t<a class=\"primary\" href=\"https:\/\/www.puma-catchup.com\/es\/sports\/puma-welcomes-world-champion-hurdler-karsten-warholm-to-the-family\/\" data-no-translation=\"\" data-trp-gettext=\"\">leer la historia<\/a>\n\t\t<\/div>\n\t    <div class=\"col articleTeaser\" >\n\t\t\t<a class=\"hoverzooma  scrollAnim\" href=\"https:\/\/www.puma-catchup.com\/es\/sports\/the-usain-bolt-unwittingly-phenomenon\/\" \n\t\t\t     tabindex=\"-1\" \n\t\t\t    id=\"15678\"\n\t\t\t     style=\"width:100%;position:relative;overflow:hidden;\t\t\t    aspect-ratio:1\t\t\t    ;\" >\n\t\t\t<img decoding=\"async\" alt=\"Usain Bolt\"\n\t\t\t    class=\"hoverZoom\"\n\t\t\t    src=\"https:\/\/www.puma-catchup.com\/wp-content\/uploads\/2017\/08\/Usain-Bolt-last_H1.jpg\" style=\"transition: 0.35s all;height:100%;width:100%;\t\t\t    object-position: 50% 0%; object-fit: cover;\"\/>\n\t\t\t<\/a>\n\t\t\t\n\t\t\t<a href=\"https:\/\/www.puma-catchup.com\/es\/category\/sports\/\" class=\"secondary2\" style=\"margin-top: 17px;\">Deportes<\/a>\n\t        <h4>El fen\u00f3meno Usain Bolt<\/h4>\n\t\t\t<div class=\"description shortExcerpt\">\n\t\t\t\tEn su retrospectiva de la \u00faltima d\u00e9cada, el diario londinense The Telegraph eligi\u00f3 a Usain Bolt como uno de los mejores atletas del decenio.\n\n\t\t\t<\/div>\n\t\t\t<a class=\"primary\" href=\"https:\/\/www.puma-catchup.com\/es\/sports\/the-usain-bolt-unwittingly-phenomenon\/\" data-no-translation=\"\" data-trp-gettext=\"\">leer la historia<\/a>\n\t\t<\/div>\n<\/div>","protected":false},"excerpt":{"rendered":"<p>Ayer informamos sobre el \u201cAtleta de la d\u00e9cada\u201d. Hoy nos enorgullece anunciar otro acontecimiento emocionante: El atleta de PUMA Karsten Warholm ha sido nombrado Atleta del A\u00f1o por Track and Field News.<\/p>","protected":false},"author":5,"featured_media":15731,"comment_status":"closed","ping_status":"closed","sticky":false,"template":"","format":"standard","meta":{"is_top_article":true,"is_featured_article":true,"EasyPostViewCounter":5790,"meta-headline":"","footnotes":""},"categories":[18],"class_list":["post-15710","post","type-post","status-publish","format-standard","has-post-thumbnail","hentry","category-sports"],"fullData":{"ID":15710,"post_author":"5","post_date":"2020-01-09 07:00:45","post_date_gmt":"2020-01-09 06:00:45","post_content":"<!-- wp:puma\/row-post-header {\"image\":{\"width\":1140,\"height\":640,\"file\":\"2020\/01\/Header-Karsten.jpg\",\"filesize\":91645,\"sizes\":{\"medium\":{\"file\":\"Header-Karsten-300x168.jpg\",\"width\":300,\"height\":168,\"mime-type\":\"image\/jpeg\",\"filesize\":12157},\"large\":{\"file\":\"Header-Karsten-1024x575.jpg\",\"width\":1024,\"height\":575,\"mime-type\":\"image\/jpeg\",\"filesize\":85545},\"thumbnail\":{\"file\":\"Header-Karsten-150x150.jpg\",\"width\":150,\"height\":150,\"mime-type\":\"image\/jpeg\",\"filesize\":7074},\"medium_large\":{\"file\":\"Header-Karsten-768x431.jpg\",\"width\":768,\"height\":431,\"mime-type\":\"image\/jpeg\",\"filesize\":51548},\"trp-custom-language-flag\":{\"file\":\"Header-Karsten-18x10.jpg\",\"width\":18,\"height\":10,\"mime-type\":\"image\/jpeg\",\"filesize\":452}},\"image_meta\":{\"aperture\":\"0\",\"credit\":\"\",\"camera\":\"\",\"caption\":\"\",\"created_timestamp\":\"0\",\"copyright\":\"\",\"focal_length\":\"0\",\"iso\":\"0\",\"shutter_speed\":\"0\",\"title\":\"\",\"orientation\":\"0\",\"keywords\":[]},\"id\":15731,\"alt\":\"Karsten Warholm\",\"caption\":\"\",\"description\":\"\",\"url\":\"https:\/\/www.puma-catchup.com\/wp-content\/uploads\/2020\/01\/Header-Karsten.jpg\",\"title\":\"Header-Karsten\",\"aspect_ratio\":1.78125,\"focalPointLeft\":0.5,\"focalPointTop\":0},\"headline\":\"Track and Field News Announces Men\u2019s Athlete of the Year\",\"content\":\"Karsten Warholm takes the title, as first Norwegian in history\"} \/--><!-- wp:puma\/row-text-single {\"content\":\"\\u003cspan class=\\u0022textStyle_intro\\u0022\\u003eYesterday we reported on the \u201cAthlete of the decade\u201d. Today we\u2019re proud to announce another exciting development: PUMA athlete Karsten Warholm has been named Athlete of the Year by Track and Field News.\\u003c\/span\\u003e\\n\",\"width\":\"Wide\",\"aspect\":\"0\",\"style\":\"2b\"} \/--><!-- wp:puma\/row-text-single {\"content\":\"\\u0026lt;br\/\\u0026gt;The 23-year old track and field star has quickly become a national icon in Norway, and his undefeated season raised eyebrows in the international running world, putting him on the fast-track to \u201cAthlete of the decade\u201d.\\u0026lt;br\/\\u0026gt;\\n\",\"width\":\"Wide\",\"aspect\":\"0\",\"style\":\"2b\"} \/--><!-- wp:puma\/row-text-single {\"content\":\"\\u003cp\\u003eI\u2019m not afraid of losing but I\u2019m very afraid of not developing.\\u003c\/p\\u003e\\n\\u003cbr\/\\u003e\\u003cbr\/\\u003eKarsten Warholm \",\"width\":\"Wide\",\"style\":\"quote\"} \/--><!-- wp:puma\/row-text-single {\"content\":\"\\u0026lt;br\/\\u0026gt;T\\u0026amp;amp;FN author Sieg Lindstrom used the following words to describe Warholm,\\u0026lt;br\/\\u0026gt;\\n\\u0026lt;br\/\\u0026gt;\u201c\\u0026lt;em\\u0026gt;\\u0026lt;strong\\u0026gt;(His)\\u0026lt;\/strong\\u0026gt; consistency in 2019 was highly impressive. Even Edwin Moses never put up so many astoundingly fast times in a season. Moses ran each of his three fastest times\u201447.02, 47.13 and 47.14\u2014in different years. (Warholm) also ran two PRs this season and (the) 5 fastest marks averaged 47.21. Unprecedented.\u201d\\u0026lt;\/em\\u0026gt;\\u0026lt;br\/\\u0026gt;\\n\",\"width\":\"Wide\",\"aspect\":\"0\",\"style\":\"2b\"} \/--><!-- wp:puma\/row-image-multi {\"images\":[{\"width\":1140,\"height\":640,\"file\":\"2019\/10\/H2-Warholm.jpg\",\"filesize\":51091,\"sizes\":{\"medium\":{\"file\":\"H2-Warholm-300x168.jpg\",\"width\":300,\"height\":168,\"mime-type\":\"image\/jpeg\",\"filesize\":8312},\"large\":{\"file\":\"H2-Warholm-1024x575.jpg\",\"width\":1024,\"height\":575,\"mime-type\":\"image\/jpeg\",\"filesize\":53096},\"thumbnail\":{\"file\":\"H2-Warholm-150x150.jpg\",\"width\":150,\"height\":150,\"mime-type\":\"image\/jpeg\",\"filesize\":4830},\"medium_large\":{\"file\":\"H2-Warholm-768x431.jpg\",\"width\":768,\"height\":431,\"mime-type\":\"image\/jpeg\",\"filesize\":32862},\"trp-custom-language-flag\":{\"file\":\"H2-Warholm-18x10.jpg\",\"width\":18,\"height\":10,\"mime-type\":\"image\/jpeg\",\"filesize\":467}},\"image_meta\":{\"aperture\":\"0\",\"credit\":\"\",\"camera\":\"\",\"caption\":\"\",\"created_timestamp\":\"0\",\"copyright\":\"\",\"focal_length\":\"0\",\"iso\":\"0\",\"shutter_speed\":\"0\",\"title\":\"\",\"orientation\":\"0\",\"keywords\":[]},\"id\":14346,\"alt\":\"\",\"caption\":\"\",\"description\":\"\",\"url\":\"https:\/\/www.puma-catchup.com\/wp-content\/uploads\/2019\/10\/H2-Warholm.jpg\",\"title\":\"H2-Warholm\",\"aspect_ratio\":1.78125,\"focalPointLeft\":0.5,\"focalPointTop\":0},{\"width\":1510,\"height\":840,\"file\":\"2019\/07\/G1-Karsten-Warholm.jpg\",\"filesize\":189862,\"sizes\":{\"medium\":{\"file\":\"G1-Karsten-Warholm-300x167.jpg\",\"width\":300,\"height\":167,\"mime-type\":\"image\/jpeg\",\"filesize\":9389},\"large\":{\"file\":\"G1-Karsten-Warholm-1024x570.jpg\",\"width\":1024,\"height\":570,\"mime-type\":\"image\/jpeg\",\"filesize\":60023},\"thumbnail\":{\"file\":\"G1-Karsten-Warholm-150x150.jpg\",\"width\":150,\"height\":150,\"mime-type\":\"image\/jpeg\",\"filesize\":5826},\"medium_large\":{\"file\":\"G1-Karsten-Warholm-768x427.jpg\",\"width\":768,\"height\":427,\"mime-type\":\"image\/jpeg\",\"filesize\":37844},\"trp-custom-language-flag\":{\"file\":\"G1-Karsten-Warholm-18x10.jpg\",\"width\":18,\"height\":10,\"mime-type\":\"image\/jpeg\",\"filesize\":497}},\"image_meta\":{\"aperture\":\"0\",\"credit\":\"\",\"camera\":\"\",\"caption\":\"\",\"created_timestamp\":\"0\",\"copyright\":\"\",\"focal_length\":\"0\",\"iso\":\"0\",\"shutter_speed\":\"0\",\"title\":\"\",\"orientation\":\"0\",\"keywords\":[]},\"id\":13317,\"alt\":\"\",\"caption\":\"\",\"description\":\"\",\"url\":\"https:\/\/www.puma-catchup.com\/wp-content\/uploads\/2019\/07\/G1-Karsten-Warholm.jpg\",\"title\":\"G1-Karsten-Warholm\",\"aspect_ratio\":1.7976190476190477,\"focalPointLeft\":0.5,\"focalPointTop\":0}],\"showCaptions\":[false,false],\"aspect\":\"0\",\"style\":\"2\"} \/--><!-- wp:puma\/row-text-single {\"content\":\"\\u0026lt;br\/\\u0026gt;Karsten Warholm is yet another athlete that we at PUMA are proud to back on his journey to Forever Faster. And he has some impressive advice to give on the topic:\\u0026lt;br\/\\u0026gt;\\n\",\"width\":\"Wide\",\"aspect\":\"0\",\"style\":\"2b\"} \/--><!-- wp:puma\/row-text-single {\"content\":\"\\u003cp\\u003eFor me, it\u2019s like I go to practice every day and I can feel myself becoming better each day, you know, as last year. What people see is who crosses the finish line first. But for me it\u2019s like I\u2019m always becoming better, always running faster times. Always do better, that is the thing that I probably valued the most. So as long as I have progression, I value that. So I\u2019m not afraid of losing but I\u2019m very afraid of not developing. So this year, as last year, I\u2019m very happy with improving and becoming even better because it\u2019s more and more difficult as you get on a higher level.\\u003c\/p\\u003e\\n\",\"width\":\"Wide\",\"style\":\"quote\"} \/--><!-- wp:puma\/row-text-single {\"content\":\"\\u0026lt;br\/\\u0026gt;We\u2019re anxious to see what kind of records Karsten breaks in the months to come. But one thing is certain: his insatiable hunger to move forward and challenge his own personal PRs \\u0026lt;strong\\u0026gt;make Karsten Warholm a force to be reckoned with in 2020\\u0026lt;\/strong\\u0026gt;.\\u0026lt;br\/\\u0026gt;\\n\",\"width\":\"Wide\",\"aspect\":\"0\",\"style\":\"2b\"} \/--><!-- wp:puma\/row-category-header {\"titleleft\":\"Read more...\",\"mode\":\"manual\"} \/--><!-- wp:puma\/row-article-multi {\"migrateBlock\":true,\"numArticles\":4,\"title\":\"Read more...\",\"icon\":\"\",\"manualArticles\":[{\"id\":14626},{\"id\":14337},{\"id\":13307},{\"id\":15678}],\"mode\":\"manual\",\"aspect\":\"1\"} \/-->","post_title":"Karsten Warholm named men's athlete of the year","post_excerpt":"Yesterday we reported on the \u201cAthlete of the decade\u201d. Today we\u2019re proud to announce another exciting development: PUMA athlete Karsten Warholm has been named Athlete of the Year by Track and Field News.\n","post_status":"publish","comment_status":"closed","ping_status":"closed","post_password":"","post_name":"karsten-warholm-named-mens-athlete-of-the-year","to_ping":"","pinged":"","post_modified":"2025-09-19 14:56:49","post_modified_gmt":"2025-09-19 14:56:49","post_content_filtered":"","post_parent":0,"guid":"https:\/\/www.puma-catchup.com\/?p=15710","menu_order":0,"post_type":"post","post_mime_type":"","comment_count":"0","filter":"raw","ancestors":[],"page_template":"","post_category":[18],"tags_input":[],"id":15710,"author":"5","date":"2020-01-09 07:00:45","date_gmt":"2020-01-09 06:00:45","content":"<!-- wp:puma\/row-post-header {\"image\":{\"width\":1140,\"height\":640,\"file\":\"2020\/01\/Header-Karsten.jpg\",\"filesize\":91645,\"sizes\":{\"medium\":{\"file\":\"Header-Karsten-300x168.jpg\",\"width\":300,\"height\":168,\"mime-type\":\"image\/jpeg\",\"filesize\":12157},\"large\":{\"file\":\"Header-Karsten-1024x575.jpg\",\"width\":1024,\"height\":575,\"mime-type\":\"image\/jpeg\",\"filesize\":85545},\"thumbnail\":{\"file\":\"Header-Karsten-150x150.jpg\",\"width\":150,\"height\":150,\"mime-type\":\"image\/jpeg\",\"filesize\":7074},\"medium_large\":{\"file\":\"Header-Karsten-768x431.jpg\",\"width\":768,\"height\":431,\"mime-type\":\"image\/jpeg\",\"filesize\":51548},\"trp-custom-language-flag\":{\"file\":\"Header-Karsten-18x10.jpg\",\"width\":18,\"height\":10,\"mime-type\":\"image\/jpeg\",\"filesize\":452}},\"image_meta\":{\"aperture\":\"0\",\"credit\":\"\",\"camera\":\"\",\"caption\":\"\",\"created_timestamp\":\"0\",\"copyright\":\"\",\"focal_length\":\"0\",\"iso\":\"0\",\"shutter_speed\":\"0\",\"title\":\"\",\"orientation\":\"0\",\"keywords\":[]},\"id\":15731,\"alt\":\"Karsten Warholm\",\"caption\":\"\",\"description\":\"\",\"url\":\"https:\/\/www.puma-catchup.com\/wp-content\/uploads\/2020\/01\/Header-Karsten.jpg\",\"title\":\"Header-Karsten\",\"aspect_ratio\":1.78125,\"focalPointLeft\":0.5,\"focalPointTop\":0},\"headline\":\"Track and Field News Announces Men\u2019s Athlete of the Year\",\"content\":\"Karsten Warholm takes the title, as first Norwegian in history\"} \/--><!-- wp:puma\/row-text-single {\"content\":\"\\u003cspan class=\\u0022textStyle_intro\\u0022\\u003eYesterday we reported on the \u201cAthlete of the decade\u201d. Today we\u2019re proud to announce another exciting development: PUMA athlete Karsten Warholm has been named Athlete of the Year by Track and Field News.\\u003c\/span\\u003e\\n\",\"width\":\"Wide\",\"aspect\":\"0\",\"style\":\"2b\"} \/--><!-- wp:puma\/row-text-single {\"content\":\"\\u0026lt;br\/\\u0026gt;The 23-year old track and field star has quickly become a national icon in Norway, and his undefeated season raised eyebrows in the international running world, putting him on the fast-track to \u201cAthlete of the decade\u201d.\\u0026lt;br\/\\u0026gt;\\n\",\"width\":\"Wide\",\"aspect\":\"0\",\"style\":\"2b\"} \/--><!-- wp:puma\/row-text-single {\"content\":\"\\u003cp\\u003eI\u2019m not afraid of losing but I\u2019m very afraid of not developing.\\u003c\/p\\u003e\\n\\u003cbr\/\\u003e\\u003cbr\/\\u003eKarsten Warholm \",\"width\":\"Wide\",\"style\":\"quote\"} \/--><!-- wp:puma\/row-text-single {\"content\":\"\\u0026lt;br\/\\u0026gt;T\\u0026amp;amp;FN author Sieg Lindstrom used the following words to describe Warholm,\\u0026lt;br\/\\u0026gt;\\n\\u0026lt;br\/\\u0026gt;\u201c\\u0026lt;em\\u0026gt;\\u0026lt;strong\\u0026gt;(His)\\u0026lt;\/strong\\u0026gt; consistency in 2019 was highly impressive. Even Edwin Moses never put up so many astoundingly fast times in a season. Moses ran each of his three fastest times\u201447.02, 47.13 and 47.14\u2014in different years. (Warholm) also ran two PRs this season and (the) 5 fastest marks averaged 47.21. Unprecedented.\u201d\\u0026lt;\/em\\u0026gt;\\u0026lt;br\/\\u0026gt;\\n\",\"width\":\"Wide\",\"aspect\":\"0\",\"style\":\"2b\"} \/--><!-- wp:puma\/row-image-multi {\"images\":[{\"width\":1140,\"height\":640,\"file\":\"2019\/10\/H2-Warholm.jpg\",\"filesize\":51091,\"sizes\":{\"medium\":{\"file\":\"H2-Warholm-300x168.jpg\",\"width\":300,\"height\":168,\"mime-type\":\"image\/jpeg\",\"filesize\":8312},\"large\":{\"file\":\"H2-Warholm-1024x575.jpg\",\"width\":1024,\"height\":575,\"mime-type\":\"image\/jpeg\",\"filesize\":53096},\"thumbnail\":{\"file\":\"H2-Warholm-150x150.jpg\",\"width\":150,\"height\":150,\"mime-type\":\"image\/jpeg\",\"filesize\":4830},\"medium_large\":{\"file\":\"H2-Warholm-768x431.jpg\",\"width\":768,\"height\":431,\"mime-type\":\"image\/jpeg\",\"filesize\":32862},\"trp-custom-language-flag\":{\"file\":\"H2-Warholm-18x10.jpg\",\"width\":18,\"height\":10,\"mime-type\":\"image\/jpeg\",\"filesize\":467}},\"image_meta\":{\"aperture\":\"0\",\"credit\":\"\",\"camera\":\"\",\"caption\":\"\",\"created_timestamp\":\"0\",\"copyright\":\"\",\"focal_length\":\"0\",\"iso\":\"0\",\"shutter_speed\":\"0\",\"title\":\"\",\"orientation\":\"0\",\"keywords\":[]},\"id\":14346,\"alt\":\"\",\"caption\":\"\",\"description\":\"\",\"url\":\"https:\/\/www.puma-catchup.com\/wp-content\/uploads\/2019\/10\/H2-Warholm.jpg\",\"title\":\"H2-Warholm\",\"aspect_ratio\":1.78125,\"focalPointLeft\":0.5,\"focalPointTop\":0},{\"width\":1510,\"height\":840,\"file\":\"2019\/07\/G1-Karsten-Warholm.jpg\",\"filesize\":189862,\"sizes\":{\"medium\":{\"file\":\"G1-Karsten-Warholm-300x167.jpg\",\"width\":300,\"height\":167,\"mime-type\":\"image\/jpeg\",\"filesize\":9389},\"large\":{\"file\":\"G1-Karsten-Warholm-1024x570.jpg\",\"width\":1024,\"height\":570,\"mime-type\":\"image\/jpeg\",\"filesize\":60023},\"thumbnail\":{\"file\":\"G1-Karsten-Warholm-150x150.jpg\",\"width\":150,\"height\":150,\"mime-type\":\"image\/jpeg\",\"filesize\":5826},\"medium_large\":{\"file\":\"G1-Karsten-Warholm-768x427.jpg\",\"width\":768,\"height\":427,\"mime-type\":\"image\/jpeg\",\"filesize\":37844},\"trp-custom-language-flag\":{\"file\":\"G1-Karsten-Warholm-18x10.jpg\",\"width\":18,\"height\":10,\"mime-type\":\"image\/jpeg\",\"filesize\":497}},\"image_meta\":{\"aperture\":\"0\",\"credit\":\"\",\"camera\":\"\",\"caption\":\"\",\"created_timestamp\":\"0\",\"copyright\":\"\",\"focal_length\":\"0\",\"iso\":\"0\",\"shutter_speed\":\"0\",\"title\":\"\",\"orientation\":\"0\",\"keywords\":[]},\"id\":13317,\"alt\":\"\",\"caption\":\"\",\"description\":\"\",\"url\":\"https:\/\/www.puma-catchup.com\/wp-content\/uploads\/2019\/07\/G1-Karsten-Warholm.jpg\",\"title\":\"G1-Karsten-Warholm\",\"aspect_ratio\":1.7976190476190477,\"focalPointLeft\":0.5,\"focalPointTop\":0}],\"showCaptions\":[false,false],\"aspect\":\"0\",\"style\":\"2\"} \/--><!-- wp:puma\/row-text-single {\"content\":\"\\u0026lt;br\/\\u0026gt;Karsten Warholm is yet another athlete that we at PUMA are proud to back on his journey to Forever Faster. And he has some impressive advice to give on the topic:\\u0026lt;br\/\\u0026gt;\\n\",\"width\":\"Wide\",\"aspect\":\"0\",\"style\":\"2b\"} \/--><!-- wp:puma\/row-text-single {\"content\":\"\\u003cp\\u003eFor me, it\u2019s like I go to practice every day and I can feel myself becoming better each day, you know, as last year. What people see is who crosses the finish line first. But for me it\u2019s like I\u2019m always becoming better, always running faster times. Always do better, that is the thing that I probably valued the most. So as long as I have progression, I value that. So I\u2019m not afraid of losing but I\u2019m very afraid of not developing. So this year, as last year, I\u2019m very happy with improving and becoming even better because it\u2019s more and more difficult as you get on a higher level.\\u003c\/p\\u003e\\n\",\"width\":\"Wide\",\"style\":\"quote\"} \/--><!-- wp:puma\/row-text-single {\"content\":\"\\u0026lt;br\/\\u0026gt;We\u2019re anxious to see what kind of records Karsten breaks in the months to come. But one thing is certain: his insatiable hunger to move forward and challenge his own personal PRs \\u0026lt;strong\\u0026gt;make Karsten Warholm a force to be reckoned with in 2020\\u0026lt;\/strong\\u0026gt;.\\u0026lt;br\/\\u0026gt;\\n\",\"width\":\"Wide\",\"aspect\":\"0\",\"style\":\"2b\"} \/--><!-- wp:puma\/row-category-header {\"titleleft\":\"Read more...\",\"mode\":\"manual\"} \/--><!-- wp:puma\/row-article-multi {\"migrateBlock\":true,\"numArticles\":4,\"title\":\"Read more...\",\"icon\":\"\",\"manualArticles\":[{\"id\":14626},{\"id\":14337},{\"id\":13307},{\"id\":15678}],\"mode\":\"manual\",\"aspect\":\"1\"} \/-->","title":"Karsten Warholm named men's athlete of the year","excerpt":"Ayer informamos sobre el \u201cAtleta de la d\u00e9cada\u201d. Hoy nos enorgullece anunciar otro acontecimiento emocionante: El atleta de PUMA Karsten Warholm ha sido nombrado Atleta del A\u00f1o por Track and Field News.","status":"publish","password":"","name":"karsten-warholm-named-mens-athlete-of-the-year","modified":"2025-09-19 14:56:49","modified_gmt":"2025-09-19 14:56:49","content_filtered":"","parent":0,"type":"post","mime_type":"","template":"","category":[18],"datetime_local":"9 de enero de 2020, 6:00","date_local":"9 de enero de 2020","time_local":"6:00","slug":"karsten-warholm-named-mens-athlete-of-the-year","url":"https:\/\/www.puma-catchup.com\/es\/sports\/karsten-warholm-named-mens-athlete-of-the-year\/","featured_image":{"width":1140,"height":640,"file":"2020\/01\/Header-Karsten.jpg","filesize":91645,"sizes":{"medium":{"file":"Header-Karsten-300x168.jpg","width":300,"height":168,"mime-type":"image\/jpeg","filesize":12157},"large":{"file":"Header-Karsten-1024x575.jpg","width":1024,"height":575,"mime-type":"image\/jpeg","filesize":85545},"thumbnail":{"file":"Header-Karsten-150x150.jpg","width":150,"height":150,"mime-type":"image\/jpeg","filesize":7074},"medium_large":{"file":"Header-Karsten-768x431.jpg","width":768,"height":431,"mime-type":"image\/jpeg","filesize":51548},"trp-custom-language-flag":{"file":"Header-Karsten-18x10.jpg","width":18,"height":10,"mime-type":"image\/jpeg","filesize":452}},"image_meta":{"aperture":"0","credit":"","camera":"","caption":"","created_timestamp":"0","copyright":"","focal_length":"0","iso":"0","shutter_speed":"0","title":"","orientation":"0","keywords":[]},"id":15731,"alt":"Karsten Warholm","caption":"","description":"","url":"https:\/\/www.puma-catchup.com\/wp-content\/uploads\/2020\/01\/Header-Karsten.jpg","title":"Header-Karsten","aspect_ratio":1.78125,"focalPointLeft":0.5,"focalPointTop":0},"headline":"Karsten Warholm named men\u2019s athlete of the year","categories":[{"term_id":18,"name":"Deportes","slug":"sports","term_group":0,"term_taxonomy_id":18,"taxonomy":"category","description":"","parent":0,"count":859,"filter":"raw","url":"https:\/\/www.puma-catchup.com\/es\/category\/sports\/"}],"theCategory":{"term_id":18,"name":"Deportes","slug":"sports","term_group":0,"term_taxonomy_id":18,"taxonomy":"category","description":"","parent":0,"count":859,"filter":"raw","url":"https:\/\/www.puma-catchup.com\/es\/category\/sports\/"},"isFeaturedArticle":true,"isTopArticle":true},"_links":{"self":[{"href":"https:\/\/www.puma-catchup.com\/es\/wp-json\/wp\/v2\/posts\/15710","targetHints":{"allow":["GET"]}}],"collection":[{"href":"https:\/\/www.puma-catchup.com\/es\/wp-json\/wp\/v2\/posts"}],"about":[{"href":"https:\/\/www.puma-catchup.com\/es\/wp-json\/wp\/v2\/types\/post"}],"author":[{"embeddable":true,"href":"https:\/\/www.puma-catchup.com\/es\/wp-json\/wp\/v2\/users\/5"}],"replies":[{"embeddable":true,"href":"https:\/\/www.puma-catchup.com\/es\/wp-json\/wp\/v2\/comments?post=15710"}],"version-history":[{"count":0,"href":"https:\/\/www.puma-catchup.com\/es\/wp-json\/wp\/v2\/posts\/15710\/revisions"}],"wp:featuredmedia":[{"embeddable":true,"href":"https:\/\/www.puma-catchup.com\/es\/wp-json\/wp\/v2\/media\/15731"}],"wp:attachment":[{"href":"https:\/\/www.puma-catchup.com\/es\/wp-json\/wp\/v2\/media?parent=15710"}],"wp:term":[{"taxonomy":"category","embeddable":true,"href":"https:\/\/www.puma-catchup.com\/es\/wp-json\/wp\/v2\/categories?post=15710"}],"curies":[{"name":"wp","href":"https:\/\/api.w.org\/{rel}","templated":true}]}}