{"id":14626,"date":"2019-10-28T15:35:05","date_gmt":"2019-10-28T14:35:05","guid":{"rendered":"https:\/\/www.puma-catchup.com\/?p=14626"},"modified":"2025-09-19T14:57:34","modified_gmt":"2025-09-19T14:57:34","slug":"a-well-deserved-title-for-puma-athlete-karsten-warholm","status":"publish","type":"post","link":"https:\/\/www.puma-catchup.com\/es\/sports\/a-well-deserved-title-for-puma-athlete-karsten-warholm\/","title":{"rendered":"\u00a1Un t\u00edtulo bien merecido para el atleta de PUMA Karsten Warholm!"},"content":{"rendered":"<!-- post header -->\n<div class=\"row rowSingleColumn\">\n    <div class=\"col breadcrumb\">\n        <a href=\"\/es\/\">Inicio<\/a>\/\n        <a href=\"\/es\/category\/sports\/\">Deportes<\/a>\/\n        \u00a1Un t\u00edtulo bien merecido para el atleta de PUMA Karsten Warholm!\n    <\/div>\n<\/div>\n<div class=\"row rowPostHeaderImage headerImageAnim\">\n    <div class=\"scrollAnim\" \n        id=\"postHeaderImage\"\n         style=\"width:100%;position:relative;overflow:hidden;        aspect-ratio:2        ;\" >\n    <img decoding=\"async\" alt=\"\"\n        class=\"\"\n        src=\"https:\/\/www.puma-catchup.com\/wp-content\/uploads\/2019\/10\/H2-Warholm.jpg\" style=\"transition: 0.35s all;height:100%;width:100%;        object-position: 50% 0%; object-fit: cover;\"\/>\n        <\/div>\n    \n<\/div>\n<div class=\"row rowSingleColumnWide rowPostHeader\">\n    <div id=\"postHeaderText\" class=\"col tcenter\" >\n        <div class=\"cat\"><a class=\"secondary\" href=\"https:\/\/www.puma-catchup.com\/es\/category\/sports\/\">Deportes<\/a><\/div>\n        <div id=\"headerSocialIcons\" class=\"headerSocialIcons tleft\">\n            <a class=\"facebook\" href=\"https:\/\/www.facebook.com\/sharer\/sharer.php?u=https%3A%2F%2Fwww.puma-catchup.com%2Fes%2Fsports%2Fa-well-deserved-title-for-puma-athlete-karsten-warholm%2F\" target=\"blank\"><\/a>\n            <a class=\"linkedin\" href=\"https:\/\/www.linkedin.com\/sharing\/share-offsite\/?url=https%3A%2F%2Fwww.puma-catchup.com%2Fes%2Fsports%2Fa-well-deserved-title-for-puma-athlete-karsten-warholm%2F\" target=\"blank\"><\/a>\n            <a class=\"x\" href=\"https:\/\/twitter.com\/share?url=https:\/\/www.puma-catchup.com\/es\/sports\/a-well-deserved-title-for-puma-athlete-karsten-warholm\/&#038;text=\" target=\"blank\"><\/a>\n            <a class=\"pinterest\" href=\"http:\/\/pinterest.com\/pin\/create\/button\/?url=https%3A%2F%2Fwww.puma-catchup.com%2Fes%2Fsports%2Fa-well-deserved-title-for-puma-athlete-karsten-warholm%2F\" target=\"blank\"><\/a>\n        <\/div>\n        <h1 class=\"\" >\u00a1Karsten Warholm, Atleta Europeo del A\u00f1o!<\/h1>\n        <div class=\"articleintro\" >Un t\u00edtulo bien merecido para la atleta de PUMA y vallista de talla mundial.<\/div>\n        <div class=\"date\">28 de octubre de 2019 <\/div>\n\n        <div id=\"\" class=\"headerSocialIconsMobile tcenter mobile\">\n            <a class=\"sharing\" id=\"mobileshare\" onclick='navigator.share({ \"title\": &quot;A well-deserved title for PUMA athlete Karsten Warholm!&quot;, \"text\": &quot;2019 simply is his year: PUMA athlete Karsten Warholm was crowned European Male Athlete of the Year 2019 at the annual Golden Tracks award ceremony that took place in Tallinn, Estonia on Saturday for his unique performance this year.\\n&quot;, \"url\": \"https:\/\/www.puma-catchup.com\/es\/sports\/a-well-deserved-title-for-puma-athlete-karsten-warholm\/\" })'  target=\"blank\"><\/a>\n            <a class=\"facebook\" href=\"https:\/\/www.facebook.com\/sharer\/sharer.php?u=https:\/\/www.puma-catchup.com\/es\/sports\/a-well-deserved-title-for-puma-athlete-karsten-warholm\/\" target=\"blank\"><\/a>\n            <a class=\"linkedin\" href=\"https:\/\/www.linkedin.com\/sharing\/share-offsite\/?url=https:\/\/www.puma-catchup.com\/es\/sports\/a-well-deserved-title-for-puma-athlete-karsten-warholm\/\" target=\"blank\"><\/a>\n            <a class=\"x\" href=\"https:\/\/twitter.com\/share?url=https%3A%2F%2Fwww.puma-catchup.com%2Fes%2Fsports%2Fa-well-deserved-title-for-puma-athlete-karsten-warholm%2F&#038;text=\" target=\"blank\"><\/a>\n            <a class=\"pinterest\" href=\"http:\/\/pinterest.com\/pin\/create\/button\/?url=https%3A%2F%2Fwww.puma-catchup.com%2Fes%2Fsports%2Fa-well-deserved-title-for-puma-athlete-karsten-warholm%2F\" target=\"blank\"><\/a>\n        <\/div>\n    <\/div>\n<\/div>\n<!-- row text single -->\n<div class=\"gradientnone\">\n<div class=\"row rowSingleColumnWide spacing\">\n    <div class=\"col articleText\">\n        <div class=\"textStyle_2b\" ><span class=\"textStyle_intro\">2019 es sencillamente su a\u00f1o: El atleta de PUMA Karsten Warholm fue coronado Atleta Europeo Masculino del A\u00f1o 2019 en la ceremonia anual de entrega de premios Golden Tracks que tuvo lugar el s\u00e1bado en Tallin, Estonia, por su actuaci\u00f3n \u00fanica este a\u00f1o.<\/span>\n<\/div>\n   <\/div>\n<\/div>\n<\/div>\n<!-- row text single -->\n<div class=\"gradientnone\">\n<div class=\"row rowSingleColumnWide spacing\">\n    <div class=\"col articleText\">\n        <div class=\"textStyle_2b\" ><br\/>Y eso es algo de lo que realmente puede estar orgulloso: defendi\u00f3 su <strong>t\u00edtulo mundial de 400 metros vallas<\/strong> en Doha hace unas semanas y corri\u00f3 el <strong>segundo mejor tiempo de la historia<\/strong> con 46,92 segundos en Z\u00farich este verano. Tambi\u00e9n es <strong>imbatido en 18 carreras en todas las distancias<\/strong> en 2019, rompi\u00f3 el <strong>R\u00e9cord europeo<\/strong> tres veces este a\u00f1o y es el <strong>Campe\u00f3n de la Liga de Diamante<\/strong> de 2019.<br\/>\n<\/div>\n   <\/div>\n<\/div>\n<\/div>\n<!-- row text single -->\n<div class=\"gradientnone\">\n<div class=\"row rowSingleColumnWide spacing\">\n    <div class=\"col articleText\">\n        <div class=\"textStyle_2b\" ><blockquote class=\"instagram-media\" style=\"background: #FFF; border: 0; border-radius: 3px; box-shadow: 0 0 1px 0 rgba(0,0,0,0.5),0 1px 10px 0 rgba(0,0,0,0.15); margin: 1px; max-width: 540px; min-width: 326px; padding: 0; width: calc(100% - 2px);\" data-instgrm-captioned=\"\" data-instgrm-permalink=\"https:\/\/www.instagram.com\/p\/B4F8PBtAM7j\/?utm_source=ig_embed&#038;utm_campaign=loading\" data-instgrm-version=\"12\">\n<div style=\"padding: 16px;\">\n<br\/>\u00a0<br\/>\n<div style=\"display: flex; flex-direction: row; align-items: center;\">\n<div style=\"background-color: #f4f4f4; border-radius: 50%; flex-grow: 0; height: 40px; margin-right: 14px; width: 40px;\"><\/div>\n<div style=\"display: flex; flex-direction: column; flex-grow: 1; justify-content: center;\">\n<div style=\"background-color: #f4f4f4; border-radius: 4px; flex-grow: 0; height: 14px; margin-bottom: 6px; width: 100px;\"><\/div>\n<div style=\"background-color: #f4f4f4; border-radius: 4px; flex-grow: 0; height: 14px; width: 60px;\"><\/div>\n<\/div>\n<\/div>\n<div style=\"padding: 19% 0;\"><\/div>\n<div style=\"display: block; height: 50px; margin: 0 auto 12px; width: 50px;\"><\/div>\n<div style=\"padding-top: 8px;\">\n<div style=\"color: #3897f0; font-family: Arial,sans-serif; font-size: 14px; font-style: normal; font-weight: 550; line-height: 18px;\">Sigue este art\u00edculo en Instagram<\/div>\n<\/div>\n<div style=\"padding: 12.5% 0;\"><\/div>\n<div style=\"display: flex; flex-direction: row; margin-bottom: 14px; align-items: center;\">\n<div>\n<div style=\"background-color: #f4f4f4; border-radius: 50%; height: 12.5px; width: 12.5px; transform: translateX(0px) translateY(7px);\"><\/div>\n<div style=\"background-color: #f4f4f4; height: 12.5px; transform: rotate(-45deg) translateX(3px) translateY(1px); width: 12.5px; flex-grow: 0; margin-right: 14px; margin-left: 2px;\"><\/div>\n<div style=\"background-color: #f4f4f4; border-radius: 50%; height: 12.5px; width: 12.5px; transform: translateX(9px) translateY(-18px);\"><\/div>\n<\/div>\n<div style=\"margin-left: 8px;\">\n<div style=\"background-color: #f4f4f4; border-radius: 50%; flex-grow: 0; height: 20px; width: 20px;\"><\/div>\n<div style=\"width: 0; height: 0; border-top: 2px solid transparent; border-left: 6px solid #f4f4f4; border-bottom: 2px solid transparent; transform: translateX(16px) translateY(-4px) rotate(30deg);\"><\/div>\n<\/div>\n<div style=\"margin-left: auto;\">\n<div style=\"width: 0px; border-top: 8px solid #F4F4F4; border-right: 8px solid transparent; transform: translateY(16px);\"><\/div>\n<div style=\"background-color: #f4f4f4; flex-grow: 0; height: 12px; width: 16px; transform: translateY(-4px);\"><\/div>\n<div style=\"width: 0; height: 0; border-top: 8px solid #F4F4F4; border-left: 8px solid transparent; transform: translateY(-4px) translateX(8px);\"><\/div>\n<\/div>\n<\/div>\n<br\/>\u00a0<br\/>\n<br\/>ATLETA EUROPEO MASCULINO DEL A\u00d1O. Gracias al entrenador, a mi equipo, a los patrocinadores, a la familia y a @europeanathletics ? Estoy muy proud\u2764\ufe0f<br\/>\n<br\/>Ein Beitrag geteilt von Karsten Warholm (@kwarholm) am Okt 26, 2019 um 12:16 PDT<br\/>\n<\/div>\n<\/blockquote>\n<br\/><br\/>\n<\/div>\n   <\/div>\n<\/div>\n<\/div>\n<!-- row text single -->\n<div class=\"gradientnone\">\n<div class=\"row rowSingleColumnWide spacing\">\n    <div class=\"col articleText\">\n        <div class=\"textStyle_2b\" ><br\/>En <strong>Trofeo al Atleta Europeo del A\u00f1o<\/strong> se concede cada a\u00f1o a deportistas de atletismo. A <strong>preseleccionar<\/strong> que selecciona a los mejores atletas europeos de cada prueba en funci\u00f3n de sus resultados en los principales campeonatos del a\u00f1o. Los aficionados, los medios de comunicaci\u00f3n y los miembros de las federaciones de la Asociaci\u00f3n Europea de Atletismo (AEA) pueden votar en l\u00ednea por su atleta favorito. Karsten Warholm fue preseleccionado para el trofeo masculino junto con sus compatriotas Pawel Fajdek, campe\u00f3n del mundo de lanzamiento de martillo (Polonia), Daniel Stahl, campe\u00f3n del mundo de lanzamiento de disco (Suecia), y Magus Kirt, l\u00edder mundial de jabalina (Estonia).<br\/>\n<br\/><strong>\u201cMi plan es seguir trabajando bien. S\u00e9 que los logros se consiguen en los entrenamientos y ah\u00ed es donde voy a poner todo mi empe\u00f1o\u201d.\u201d<\/strong> <strong>Karsten<\/strong> dijo a los periodistas, con la vista puesta en 2020, porque estamos cerca del pr\u00f3ximo gran acontecimiento: La <strong>Juegos Ol\u00edmpicos de Tokio<\/strong>, donde Karsten intentar\u00e1 continuar su historia de \u00e9xitos.<br\/>\n<\/div>\n   <\/div>\n<\/div>\n<\/div>\n<!-- row text single -->\n<div class=\"gradientnone\">\n<div class=\"row rowSingleColumnWide spacing\">\n    <div class=\"col articleText\">\n        <div class=\"textStyle_default\" ><h2>Carrera profesional<\/h2>\n<ul>\n<li>Campeona del mundo 2017 y 2019 en 400 metros vallas<\/li>\n<li>Campe\u00f3n de Europa 2018 de 400 metros vallas<\/li>\n<li>Campe\u00f3n de Europa en pista cubierta 2019 en 400 metros<\/li>\n<li>Campe\u00f3n de la Liga de Diamante 2019<\/li>\n<li>Titular europeo de Recorld<\/li>\n<\/ul>\n<p>\u00a0<\/p>\n<\/div>\n   <\/div>\n<\/div>\n<\/div>\n\n<div class=\"row articleMulti1 spacing\">\n\t    <div class=\"col articleTeaser\" >\n\t\t\t<a class=\"hoverzooma  scrollAnim\" href=\"https:\/\/www.puma-catchup.com\/es\/sports\/congrats-to-our-world-champion-over-400m-hurdles-karsten-warholm\/\" \n\t\t\t     tabindex=\"-1\" \n\t\t\t    id=\"14337\"\n\t\t\t     style=\"width:100%;position:relative;overflow:hidden;\t\t\t    aspect-ratio:1\t\t\t    ;\" >\n\t\t\t<img decoding=\"async\" alt=\"\"\n\t\t\t    class=\"hoverZoom\"\n\t\t\t    src=\"https:\/\/www.puma-catchup.com\/wp-content\/uploads\/2019\/10\/H2-Warholm.jpg\" style=\"transition: 0.35s all;height:100%;width:100%;\t\t\t    object-position: 50% 0%; object-fit: cover;\"\/>\n\t\t\t<\/a>\n\t\t\t\n\t\t\t<a href=\"https:\/\/www.puma-catchup.com\/es\/category\/sports\/\" class=\"secondary2\" style=\"margin-top: 17px;\">Deportes<\/a>\n\t        <h4>\u00a1Enhorabuena a nuestro Campe\u00f3n del Mundo de 400 metros vallas, Karsten Warholm!<\/h4>\n\t\t\t<div class=\"description shortExcerpt\">\n\t\t\t\tEl vallista de categor\u00eda mundial y atleta de PUMA Karsten Warholm lo ha vuelto a hacer: Tras proclamarse Campe\u00f3n del Mundo por primera vez hace dos a\u00f1os en Londres, defendi\u00f3 con \u00e9xito su t\u00edtulo de 400 metros vallas en el Campeonato del Mundo de Atletismo celebrado en Doha, Qatar.\n\n\t\t\t<\/div>\n\t\t\t<a class=\"primary\" href=\"https:\/\/www.puma-catchup.com\/es\/sports\/congrats-to-our-world-champion-over-400m-hurdles-karsten-warholm\/\" data-no-translation=\"\" data-trp-gettext=\"\">leer la historia<\/a>\n\t\t<\/div>\n<\/div>","protected":false},"excerpt":{"rendered":"<p>2019 es sencillamente su a\u00f1o: El atleta de PUMA Karsten Warholm fue coronado Atleta Europeo Masculino del A\u00f1o 2019 en la ceremonia anual de entrega de premios Golden Tracks que tuvo lugar el s\u00e1bado en Tallin, Estonia, por su actuaci\u00f3n \u00fanica este a\u00f1o.<\/p>","protected":false},"author":4,"featured_media":14346,"comment_status":"closed","ping_status":"closed","sticky":false,"template":"","format":"standard","meta":{"is_top_article":true,"is_featured_article":true,"EasyPostViewCounter":9644,"meta-headline":"","footnotes":""},"categories":[18],"class_list":["post-14626","post","type-post","status-publish","format-standard","has-post-thumbnail","hentry","category-sports"],"fullData":{"ID":14626,"post_author":"4","post_date":"2019-10-28 15:35:05","post_date_gmt":"2019-10-28 14:35:05","post_content":"<!-- wp:puma\/row-post-header {\"image\":{\"width\":1140,\"height\":640,\"file\":\"2019\/10\/H2-Warholm.jpg\",\"filesize\":51091,\"sizes\":{\"medium\":{\"file\":\"H2-Warholm-300x168.jpg\",\"width\":300,\"height\":168,\"mime-type\":\"image\/jpeg\",\"filesize\":8312},\"large\":{\"file\":\"H2-Warholm-1024x575.jpg\",\"width\":1024,\"height\":575,\"mime-type\":\"image\/jpeg\",\"filesize\":53096},\"thumbnail\":{\"file\":\"H2-Warholm-150x150.jpg\",\"width\":150,\"height\":150,\"mime-type\":\"image\/jpeg\",\"filesize\":4830},\"medium_large\":{\"file\":\"H2-Warholm-768x431.jpg\",\"width\":768,\"height\":431,\"mime-type\":\"image\/jpeg\",\"filesize\":32862},\"trp-custom-language-flag\":{\"file\":\"H2-Warholm-18x10.jpg\",\"width\":18,\"height\":10,\"mime-type\":\"image\/jpeg\",\"filesize\":467}},\"image_meta\":{\"aperture\":\"0\",\"credit\":\"\",\"camera\":\"\",\"caption\":\"\",\"created_timestamp\":\"0\",\"copyright\":\"\",\"focal_length\":\"0\",\"iso\":\"0\",\"shutter_speed\":\"0\",\"title\":\"\",\"orientation\":\"0\",\"keywords\":[]},\"id\":14346,\"alt\":\"\",\"caption\":\"\",\"description\":\"\",\"url\":\"https:\/\/www.puma-catchup.com\/wp-content\/uploads\/2019\/10\/H2-Warholm.jpg\",\"title\":\"H2-Warholm\",\"aspect_ratio\":1.78125,\"focalPointLeft\":0.5,\"focalPointTop\":0},\"headline\":\"Karsten Warholm, European Athlete of the Year!\",\"content\":\"A well-deserved title for the PUMA athlete and world class hurdler!\"} \/--><!-- wp:puma\/row-text-single {\"content\":\"\\u003cspan class=\\u0022textStyle_intro\\u0022\\u003e2019 simply is his year: PUMA athlete Karsten Warholm was crowned European Male Athlete of the Year 2019 at the annual Golden Tracks award ceremony that took place in Tallinn, Estonia on Saturday for his unique performance this year.\\u003c\/span\\u003e\\n\",\"width\":\"Wide\",\"aspect\":\"0\",\"style\":\"2b\"} \/--><!-- wp:puma\/row-text-single {\"content\":\"\\u0026lt;br\/\\u0026gt;And that\u2019s really something he can be proud of: he defended his \\u0026lt;strong\\u0026gt;world 400m hurdles title\\u0026lt;\/strong\\u0026gt; in Doha a few weeks ago and ran the \\u0026lt;strong\\u0026gt;second fastest time in history\\u0026lt;\/strong\\u0026gt; with 46.92 seconds in Zurich this summer. He is also \\u0026lt;strong\\u0026gt;unbeaten in 18 races across all distances\\u0026lt;\/strong\\u0026gt; in 2019, broke the \\u0026lt;strong\\u0026gt;European Record\\u0026lt;\/strong\\u0026gt; three times this year and is the \\u0026lt;strong\\u0026gt;Diamond League Champion\\u0026lt;\/strong\\u0026gt; of 2019.\\u0026lt;br\/\\u0026gt;\\n\",\"width\":\"Wide\",\"aspect\":\"0\",\"style\":\"2b\"} \/--><!-- wp:puma\/row-text-single {\"content\":\"\\u003cblockquote class=\\u0022instagram-media\\u0022 style=\\u0022background: #FFF; border: 0; border-radius: 3px; box-shadow: 0 0 1px 0 rgba(0,0,0,0.5),0 1px 10px 0 rgba(0,0,0,0.15); margin: 1px; max-width: 540px; min-width: 326px; padding: 0; width: calc(100% - 2px);\\u0022 data-instgrm-captioned=\\u0022\\u0022 data-instgrm-permalink=\\u0022https:\/\/www.instagram.com\/p\/B4F8PBtAM7j\/?utm_source=ig_embed\\u0026amp;utm_campaign=loading\\u0022 data-instgrm-version=\\u002212\\u0022\\u003e\\n\\u003cdiv style=\\u0022padding: 16px;\\u0022\\u003e\\n\\u0026lt;br\/\\u0026gt;\u00a0\\u0026lt;br\/\\u0026gt;\\n\\u003cdiv style=\\u0022display: flex; flex-direction: row; align-items: center;\\u0022\\u003e\\n\\u003cdiv style=\\u0022background-color: #f4f4f4; border-radius: 50%; flex-grow: 0; height: 40px; margin-right: 14px; width: 40px;\\u0022\\u003e\\u003c\/div\\u003e\\n\\u003cdiv style=\\u0022display: flex; flex-direction: column; flex-grow: 1; justify-content: center;\\u0022\\u003e\\n\\u003cdiv style=\\u0022background-color: #f4f4f4; border-radius: 4px; flex-grow: 0; height: 14px; margin-bottom: 6px; width: 100px;\\u0022\\u003e\\u003c\/div\\u003e\\n\\u003cdiv style=\\u0022background-color: #f4f4f4; border-radius: 4px; flex-grow: 0; height: 14px; width: 60px;\\u0022\\u003e\\u003c\/div\\u003e\\n\\u003c\/div\\u003e\\n\\u003c\/div\\u003e\\n\\u003cdiv style=\\u0022padding: 19% 0;\\u0022\\u003e\\u003c\/div\\u003e\\n\\u003cdiv style=\\u0022display: block; height: 50px; margin: 0 auto 12px; width: 50px;\\u0022\\u003e\\u003c\/div\\u003e\\n\\u003cdiv style=\\u0022padding-top: 8px;\\u0022\\u003e\\n\\u003cdiv style=\\u0022color: #3897f0; font-family: Arial,sans-serif; font-size: 14px; font-style: normal; font-weight: 550; line-height: 18px;\\u0022\\u003eSieh dir diesen Beitrag auf Instagram an\\u003c\/div\\u003e\\n\\u003c\/div\\u003e\\n\\u003cdiv style=\\u0022padding: 12.5% 0;\\u0022\\u003e\\u003c\/div\\u003e\\n\\u003cdiv style=\\u0022display: flex; flex-direction: row; margin-bottom: 14px; align-items: center;\\u0022\\u003e\\n\\u003cdiv\\u003e\\n\\u003cdiv style=\\u0022background-color: #f4f4f4; border-radius: 50%; height: 12.5px; width: 12.5px; transform: translateX(0px) translateY(7px);\\u0022\\u003e\\u003c\/div\\u003e\\n\\u003cdiv style=\\u0022background-color: #f4f4f4; height: 12.5px; transform: rotate(-45deg) translateX(3px) translateY(1px); width: 12.5px; flex-grow: 0; margin-right: 14px; margin-left: 2px;\\u0022\\u003e\\u003c\/div\\u003e\\n\\u003cdiv style=\\u0022background-color: #f4f4f4; border-radius: 50%; height: 12.5px; width: 12.5px; transform: translateX(9px) translateY(-18px);\\u0022\\u003e\\u003c\/div\\u003e\\n\\u003c\/div\\u003e\\n\\u003cdiv style=\\u0022margin-left: 8px;\\u0022\\u003e\\n\\u003cdiv style=\\u0022background-color: #f4f4f4; border-radius: 50%; flex-grow: 0; height: 20px; width: 20px;\\u0022\\u003e\\u003c\/div\\u003e\\n\\u003cdiv style=\\u0022width: 0; height: 0; border-top: 2px solid transparent; border-left: 6px solid #f4f4f4; border-bottom: 2px solid transparent; transform: translateX(16px) translateY(-4px) rotate(30deg);\\u0022\\u003e\\u003c\/div\\u003e\\n\\u003c\/div\\u003e\\n\\u003cdiv style=\\u0022margin-left: auto;\\u0022\\u003e\\n\\u003cdiv style=\\u0022width: 0px; border-top: 8px solid #F4F4F4; border-right: 8px solid transparent; transform: translateY(16px);\\u0022\\u003e\\u003c\/div\\u003e\\n\\u003cdiv style=\\u0022background-color: #f4f4f4; flex-grow: 0; height: 12px; width: 16px; transform: translateY(-4px);\\u0022\\u003e\\u003c\/div\\u003e\\n\\u003cdiv style=\\u0022width: 0; height: 0; border-top: 8px solid #F4F4F4; border-left: 8px solid transparent; transform: translateY(-4px) translateX(8px);\\u0022\\u003e\\u003c\/div\\u003e\\n\\u003c\/div\\u003e\\n\\u003c\/div\\u003e\\n\\u0026lt;br\/\\u0026gt;\u00a0\\u0026lt;br\/\\u0026gt;\\n\\u0026lt;br\/\\u0026gt;EUROPEAN MALE ATHLETE OF THE YEAR. Thanks to coach, my team, sponsors, family and @europeanathletics ? I\u2019m very proud\u2764\ufe0f\\u0026lt;br\/\\u0026gt;\\n\\u0026lt;br\/\\u0026gt;Ein Beitrag geteilt von  Karsten Warholm (@kwarholm) am Okt 26, 2019 um 12:16 PDT\\u0026lt;br\/\\u0026gt;\\n\\u003c\/div\\u003e\\n\\u003c\/blockquote\\u003e\\n\\u0026lt;br\/\\u0026gt;\\u0026lt;br\/\\u0026gt;\\n\",\"width\":\"Wide\",\"aspect\":\"0\",\"style\":\"2b\"} \/--><!-- wp:puma\/row-text-single {\"content\":\"\\u0026lt;br\/\\u0026gt;The \\u0026lt;strong\\u0026gt;European Athlete of the Year Trophy\\u0026lt;\/strong\\u0026gt; is awarded every year to sportspeople in athletics. A \\u0026lt;strong\\u0026gt;shortlist\\u0026lt;\/strong\\u0026gt; is created, selecting the top European athletes in each event based upon performances at the year\u2019s major championships. Fans, media and members of the European Athletic Association (EAA) federations can then vote for their favorite athlete online. Karsten Warholm was shortlisted for the men\u2019s trophy alongside fellow World Champions Pawel Fajdek from Poland (Hammer throw) Swedish Daniel Stahl (Discus Throw) and Estonian Magus Kirt, world leader in the javelin.\\u0026lt;br\/\\u0026gt;\\n\\u0026lt;br\/\\u0026gt;\\u0026lt;strong\\u0026gt;\u201cMy plan is to keep up the good work. I know that achievements are made in training and this is where I will put in the good work,\u201d\\u0026lt;\/strong\\u0026gt; \\u0026lt;strong\\u0026gt;Karsten\\u0026lt;\/strong\\u0026gt; told reporters, looking ahead to 2020, because we are close to the next big event: The \\u0026lt;strong\\u0026gt;Olympic Games in Tokyo\\u0026lt;\/strong\\u0026gt;, where Karsten will be aiming to continue his success story of course!\\u0026lt;br\/\\u0026gt;\\n\",\"width\":\"Wide\",\"aspect\":\"0\",\"style\":\"2b\"} \/--><!-- wp:puma\/row-text-single {\"content\":\"\\u003ch2\\u003eCareer Stats\\u003c\/h2\\u003e\\n\\u003cul\\u003e\\n\\u003cli\\u003eWorld Champion 2017 \\u0026amp; 2019 over 400m hurdles\\u003c\/li\\u003e\\n\\u003cli\\u003eEuropean Champion 2018 over 400m hurdles\\u003c\/li\\u003e\\n\\u003cli\\u003eEuropean Indoor Champion 2019 over 400m\\u003c\/li\\u003e\\n\\u003cli\\u003eDiamond League Champion 2019\\u003c\/li\\u003e\\n\\u003cli\\u003eEuropean Recorld Holder\\u003c\/li\\u003e\\n\\u003c\/ul\\u003e\\n\\u003cp\\u003e\\u0026nbsp;\\u003c\/p\\u003e\\n\",\"width\":\"Wide\",\"style\":\"default\"} \/--><!-- wp:puma\/row-article-multi {\"migrateBlock\":true,\"title\":\"\",\"mode\":\"manual\",\"numArticles\":1,\"manualArticles\":[{\"id\":14337}],\"aspect\":\"1\"} \/-->","post_title":"A well-deserved title for PUMA athlete Karsten Warholm!","post_excerpt":"2019 simply is his year: PUMA athlete Karsten Warholm was crowned European Male Athlete of the Year 2019 at the annual Golden Tracks award ceremony that took place in Tallinn, Estonia on Saturday for his unique performance this year.\n","post_status":"publish","comment_status":"closed","ping_status":"closed","post_password":"","post_name":"a-well-deserved-title-for-puma-athlete-karsten-warholm","to_ping":"","pinged":"","post_modified":"2025-09-19 14:57:34","post_modified_gmt":"2025-09-19 14:57:34","post_content_filtered":"","post_parent":0,"guid":"https:\/\/www.puma-catchup.com\/?p=14626","menu_order":0,"post_type":"post","post_mime_type":"","comment_count":"0","filter":"raw","ancestors":[],"page_template":"","post_category":[18],"tags_input":[],"id":14626,"author":"4","date":"2019-10-28 15:35:05","date_gmt":"2019-10-28 14:35:05","content":"<!-- wp:puma\/row-post-header {\"image\":{\"width\":1140,\"height\":640,\"file\":\"2019\/10\/H2-Warholm.jpg\",\"filesize\":51091,\"sizes\":{\"medium\":{\"file\":\"H2-Warholm-300x168.jpg\",\"width\":300,\"height\":168,\"mime-type\":\"image\/jpeg\",\"filesize\":8312},\"large\":{\"file\":\"H2-Warholm-1024x575.jpg\",\"width\":1024,\"height\":575,\"mime-type\":\"image\/jpeg\",\"filesize\":53096},\"thumbnail\":{\"file\":\"H2-Warholm-150x150.jpg\",\"width\":150,\"height\":150,\"mime-type\":\"image\/jpeg\",\"filesize\":4830},\"medium_large\":{\"file\":\"H2-Warholm-768x431.jpg\",\"width\":768,\"height\":431,\"mime-type\":\"image\/jpeg\",\"filesize\":32862},\"trp-custom-language-flag\":{\"file\":\"H2-Warholm-18x10.jpg\",\"width\":18,\"height\":10,\"mime-type\":\"image\/jpeg\",\"filesize\":467}},\"image_meta\":{\"aperture\":\"0\",\"credit\":\"\",\"camera\":\"\",\"caption\":\"\",\"created_timestamp\":\"0\",\"copyright\":\"\",\"focal_length\":\"0\",\"iso\":\"0\",\"shutter_speed\":\"0\",\"title\":\"\",\"orientation\":\"0\",\"keywords\":[]},\"id\":14346,\"alt\":\"\",\"caption\":\"\",\"description\":\"\",\"url\":\"https:\/\/www.puma-catchup.com\/wp-content\/uploads\/2019\/10\/H2-Warholm.jpg\",\"title\":\"H2-Warholm\",\"aspect_ratio\":1.78125,\"focalPointLeft\":0.5,\"focalPointTop\":0},\"headline\":\"Karsten Warholm, European Athlete of the Year!\",\"content\":\"A well-deserved title for the PUMA athlete and world class hurdler!\"} \/--><!-- wp:puma\/row-text-single {\"content\":\"\\u003cspan class=\\u0022textStyle_intro\\u0022\\u003e2019 simply is his year: PUMA athlete Karsten Warholm was crowned European Male Athlete of the Year 2019 at the annual Golden Tracks award ceremony that took place in Tallinn, Estonia on Saturday for his unique performance this year.\\u003c\/span\\u003e\\n\",\"width\":\"Wide\",\"aspect\":\"0\",\"style\":\"2b\"} \/--><!-- wp:puma\/row-text-single {\"content\":\"\\u0026lt;br\/\\u0026gt;And that\u2019s really something he can be proud of: he defended his \\u0026lt;strong\\u0026gt;world 400m hurdles title\\u0026lt;\/strong\\u0026gt; in Doha a few weeks ago and ran the \\u0026lt;strong\\u0026gt;second fastest time in history\\u0026lt;\/strong\\u0026gt; with 46.92 seconds in Zurich this summer. He is also \\u0026lt;strong\\u0026gt;unbeaten in 18 races across all distances\\u0026lt;\/strong\\u0026gt; in 2019, broke the \\u0026lt;strong\\u0026gt;European Record\\u0026lt;\/strong\\u0026gt; three times this year and is the \\u0026lt;strong\\u0026gt;Diamond League Champion\\u0026lt;\/strong\\u0026gt; of 2019.\\u0026lt;br\/\\u0026gt;\\n\",\"width\":\"Wide\",\"aspect\":\"0\",\"style\":\"2b\"} \/--><!-- wp:puma\/row-text-single {\"content\":\"\\u003cblockquote class=\\u0022instagram-media\\u0022 style=\\u0022background: #FFF; border: 0; border-radius: 3px; box-shadow: 0 0 1px 0 rgba(0,0,0,0.5),0 1px 10px 0 rgba(0,0,0,0.15); margin: 1px; max-width: 540px; min-width: 326px; padding: 0; width: calc(100% - 2px);\\u0022 data-instgrm-captioned=\\u0022\\u0022 data-instgrm-permalink=\\u0022https:\/\/www.instagram.com\/p\/B4F8PBtAM7j\/?utm_source=ig_embed\\u0026amp;utm_campaign=loading\\u0022 data-instgrm-version=\\u002212\\u0022\\u003e\\n\\u003cdiv style=\\u0022padding: 16px;\\u0022\\u003e\\n\\u0026lt;br\/\\u0026gt;\u00a0\\u0026lt;br\/\\u0026gt;\\n\\u003cdiv style=\\u0022display: flex; flex-direction: row; align-items: center;\\u0022\\u003e\\n\\u003cdiv style=\\u0022background-color: #f4f4f4; border-radius: 50%; flex-grow: 0; height: 40px; margin-right: 14px; width: 40px;\\u0022\\u003e\\u003c\/div\\u003e\\n\\u003cdiv style=\\u0022display: flex; flex-direction: column; flex-grow: 1; justify-content: center;\\u0022\\u003e\\n\\u003cdiv style=\\u0022background-color: #f4f4f4; border-radius: 4px; flex-grow: 0; height: 14px; margin-bottom: 6px; width: 100px;\\u0022\\u003e\\u003c\/div\\u003e\\n\\u003cdiv style=\\u0022background-color: #f4f4f4; border-radius: 4px; flex-grow: 0; height: 14px; width: 60px;\\u0022\\u003e\\u003c\/div\\u003e\\n\\u003c\/div\\u003e\\n\\u003c\/div\\u003e\\n\\u003cdiv style=\\u0022padding: 19% 0;\\u0022\\u003e\\u003c\/div\\u003e\\n\\u003cdiv style=\\u0022display: block; height: 50px; margin: 0 auto 12px; width: 50px;\\u0022\\u003e\\u003c\/div\\u003e\\n\\u003cdiv style=\\u0022padding-top: 8px;\\u0022\\u003e\\n\\u003cdiv style=\\u0022color: #3897f0; font-family: Arial,sans-serif; font-size: 14px; font-style: normal; font-weight: 550; line-height: 18px;\\u0022\\u003eSieh dir diesen Beitrag auf Instagram an\\u003c\/div\\u003e\\n\\u003c\/div\\u003e\\n\\u003cdiv style=\\u0022padding: 12.5% 0;\\u0022\\u003e\\u003c\/div\\u003e\\n\\u003cdiv style=\\u0022display: flex; flex-direction: row; margin-bottom: 14px; align-items: center;\\u0022\\u003e\\n\\u003cdiv\\u003e\\n\\u003cdiv style=\\u0022background-color: #f4f4f4; border-radius: 50%; height: 12.5px; width: 12.5px; transform: translateX(0px) translateY(7px);\\u0022\\u003e\\u003c\/div\\u003e\\n\\u003cdiv style=\\u0022background-color: #f4f4f4; height: 12.5px; transform: rotate(-45deg) translateX(3px) translateY(1px); width: 12.5px; flex-grow: 0; margin-right: 14px; margin-left: 2px;\\u0022\\u003e\\u003c\/div\\u003e\\n\\u003cdiv style=\\u0022background-color: #f4f4f4; border-radius: 50%; height: 12.5px; width: 12.5px; transform: translateX(9px) translateY(-18px);\\u0022\\u003e\\u003c\/div\\u003e\\n\\u003c\/div\\u003e\\n\\u003cdiv style=\\u0022margin-left: 8px;\\u0022\\u003e\\n\\u003cdiv style=\\u0022background-color: #f4f4f4; border-radius: 50%; flex-grow: 0; height: 20px; width: 20px;\\u0022\\u003e\\u003c\/div\\u003e\\n\\u003cdiv style=\\u0022width: 0; height: 0; border-top: 2px solid transparent; border-left: 6px solid #f4f4f4; border-bottom: 2px solid transparent; transform: translateX(16px) translateY(-4px) rotate(30deg);\\u0022\\u003e\\u003c\/div\\u003e\\n\\u003c\/div\\u003e\\n\\u003cdiv style=\\u0022margin-left: auto;\\u0022\\u003e\\n\\u003cdiv style=\\u0022width: 0px; border-top: 8px solid #F4F4F4; border-right: 8px solid transparent; transform: translateY(16px);\\u0022\\u003e\\u003c\/div\\u003e\\n\\u003cdiv style=\\u0022background-color: #f4f4f4; flex-grow: 0; height: 12px; width: 16px; transform: translateY(-4px);\\u0022\\u003e\\u003c\/div\\u003e\\n\\u003cdiv style=\\u0022width: 0; height: 0; border-top: 8px solid #F4F4F4; border-left: 8px solid transparent; transform: translateY(-4px) translateX(8px);\\u0022\\u003e\\u003c\/div\\u003e\\n\\u003c\/div\\u003e\\n\\u003c\/div\\u003e\\n\\u0026lt;br\/\\u0026gt;\u00a0\\u0026lt;br\/\\u0026gt;\\n\\u0026lt;br\/\\u0026gt;EUROPEAN MALE ATHLETE OF THE YEAR. Thanks to coach, my team, sponsors, family and @europeanathletics ? I\u2019m very proud\u2764\ufe0f\\u0026lt;br\/\\u0026gt;\\n\\u0026lt;br\/\\u0026gt;Ein Beitrag geteilt von  Karsten Warholm (@kwarholm) am Okt 26, 2019 um 12:16 PDT\\u0026lt;br\/\\u0026gt;\\n\\u003c\/div\\u003e\\n\\u003c\/blockquote\\u003e\\n\\u0026lt;br\/\\u0026gt;\\u0026lt;br\/\\u0026gt;\\n\",\"width\":\"Wide\",\"aspect\":\"0\",\"style\":\"2b\"} \/--><!-- wp:puma\/row-text-single {\"content\":\"\\u0026lt;br\/\\u0026gt;The \\u0026lt;strong\\u0026gt;European Athlete of the Year Trophy\\u0026lt;\/strong\\u0026gt; is awarded every year to sportspeople in athletics. A \\u0026lt;strong\\u0026gt;shortlist\\u0026lt;\/strong\\u0026gt; is created, selecting the top European athletes in each event based upon performances at the year\u2019s major championships. Fans, media and members of the European Athletic Association (EAA) federations can then vote for their favorite athlete online. Karsten Warholm was shortlisted for the men\u2019s trophy alongside fellow World Champions Pawel Fajdek from Poland (Hammer throw) Swedish Daniel Stahl (Discus Throw) and Estonian Magus Kirt, world leader in the javelin.\\u0026lt;br\/\\u0026gt;\\n\\u0026lt;br\/\\u0026gt;\\u0026lt;strong\\u0026gt;\u201cMy plan is to keep up the good work. I know that achievements are made in training and this is where I will put in the good work,\u201d\\u0026lt;\/strong\\u0026gt; \\u0026lt;strong\\u0026gt;Karsten\\u0026lt;\/strong\\u0026gt; told reporters, looking ahead to 2020, because we are close to the next big event: The \\u0026lt;strong\\u0026gt;Olympic Games in Tokyo\\u0026lt;\/strong\\u0026gt;, where Karsten will be aiming to continue his success story of course!\\u0026lt;br\/\\u0026gt;\\n\",\"width\":\"Wide\",\"aspect\":\"0\",\"style\":\"2b\"} \/--><!-- wp:puma\/row-text-single {\"content\":\"\\u003ch2\\u003eCareer Stats\\u003c\/h2\\u003e\\n\\u003cul\\u003e\\n\\u003cli\\u003eWorld Champion 2017 \\u0026amp; 2019 over 400m hurdles\\u003c\/li\\u003e\\n\\u003cli\\u003eEuropean Champion 2018 over 400m hurdles\\u003c\/li\\u003e\\n\\u003cli\\u003eEuropean Indoor Champion 2019 over 400m\\u003c\/li\\u003e\\n\\u003cli\\u003eDiamond League Champion 2019\\u003c\/li\\u003e\\n\\u003cli\\u003eEuropean Recorld Holder\\u003c\/li\\u003e\\n\\u003c\/ul\\u003e\\n\\u003cp\\u003e\\u0026nbsp;\\u003c\/p\\u003e\\n\",\"width\":\"Wide\",\"style\":\"default\"} \/--><!-- wp:puma\/row-article-multi {\"migrateBlock\":true,\"title\":\"\",\"mode\":\"manual\",\"numArticles\":1,\"manualArticles\":[{\"id\":14337}],\"aspect\":\"1\"} \/-->","title":"\u00a1Un t\u00edtulo bien merecido para el atleta de PUMA Karsten Warholm!","excerpt":"2019 es sencillamente su a\u00f1o: El atleta de PUMA Karsten Warholm fue coronado Atleta Europeo Masculino del A\u00f1o 2019 en la ceremonia anual de entrega de premios Golden Tracks que tuvo lugar el s\u00e1bado en Tallin, Estonia, por su actuaci\u00f3n \u00fanica este a\u00f1o.","status":"publish","password":"","name":"a-well-deserved-title-for-puma-athlete-karsten-warholm","modified":"2025-09-19 14:57:34","modified_gmt":"2025-09-19 14:57:34","content_filtered":"","parent":0,"type":"post","mime_type":"","template":"","category":[18],"datetime_local":"28 de octubre de 2019, 14:35","date_local":"28 de octubre de 2019","time_local":"14:35","slug":"a-well-deserved-title-for-puma-athlete-karsten-warholm","url":"https:\/\/www.puma-catchup.com\/es\/sports\/a-well-deserved-title-for-puma-athlete-karsten-warholm\/","featured_image":{"width":1140,"height":640,"file":"2019\/10\/H2-Warholm.jpg","filesize":51091,"sizes":{"medium":{"file":"H2-Warholm-300x168.jpg","width":300,"height":168,"mime-type":"image\/jpeg","filesize":8312},"large":{"file":"H2-Warholm-1024x575.jpg","width":1024,"height":575,"mime-type":"image\/jpeg","filesize":53096},"thumbnail":{"file":"H2-Warholm-150x150.jpg","width":150,"height":150,"mime-type":"image\/jpeg","filesize":4830},"medium_large":{"file":"H2-Warholm-768x431.jpg","width":768,"height":431,"mime-type":"image\/jpeg","filesize":32862},"trp-custom-language-flag":{"file":"H2-Warholm-18x10.jpg","width":18,"height":10,"mime-type":"image\/jpeg","filesize":467}},"image_meta":{"aperture":"0","credit":"","camera":"","caption":"","created_timestamp":"0","copyright":"","focal_length":"0","iso":"0","shutter_speed":"0","title":"","orientation":"0","keywords":[]},"id":14346,"alt":"","caption":"","description":"","url":"https:\/\/www.puma-catchup.com\/wp-content\/uploads\/2019\/10\/H2-Warholm.jpg","title":"H2-Warholm","aspect_ratio":1.78125,"focalPointLeft":0.5,"focalPointTop":0},"headline":"A well-deserved title for PUMA athlete Karsten Warholm!","categories":[{"term_id":18,"name":"Deportes","slug":"sports","term_group":0,"term_taxonomy_id":18,"taxonomy":"category","description":"","parent":0,"count":859,"filter":"raw","url":"https:\/\/www.puma-catchup.com\/es\/category\/sports\/"}],"theCategory":{"term_id":18,"name":"Deportes","slug":"sports","term_group":0,"term_taxonomy_id":18,"taxonomy":"category","description":"","parent":0,"count":859,"filter":"raw","url":"https:\/\/www.puma-catchup.com\/es\/category\/sports\/"},"isFeaturedArticle":true,"isTopArticle":true},"_links":{"self":[{"href":"https:\/\/www.puma-catchup.com\/es\/wp-json\/wp\/v2\/posts\/14626","targetHints":{"allow":["GET"]}}],"collection":[{"href":"https:\/\/www.puma-catchup.com\/es\/wp-json\/wp\/v2\/posts"}],"about":[{"href":"https:\/\/www.puma-catchup.com\/es\/wp-json\/wp\/v2\/types\/post"}],"author":[{"embeddable":true,"href":"https:\/\/www.puma-catchup.com\/es\/wp-json\/wp\/v2\/users\/4"}],"replies":[{"embeddable":true,"href":"https:\/\/www.puma-catchup.com\/es\/wp-json\/wp\/v2\/comments?post=14626"}],"version-history":[{"count":0,"href":"https:\/\/www.puma-catchup.com\/es\/wp-json\/wp\/v2\/posts\/14626\/revisions"}],"wp:featuredmedia":[{"embeddable":true,"href":"https:\/\/www.puma-catchup.com\/es\/wp-json\/wp\/v2\/media\/14346"}],"wp:attachment":[{"href":"https:\/\/www.puma-catchup.com\/es\/wp-json\/wp\/v2\/media?parent=14626"}],"wp:term":[{"taxonomy":"category","embeddable":true,"href":"https:\/\/www.puma-catchup.com\/es\/wp-json\/wp\/v2\/categories?post=14626"}],"curies":[{"name":"wp","href":"https:\/\/api.w.org\/{rel}","templated":true}]}}