{"id":11173,"date":"2019-01-24T11:27:29","date_gmt":"2019-01-24T10:27:29","guid":{"rendered":"https:\/\/www.puma-catchup.com\/?p=11173"},"modified":"2025-09-19T15:00:17","modified_gmt":"2025-09-19T15:00:17","slug":"puma-entered-a-long-time-collaboration-with-the-portuguese-athletics-federation","status":"publish","type":"post","link":"https:\/\/www.puma-catchup.com\/es\/sports\/puma-entered-a-long-time-collaboration-with-the-portuguese-athletics-federation\/","title":{"rendered":"PUMA inicia una larga colaboraci\u00f3n con la Federaci\u00f3n Portuguesa de Atletismo"},"content":{"rendered":"<!-- post header -->\n<div class=\"row rowSingleColumn\">\n    <div class=\"col breadcrumb\">\n        <a href=\"\/es\/\">Inicio<\/a>\/\n        <a href=\"\/es\/category\/sports\/\">Deportes<\/a>\/\n        PUMA inicia una larga colaboraci\u00f3n con la Federaci\u00f3n Portuguesa de Atletismo\n    <\/div>\n<\/div>\n<div class=\"row rowPostHeaderImage headerImageAnim\">\n    <div class=\"scrollAnim\" \n        id=\"postHeaderImage\"\n         style=\"width:100%;position:relative;overflow:hidden;        aspect-ratio:2        ;\" >\n    <img decoding=\"async\" alt=\"\"\n        class=\"\"\n        src=\"https:\/\/www.puma-catchup.com\/wp-content\/uploads\/2019\/01\/H2-Portugal.jpg\" style=\"transition: 0.35s all;height:100%;width:100%;        object-position: 50% 0%; object-fit: cover;\"\/>\n        <\/div>\n    \n<\/div>\n<div class=\"row rowSingleColumnWide rowPostHeader\">\n    <div id=\"postHeaderText\" class=\"col tcenter\" >\n        <div class=\"cat\"><a class=\"secondary\" href=\"https:\/\/www.puma-catchup.com\/es\/category\/sports\/\">Deportes<\/a><\/div>\n        <div id=\"headerSocialIcons\" class=\"headerSocialIcons tleft\">\n            <a class=\"facebook\" href=\"https:\/\/www.facebook.com\/sharer\/sharer.php?u=https%3A%2F%2Fwww.puma-catchup.com%2Fes%2Fsports%2Fpuma-entered-a-long-time-collaboration-with-the-portuguese-athletics-federation%2F\" target=\"blank\"><\/a>\n            <a class=\"linkedin\" href=\"https:\/\/www.linkedin.com\/sharing\/share-offsite\/?url=https%3A%2F%2Fwww.puma-catchup.com%2Fes%2Fsports%2Fpuma-entered-a-long-time-collaboration-with-the-portuguese-athletics-federation%2F\" target=\"blank\"><\/a>\n            <a class=\"x\" href=\"https:\/\/twitter.com\/share?url=https:\/\/www.puma-catchup.com\/es\/sports\/puma-entered-a-long-time-collaboration-with-the-portuguese-athletics-federation\/&#038;text=\" target=\"blank\"><\/a>\n            <a class=\"pinterest\" href=\"http:\/\/pinterest.com\/pin\/create\/button\/?url=https%3A%2F%2Fwww.puma-catchup.com%2Fes%2Fsports%2Fpuma-entered-a-long-time-collaboration-with-the-portuguese-athletics-federation%2F\" target=\"blank\"><\/a>\n        <\/div>\n        <h1 class=\"\" >Portugal salta y corre en PUMA<\/h1>\n        <div class=\"articleintro\" >PUMA inicia una larga colaboraci\u00f3n con la Federaci\u00f3n Portuguesa de Atletismo<\/div>\n        <div class=\"date\">24 de enero de 2019 <\/div>\n\n        <div id=\"\" class=\"headerSocialIconsMobile tcenter mobile\">\n            <a class=\"sharing\" id=\"mobileshare\" onclick='navigator.share({ \"title\": &quot;PUMA entered a long-time collaboration with the Portuguese Athletics Federation&quot;, \"text\": &quot;PUMA is expanding its team of European Athletics Federations: Joining Switzerland and Norway, the Portuguese Athletics Federation is the third to become part of the PUMA team!\\n&quot;, \"url\": \"https:\/\/www.puma-catchup.com\/es\/sports\/puma-entered-a-long-time-collaboration-with-the-portuguese-athletics-federation\/\" })'  target=\"blank\"><\/a>\n            <a class=\"facebook\" href=\"https:\/\/www.facebook.com\/sharer\/sharer.php?u=https:\/\/www.puma-catchup.com\/es\/sports\/puma-entered-a-long-time-collaboration-with-the-portuguese-athletics-federation\/\" target=\"blank\"><\/a>\n            <a class=\"linkedin\" href=\"https:\/\/www.linkedin.com\/sharing\/share-offsite\/?url=https:\/\/www.puma-catchup.com\/es\/sports\/puma-entered-a-long-time-collaboration-with-the-portuguese-athletics-federation\/\" target=\"blank\"><\/a>\n            <a class=\"x\" href=\"https:\/\/twitter.com\/share?url=https%3A%2F%2Fwww.puma-catchup.com%2Fes%2Fsports%2Fpuma-entered-a-long-time-collaboration-with-the-portuguese-athletics-federation%2F&#038;text=\" target=\"blank\"><\/a>\n            <a class=\"pinterest\" href=\"http:\/\/pinterest.com\/pin\/create\/button\/?url=https%3A%2F%2Fwww.puma-catchup.com%2Fes%2Fsports%2Fpuma-entered-a-long-time-collaboration-with-the-portuguese-athletics-federation%2F\" target=\"blank\"><\/a>\n        <\/div>\n    <\/div>\n<\/div>\n<!-- row text single -->\n<div class=\"gradientnone\">\n<div class=\"row rowSingleColumnWide spacing\">\n    <div class=\"col articleText\">\n        <div class=\"textStyle_2b\" ><span class=\"textStyle_intro\">PUMA ampl\u00eda su equipo de federaciones europeas de atletismo: Junto a Suiza y Noruega, la Federaci\u00f3n Portuguesa de Atletismo es la tercera en formar parte del equipo PUMA.<\/span>\n<\/div>\n   <\/div>\n<\/div>\n<\/div>\n<!-- row text single -->\n<div class=\"gradientnone\">\n<div class=\"row rowSingleColumnWide spacing\">\n    <div class=\"col articleText\">\n        <div class=\"textStyle_2b\" ><br\/><strong>\u201cPortugal tiene un gran patrimonio en atletismo, con fant\u00e1sticos atletas que han ganado medallas en competiciones europeas, mundiales y en los Juegos Ol\u00edmpicos. PUMA se complace en colaborar con las federaciones portuguesas de atletismo y con algunos de sus mejores atletas\u201d, <\/strong>explica Pascal Rolling, Director de Marketing Deportivo de PUMA<br\/>\n<br\/>En <strong>patrimonio<\/strong> que estamos hablando se refiere, entre otras cosas, a la <strong>actual r\u00e9cord de Europa de los 100 metros.<\/strong> Se fij\u00f3 en <strong>9,86 segundos<\/strong> por el atleta portugu\u00e9s Francis Obiorah Obiwelu en los Juegos Ol\u00edmpicos de 2004. Hasta hoy, el r\u00e9cord ha sido empatado por el velocista de PUMA Jimmy Vicaut, pero no batido por nadie.<br\/>\n<br\/>Tambi\u00e9n <strong>Carlos Lopes y Rosa Mota<\/strong> han sido campeones ol\u00edmpicos de <strong>Marat\u00f3n<\/strong> en 1984 y 1988. Corredor de fondo <strong>Fernanda Ribeiro<\/strong> ha ganado el <strong>oro en los Juegos de Atlanta 96<\/strong> mientras que el saltador de triple Nelson Evora subi\u00f3 al escal\u00f3n m\u00e1s alto del podio en 2008 en Pek\u00edn.<br\/>\n<br\/>\u00a0<br\/>\n<strong class=\"textStyle_description\">Atletas de talla mundial<\/strong>\n<br\/>Los atletas portugueses de talla mundial conceder\u00e1n ahora a PUMA <strong>gran visibilidad<\/strong> en grandes acontecimientos como Campeonatos de Europa, Campeonatos del Mundo o Juegos Ol\u00edmpicos de nuevo.<br\/>\n<br\/>Algunos de estos atletas de talla mundial son <strong>triple saltador Pedro Pichardo<\/strong> y <strong>Patr\u00edcia Mamona<\/strong> o <strong>El velocista de 400 metros Ricardo dos Santos.<\/strong><br\/>\n<br\/>La mejor marca personal de Pedro Pichardo es <strong>18,08m<\/strong>, que es el <strong>4\u00ba m\u00e1s lejano<\/strong> salto en la historia. El ex cubano, de 25 a\u00f1os, consigui\u00f3 ganar dos platas <strong>medallas<\/strong> en el <strong>Campeonatos del Mundo<\/strong> en 2013 y 2015, as\u00ed como varios\u00a0<strong>Reuniones de la liga diamante,<\/strong> competiciones de atletismo de \u00e9lite que se celebran a lo largo del a\u00f1o en todo el mundo.<br\/>\n<br\/><strong>Patr\u00edcia Mamona, de 30 a\u00f1os<\/strong> firm\u00f3 con PUMA hace s\u00f3lo dos semanas y es el <strong>Plusmarquista portugu\u00e9s de triple salto.<\/strong> En <strong>Finalista ol\u00edmpico de R\u00edo 2016<\/strong> y Campe\u00f3n de Europa de 2016 tiene un <strong>marca personal masiva de 14,65 m.<\/strong><br\/>\n<br\/>\u00a0<br\/>\n<\/div>\n   <\/div>\n<\/div>\n<\/div>\n<!-- row image multi 1 -->\n<div class=\"row rowImages2 spacing\">\n\t<div class=\"\">\n\t\t<div class=\"row inner\">\n\t\t\t<div class=\"col\">\n\t\t\t\t<h2 class=\"spacing2\">Federaci\u00f3n Portuguesa de Atletismo (FPA)<\/h2>\n\t\t\t    <div class=\"bgimage\" style=\"aspect-ratio:1.1612903225806  ; background-image: url('https:\/\/www.puma-catchup.com\/wp-content\/uploads\/2019\/01\/M2-Portugal.jpg'); background-size: cover;background-position: 50% 0%;width:100%\"><\/div>\n\t\t\t<\/div>\n\t\t\t<div class=\"col\">\n\t\t\t\t<h2 class=\"spacing2\">Patr\u00edcia Mamona<\/h2>\n\t\t\t    <div class=\"bgimage\" style=\"aspect-ratio:0.69230769230769  ; background-image: url('https:\/\/www.puma-catchup.com\/wp-content\/uploads\/2019\/01\/M1-Portugal.jpg'); background-size: cover;background-position: 50% 0%;width:100%\"><\/div>\n\t\t\t<\/div>\n\t\t<\/div>\n\t<\/div>\n<\/div>","protected":false},"excerpt":{"rendered":"<p>PUMA ampl\u00eda su equipo de federaciones europeas de atletismo: Junto a Suiza y Noruega, la Federaci\u00f3n Portuguesa de Atletismo es la tercera en formar parte del equipo PUMA.<\/p>","protected":false},"author":4,"featured_media":11181,"comment_status":"closed","ping_status":"closed","sticky":false,"template":"","format":"standard","meta":{"is_top_article":false,"is_featured_article":true,"EasyPostViewCounter":11395,"meta-headline":"","footnotes":""},"categories":[18],"class_list":["post-11173","post","type-post","status-publish","format-standard","has-post-thumbnail","hentry","category-sports"],"fullData":{"ID":11173,"post_author":"4","post_date":"2019-01-24 11:27:29","post_date_gmt":"2019-01-24 10:27:29","post_content":"<!-- wp:puma\/row-post-header {\"image\":{\"width\":1140,\"height\":640,\"file\":\"2019\/01\/H2-Portugal.jpg\",\"filesize\":208126,\"sizes\":{\"medium\":{\"file\":\"H2-Portugal-300x168.jpg\",\"width\":300,\"height\":168,\"mime-type\":\"image\/jpeg\",\"filesize\":16010},\"large\":{\"file\":\"H2-Portugal-1024x575.jpg\",\"width\":1024,\"height\":575,\"mime-type\":\"image\/jpeg\",\"filesize\":126431},\"thumbnail\":{\"file\":\"H2-Portugal-150x150.jpg\",\"width\":150,\"height\":150,\"mime-type\":\"image\/jpeg\",\"filesize\":7519},\"medium_large\":{\"file\":\"H2-Portugal-768x431.jpg\",\"width\":768,\"height\":431,\"mime-type\":\"image\/jpeg\",\"filesize\":77159},\"trp-custom-language-flag\":{\"file\":\"H2-Portugal-18x10.jpg\",\"width\":18,\"height\":10,\"mime-type\":\"image\/jpeg\",\"filesize\":469}},\"image_meta\":{\"aperture\":\"0\",\"credit\":\"\",\"camera\":\"\",\"caption\":\"\",\"created_timestamp\":\"0\",\"copyright\":\"\",\"focal_length\":\"0\",\"iso\":\"0\",\"shutter_speed\":\"0\",\"title\":\"\",\"orientation\":\"0\",\"keywords\":[]},\"id\":11181,\"alt\":\"\",\"caption\":\"\",\"description\":\"\",\"url\":\"https:\/\/www.puma-catchup.com\/wp-content\/uploads\/2019\/01\/H2-Portugal.jpg\",\"title\":\"H2-Portugal\",\"aspect_ratio\":1.78125,\"focalPointLeft\":0.5,\"focalPointTop\":0},\"headline\":\"Portugal jumps and runs in PUMA\",\"content\":\"PUMA entered a long-time collaboration with the Portuguese Athletics Federation\"} \/--><!-- wp:puma\/row-text-single {\"content\":\"\\u003cspan class=\\u0022textStyle_intro\\u0022\\u003ePUMA is expanding its team of European Athletics Federations: Joining Switzerland and Norway, the Portuguese Athletics Federation is the third to become part of the PUMA team!\\u003c\/span\\u003e\\n\",\"width\":\"Wide\",\"aspect\":\"0\",\"style\":\"2b\"} \/--><!-- wp:puma\/row-text-single {\"content\":\"\\u0026lt;br\/\\u0026gt;\\u0026lt;strong\\u0026gt;\u201cPortugal has a great heritage in Track and field with fantastic athletes winning medals in European, World and Olympic Games competitions. PUMA is glad to collaborate with the Portuguese athletics Federations and some of their best athletes\u201d, \\u0026lt;\/strong\\u0026gt;explains\u00a0Pascal Rolling, Head of Sports Marketing Running at PUMA\\u0026lt;br\/\\u0026gt;\\n\\u0026lt;br\/\\u0026gt;The \\u0026lt;strong\\u0026gt;heritage\\u0026lt;\/strong\\u0026gt; we are talking about refers, among others, to the \\u0026lt;strong\\u0026gt;current European record in the 100-meter.\\u0026lt;\/strong\\u0026gt; It was set at \\u0026lt;strong\\u0026gt;9.86 seconds\\u0026lt;\/strong\\u0026gt; by Portuguese Athlete Francis Obiorah Obiwelu at the Olympic Games in 2004. Until today, the record has been tied by PUMA sprinter Jimmy Vicaut, but not beaten by anyone.\\u0026lt;br\/\\u0026gt;\\n\\u0026lt;br\/\\u0026gt;Also \\u0026lt;strong\\u0026gt;Carlos Lopes and \u00a0Rosa Mota\\u0026lt;\/strong\\u0026gt; have been Olympic champion in the \\u0026lt;strong\\u0026gt;Marathon\\u0026lt;\/strong\\u0026gt; in 1984 and 1988. Long-distance runner \\u0026lt;strong\\u0026gt;Fernanda Ribeiro\\u0026lt;\/strong\\u0026gt; has won the \\u0026lt;strong\\u0026gt;gold in the Atlanta \u201996 Games\\u0026lt;\/strong\\u0026gt; while triple jumper\u00a0Nelson Evora stepped on the highest step of the podium in 2008 in Beijing.\\u0026lt;br\/\\u0026gt;\\n\\u0026lt;br\/\\u0026gt;\u00a0\\u0026lt;br\/\\u0026gt;\\n\\u003cstrong class=\\u0022textStyle_description\\u0022\\u003eWorld-Class Athletes\\u003c\/strong\\u003e\\n\\u0026lt;br\/\\u0026gt;Portugal\u2019s world-class athletes will now grant PUMA \\u0026lt;strong\\u0026gt;great visibility\\u0026lt;\/strong\\u0026gt; at major events like European Championships, World Championships or Olympic Games again.\\u0026lt;br\/\\u0026gt;\\n\\u0026lt;br\/\\u0026gt;Some of these world-class athletes are \\u0026lt;strong\\u0026gt;triple jumper Pedro Pichardo\\u0026lt;\/strong\\u0026gt; and \\u0026lt;strong\\u0026gt;Patr\u00edcia Mamona\\u0026lt;\/strong\\u0026gt; or \\u0026lt;strong\\u0026gt;400-meter sprinter Ricardo dos Santos.\\u0026lt;\/strong\\u0026gt;\\u0026lt;br\/\\u0026gt;\\n\\u0026lt;br\/\\u0026gt;Pedro Pichardo\u2019s personal best is \\u0026lt;strong\\u0026gt;18,08m\\u0026lt;\/strong\\u0026gt;, which is the \\u0026lt;strong\\u0026gt;4th furthest\\u0026lt;\/strong\\u0026gt; jump in history.\u00a0The 25-year-old former Cuban managed to win two silver \\u0026lt;strong\\u0026gt;medals\\u0026lt;\/strong\\u0026gt; at the \\u0026lt;strong\\u0026gt;World Championships\\u0026lt;\/strong\\u0026gt; in 2013 and 2015 as well as several\u00a0\\u0026lt;strong\\u0026gt;Diamond league meetings,\\u0026lt;\/strong\\u0026gt; elite track and field competitions that are held throughout the year around the globe.\\u0026lt;br\/\\u0026gt;\\n\\u0026lt;br\/\\u0026gt;\\u0026lt;strong\\u0026gt;30-year-old Patr\u00edcia Mamona\\u0026lt;\/strong\\u0026gt; signed with PUMA only two weeks ago and is the \\u0026lt;strong\\u0026gt;Portuguese triple jump record holder.\\u0026lt;\/strong\\u0026gt; The \\u0026lt;strong\\u0026gt;Olympic-Finalist from Rio 2016\\u0026lt;\/strong\\u0026gt; and European Champion from 2016 has a \\u0026lt;strong\\u0026gt;massive Personal Best of 14,65m.\\u0026lt;\/strong\\u0026gt;\\u0026lt;br\/\\u0026gt;\\n\\u0026lt;br\/\\u0026gt;\u00a0\\u0026lt;br\/\\u0026gt;\\n\",\"width\":\"Wide\",\"aspect\":\"0\",\"style\":\"2b\"} \/--><!-- wp:puma\/row-image-multi {\"migrateBlock\":true,\"title\":\"\",\"images\":[{\"width\":720,\"height\":620,\"file\":\"2019\/01\/M2-Portugal.jpg\",\"filesize\":34423,\"sizes\":{\"medium\":{\"file\":\"M2-Portugal-300x258.jpg\",\"width\":300,\"height\":258,\"mime-type\":\"image\/jpeg\",\"filesize\":9338},\"thumbnail\":{\"file\":\"M2-Portugal-150x150.jpg\",\"width\":150,\"height\":150,\"mime-type\":\"image\/jpeg\",\"filesize\":4234},\"trp-custom-language-flag\":{\"file\":\"M2-Portugal-14x12.jpg\",\"width\":14,\"height\":12,\"mime-type\":\"image\/jpeg\",\"filesize\":387}},\"image_meta\":{\"aperture\":\"0\",\"credit\":\"\",\"camera\":\"\",\"caption\":\"\",\"created_timestamp\":\"0\",\"copyright\":\"\",\"focal_length\":\"0\",\"iso\":\"0\",\"shutter_speed\":\"0\",\"title\":\"\",\"orientation\":\"0\",\"keywords\":[]},\"id\":11179,\"alt\":\"\",\"caption\":\"\",\"description\":\"\",\"url\":\"https:\/\/www.puma-catchup.com\/wp-content\/uploads\/2019\/01\/M2-Portugal.jpg\",\"title\":\"M2-Portugal\",\"aspect_ratio\":1.1612903225806452,\"focalPointLeft\":0.5,\"focalPointTop\":0},{\"width\":720,\"height\":1040,\"file\":\"2019\/01\/M1-Portugal.jpg\",\"filesize\":32985,\"sizes\":{\"medium\":{\"file\":\"M1-Portugal-208x300.jpg\",\"width\":208,\"height\":300,\"mime-type\":\"image\/jpeg\",\"filesize\":7449},\"large\":{\"file\":\"M1-Portugal-709x1024.jpg\",\"width\":709,\"height\":1024,\"mime-type\":\"image\/jpeg\",\"filesize\":41071},\"thumbnail\":{\"file\":\"M1-Portugal-150x150.jpg\",\"width\":150,\"height\":150,\"mime-type\":\"image\/jpeg\",\"filesize\":3881},\"trp-custom-language-flag\":{\"file\":\"M1-Portugal-8x12.jpg\",\"width\":8,\"height\":12,\"mime-type\":\"image\/jpeg\",\"filesize\":362}},\"image_meta\":{\"aperture\":\"0\",\"credit\":\"\",\"camera\":\"\",\"caption\":\"\",\"created_timestamp\":\"0\",\"copyright\":\"\",\"focal_length\":\"0\",\"iso\":\"0\",\"shutter_speed\":\"0\",\"title\":\"\",\"orientation\":\"0\",\"keywords\":[]},\"id\":11177,\"alt\":\"\",\"caption\":\"\",\"description\":\"\",\"url\":\"https:\/\/www.puma-catchup.com\/wp-content\/uploads\/2019\/01\/M1-Portugal.jpg\",\"title\":\"M1-Portugal\",\"aspect_ratio\":0.6923076923076923,\"focalPointLeft\":0.5,\"focalPointTop\":0}],\"headlines\":[\"Federa\u00e7\u00e3o Portuguesa de Atletismo (FPA)\",\"Patr\u00edcia Mamona\"],\"showCaptions\":[false,false],\"portraitMode\":[false,true],\"aspect\":\"0\",\"style\":\"2\"} \/-->","post_title":"PUMA entered a long-time collaboration with the Portuguese Athletics Federation","post_excerpt":"PUMA is expanding its team of European Athletics Federations: Joining Switzerland and Norway, the Portuguese Athletics Federation is the third to become part of the PUMA team!\n","post_status":"publish","comment_status":"closed","ping_status":"closed","post_password":"","post_name":"puma-entered-a-long-time-collaboration-with-the-portuguese-athletics-federation","to_ping":"","pinged":"","post_modified":"2025-09-19 15:00:17","post_modified_gmt":"2025-09-19 15:00:17","post_content_filtered":"","post_parent":0,"guid":"https:\/\/www.puma-catchup.com\/?p=11173","menu_order":0,"post_type":"post","post_mime_type":"","comment_count":"0","filter":"raw","ancestors":[],"page_template":"","post_category":[18],"tags_input":[],"id":11173,"author":"4","date":"2019-01-24 11:27:29","date_gmt":"2019-01-24 10:27:29","content":"<!-- wp:puma\/row-post-header {\"image\":{\"width\":1140,\"height\":640,\"file\":\"2019\/01\/H2-Portugal.jpg\",\"filesize\":208126,\"sizes\":{\"medium\":{\"file\":\"H2-Portugal-300x168.jpg\",\"width\":300,\"height\":168,\"mime-type\":\"image\/jpeg\",\"filesize\":16010},\"large\":{\"file\":\"H2-Portugal-1024x575.jpg\",\"width\":1024,\"height\":575,\"mime-type\":\"image\/jpeg\",\"filesize\":126431},\"thumbnail\":{\"file\":\"H2-Portugal-150x150.jpg\",\"width\":150,\"height\":150,\"mime-type\":\"image\/jpeg\",\"filesize\":7519},\"medium_large\":{\"file\":\"H2-Portugal-768x431.jpg\",\"width\":768,\"height\":431,\"mime-type\":\"image\/jpeg\",\"filesize\":77159},\"trp-custom-language-flag\":{\"file\":\"H2-Portugal-18x10.jpg\",\"width\":18,\"height\":10,\"mime-type\":\"image\/jpeg\",\"filesize\":469}},\"image_meta\":{\"aperture\":\"0\",\"credit\":\"\",\"camera\":\"\",\"caption\":\"\",\"created_timestamp\":\"0\",\"copyright\":\"\",\"focal_length\":\"0\",\"iso\":\"0\",\"shutter_speed\":\"0\",\"title\":\"\",\"orientation\":\"0\",\"keywords\":[]},\"id\":11181,\"alt\":\"\",\"caption\":\"\",\"description\":\"\",\"url\":\"https:\/\/www.puma-catchup.com\/wp-content\/uploads\/2019\/01\/H2-Portugal.jpg\",\"title\":\"H2-Portugal\",\"aspect_ratio\":1.78125,\"focalPointLeft\":0.5,\"focalPointTop\":0},\"headline\":\"Portugal jumps and runs in PUMA\",\"content\":\"PUMA entered a long-time collaboration with the Portuguese Athletics Federation\"} \/--><!-- wp:puma\/row-text-single {\"content\":\"\\u003cspan class=\\u0022textStyle_intro\\u0022\\u003ePUMA is expanding its team of European Athletics Federations: Joining Switzerland and Norway, the Portuguese Athletics Federation is the third to become part of the PUMA team!\\u003c\/span\\u003e\\n\",\"width\":\"Wide\",\"aspect\":\"0\",\"style\":\"2b\"} \/--><!-- wp:puma\/row-text-single {\"content\":\"\\u0026lt;br\/\\u0026gt;\\u0026lt;strong\\u0026gt;\u201cPortugal has a great heritage in Track and field with fantastic athletes winning medals in European, World and Olympic Games competitions. PUMA is glad to collaborate with the Portuguese athletics Federations and some of their best athletes\u201d, \\u0026lt;\/strong\\u0026gt;explains\u00a0Pascal Rolling, Head of Sports Marketing Running at PUMA\\u0026lt;br\/\\u0026gt;\\n\\u0026lt;br\/\\u0026gt;The \\u0026lt;strong\\u0026gt;heritage\\u0026lt;\/strong\\u0026gt; we are talking about refers, among others, to the \\u0026lt;strong\\u0026gt;current European record in the 100-meter.\\u0026lt;\/strong\\u0026gt; It was set at \\u0026lt;strong\\u0026gt;9.86 seconds\\u0026lt;\/strong\\u0026gt; by Portuguese Athlete Francis Obiorah Obiwelu at the Olympic Games in 2004. Until today, the record has been tied by PUMA sprinter Jimmy Vicaut, but not beaten by anyone.\\u0026lt;br\/\\u0026gt;\\n\\u0026lt;br\/\\u0026gt;Also \\u0026lt;strong\\u0026gt;Carlos Lopes and \u00a0Rosa Mota\\u0026lt;\/strong\\u0026gt; have been Olympic champion in the \\u0026lt;strong\\u0026gt;Marathon\\u0026lt;\/strong\\u0026gt; in 1984 and 1988. Long-distance runner \\u0026lt;strong\\u0026gt;Fernanda Ribeiro\\u0026lt;\/strong\\u0026gt; has won the \\u0026lt;strong\\u0026gt;gold in the Atlanta \u201996 Games\\u0026lt;\/strong\\u0026gt; while triple jumper\u00a0Nelson Evora stepped on the highest step of the podium in 2008 in Beijing.\\u0026lt;br\/\\u0026gt;\\n\\u0026lt;br\/\\u0026gt;\u00a0\\u0026lt;br\/\\u0026gt;\\n\\u003cstrong class=\\u0022textStyle_description\\u0022\\u003eWorld-Class Athletes\\u003c\/strong\\u003e\\n\\u0026lt;br\/\\u0026gt;Portugal\u2019s world-class athletes will now grant PUMA \\u0026lt;strong\\u0026gt;great visibility\\u0026lt;\/strong\\u0026gt; at major events like European Championships, World Championships or Olympic Games again.\\u0026lt;br\/\\u0026gt;\\n\\u0026lt;br\/\\u0026gt;Some of these world-class athletes are \\u0026lt;strong\\u0026gt;triple jumper Pedro Pichardo\\u0026lt;\/strong\\u0026gt; and \\u0026lt;strong\\u0026gt;Patr\u00edcia Mamona\\u0026lt;\/strong\\u0026gt; or \\u0026lt;strong\\u0026gt;400-meter sprinter Ricardo dos Santos.\\u0026lt;\/strong\\u0026gt;\\u0026lt;br\/\\u0026gt;\\n\\u0026lt;br\/\\u0026gt;Pedro Pichardo\u2019s personal best is \\u0026lt;strong\\u0026gt;18,08m\\u0026lt;\/strong\\u0026gt;, which is the \\u0026lt;strong\\u0026gt;4th furthest\\u0026lt;\/strong\\u0026gt; jump in history.\u00a0The 25-year-old former Cuban managed to win two silver \\u0026lt;strong\\u0026gt;medals\\u0026lt;\/strong\\u0026gt; at the \\u0026lt;strong\\u0026gt;World Championships\\u0026lt;\/strong\\u0026gt; in 2013 and 2015 as well as several\u00a0\\u0026lt;strong\\u0026gt;Diamond league meetings,\\u0026lt;\/strong\\u0026gt; elite track and field competitions that are held throughout the year around the globe.\\u0026lt;br\/\\u0026gt;\\n\\u0026lt;br\/\\u0026gt;\\u0026lt;strong\\u0026gt;30-year-old Patr\u00edcia Mamona\\u0026lt;\/strong\\u0026gt; signed with PUMA only two weeks ago and is the \\u0026lt;strong\\u0026gt;Portuguese triple jump record holder.\\u0026lt;\/strong\\u0026gt; The \\u0026lt;strong\\u0026gt;Olympic-Finalist from Rio 2016\\u0026lt;\/strong\\u0026gt; and European Champion from 2016 has a \\u0026lt;strong\\u0026gt;massive Personal Best of 14,65m.\\u0026lt;\/strong\\u0026gt;\\u0026lt;br\/\\u0026gt;\\n\\u0026lt;br\/\\u0026gt;\u00a0\\u0026lt;br\/\\u0026gt;\\n\",\"width\":\"Wide\",\"aspect\":\"0\",\"style\":\"2b\"} \/--><!-- wp:puma\/row-image-multi {\"migrateBlock\":true,\"title\":\"\",\"images\":[{\"width\":720,\"height\":620,\"file\":\"2019\/01\/M2-Portugal.jpg\",\"filesize\":34423,\"sizes\":{\"medium\":{\"file\":\"M2-Portugal-300x258.jpg\",\"width\":300,\"height\":258,\"mime-type\":\"image\/jpeg\",\"filesize\":9338},\"thumbnail\":{\"file\":\"M2-Portugal-150x150.jpg\",\"width\":150,\"height\":150,\"mime-type\":\"image\/jpeg\",\"filesize\":4234},\"trp-custom-language-flag\":{\"file\":\"M2-Portugal-14x12.jpg\",\"width\":14,\"height\":12,\"mime-type\":\"image\/jpeg\",\"filesize\":387}},\"image_meta\":{\"aperture\":\"0\",\"credit\":\"\",\"camera\":\"\",\"caption\":\"\",\"created_timestamp\":\"0\",\"copyright\":\"\",\"focal_length\":\"0\",\"iso\":\"0\",\"shutter_speed\":\"0\",\"title\":\"\",\"orientation\":\"0\",\"keywords\":[]},\"id\":11179,\"alt\":\"\",\"caption\":\"\",\"description\":\"\",\"url\":\"https:\/\/www.puma-catchup.com\/wp-content\/uploads\/2019\/01\/M2-Portugal.jpg\",\"title\":\"M2-Portugal\",\"aspect_ratio\":1.1612903225806452,\"focalPointLeft\":0.5,\"focalPointTop\":0},{\"width\":720,\"height\":1040,\"file\":\"2019\/01\/M1-Portugal.jpg\",\"filesize\":32985,\"sizes\":{\"medium\":{\"file\":\"M1-Portugal-208x300.jpg\",\"width\":208,\"height\":300,\"mime-type\":\"image\/jpeg\",\"filesize\":7449},\"large\":{\"file\":\"M1-Portugal-709x1024.jpg\",\"width\":709,\"height\":1024,\"mime-type\":\"image\/jpeg\",\"filesize\":41071},\"thumbnail\":{\"file\":\"M1-Portugal-150x150.jpg\",\"width\":150,\"height\":150,\"mime-type\":\"image\/jpeg\",\"filesize\":3881},\"trp-custom-language-flag\":{\"file\":\"M1-Portugal-8x12.jpg\",\"width\":8,\"height\":12,\"mime-type\":\"image\/jpeg\",\"filesize\":362}},\"image_meta\":{\"aperture\":\"0\",\"credit\":\"\",\"camera\":\"\",\"caption\":\"\",\"created_timestamp\":\"0\",\"copyright\":\"\",\"focal_length\":\"0\",\"iso\":\"0\",\"shutter_speed\":\"0\",\"title\":\"\",\"orientation\":\"0\",\"keywords\":[]},\"id\":11177,\"alt\":\"\",\"caption\":\"\",\"description\":\"\",\"url\":\"https:\/\/www.puma-catchup.com\/wp-content\/uploads\/2019\/01\/M1-Portugal.jpg\",\"title\":\"M1-Portugal\",\"aspect_ratio\":0.6923076923076923,\"focalPointLeft\":0.5,\"focalPointTop\":0}],\"headlines\":[\"Federa\u00e7\u00e3o Portuguesa de Atletismo (FPA)\",\"Patr\u00edcia Mamona\"],\"showCaptions\":[false,false],\"portraitMode\":[false,true],\"aspect\":\"0\",\"style\":\"2\"} \/-->","title":"PUMA inicia una larga colaboraci\u00f3n con la Federaci\u00f3n Portuguesa de Atletismo","excerpt":"PUMA ampl\u00eda su equipo de federaciones europeas de atletismo: Junto a Suiza y Noruega, la Federaci\u00f3n Portuguesa de Atletismo es la tercera en formar parte del equipo PUMA.","status":"publish","password":"","name":"Puma inici\u00f3 una colaboraci\u00f3n a largo plazo con la Federaci\u00f3n Portuguesa de Atletismo.","modified":"2025-09-19 15:00:17","modified_gmt":"2025-09-19 15:00:17","content_filtered":"","parent":0,"type":"post","mime_type":"","template":"","category":[18],"datetime_local":"24 de enero de 2019, 10:27","date_local":"24 de enero de 2019","time_local":"10:27","slug":"puma-entered-a-long-time-collaboration-with-the-portuguese-athletics-federation","url":"https:\/\/www.puma-catchup.com\/es\/sports\/puma-entered-a-long-time-collaboration-with-the-portuguese-athletics-federation\/","featured_image":{"width":1140,"height":640,"file":"2019\/01\/H2-Portugal.jpg","filesize":208126,"sizes":{"medium":{"file":"H2-Portugal-300x168.jpg","width":300,"height":168,"mime-type":"image\/jpeg","filesize":16010},"large":{"file":"H2-Portugal-1024x575.jpg","width":1024,"height":575,"mime-type":"image\/jpeg","filesize":126431},"thumbnail":{"file":"H2-Portugal-150x150.jpg","width":150,"height":150,"mime-type":"image\/jpeg","filesize":7519},"medium_large":{"file":"H2-Portugal-768x431.jpg","width":768,"height":431,"mime-type":"image\/jpeg","filesize":77159},"trp-custom-language-flag":{"file":"H2-Portugal-18x10.jpg","width":18,"height":10,"mime-type":"image\/jpeg","filesize":469}},"image_meta":{"aperture":"0","credit":"","camera":"","caption":"","created_timestamp":"0","copyright":"","focal_length":"0","iso":"0","shutter_speed":"0","title":"","orientation":"0","keywords":[]},"id":11181,"alt":"","caption":"","description":"","url":"https:\/\/www.puma-catchup.com\/wp-content\/uploads\/2019\/01\/H2-Portugal.jpg","title":"H2-Portugal","aspect_ratio":1.78125,"focalPointLeft":0.5,"focalPointTop":0},"headline":"PUMA entered a long-time collaboration with the Portuguese Athletics Federation","categories":[{"term_id":18,"name":"Deportes","slug":"sports","term_group":0,"term_taxonomy_id":18,"taxonomy":"category","description":"","parent":0,"count":860,"filter":"raw","url":"https:\/\/www.puma-catchup.com\/es\/category\/sports\/"}],"theCategory":{"term_id":18,"name":"Deportes","slug":"sports","term_group":0,"term_taxonomy_id":18,"taxonomy":"category","description":"","parent":0,"count":860,"filter":"raw","url":"https:\/\/www.puma-catchup.com\/es\/category\/sports\/"},"isFeaturedArticle":true,"isTopArticle":false},"_links":{"self":[{"href":"https:\/\/www.puma-catchup.com\/es\/wp-json\/wp\/v2\/posts\/11173","targetHints":{"allow":["GET"]}}],"collection":[{"href":"https:\/\/www.puma-catchup.com\/es\/wp-json\/wp\/v2\/posts"}],"about":[{"href":"https:\/\/www.puma-catchup.com\/es\/wp-json\/wp\/v2\/types\/post"}],"author":[{"embeddable":true,"href":"https:\/\/www.puma-catchup.com\/es\/wp-json\/wp\/v2\/users\/4"}],"replies":[{"embeddable":true,"href":"https:\/\/www.puma-catchup.com\/es\/wp-json\/wp\/v2\/comments?post=11173"}],"version-history":[{"count":0,"href":"https:\/\/www.puma-catchup.com\/es\/wp-json\/wp\/v2\/posts\/11173\/revisions"}],"wp:featuredmedia":[{"embeddable":true,"href":"https:\/\/www.puma-catchup.com\/es\/wp-json\/wp\/v2\/media\/11181"}],"wp:attachment":[{"href":"https:\/\/www.puma-catchup.com\/es\/wp-json\/wp\/v2\/media?parent=11173"}],"wp:term":[{"taxonomy":"category","embeddable":true,"href":"https:\/\/www.puma-catchup.com\/es\/wp-json\/wp\/v2\/categories?post=11173"}],"curies":[{"name":"wp","href":"https:\/\/api.w.org\/{rel}","templated":true}]}}