{"id":10086,"date":"2018-10-29T09:00:55","date_gmt":"2018-10-29T08:00:55","guid":{"rendered":"https:\/\/www.puma-catchup.com\/?p=10086"},"modified":"2025-09-19T15:01:25","modified_gmt":"2025-09-19T15:01:25","slug":"david-el-mago-silva-joins-puma-football","status":"publish","type":"post","link":"https:\/\/www.puma-catchup.com\/es\/sports\/david-el-mago-silva-joins-puma-football\/","title":{"rendered":"David \u201cEl Mago\u201d Silva se une a PUMA Football"},"content":{"rendered":"<!-- post header -->\n<div class=\"row rowSingleColumn\">\n    <div class=\"col breadcrumb\">\n        <a href=\"\/es\/\">Inicio<\/a>\/\n        <a href=\"\/es\/category\/sports\/\">Deportes<\/a>\/\n        David \u201cEl Mago\u201d Silva se une a PUMA Football\n    <\/div>\n<\/div>\n<div class=\"row rowPostHeaderImage headerImageAnim\">\n    <div class=\"scrollAnim\" \n        id=\"postHeaderImage\"\n         style=\"width:100%;position:relative;overflow:hidden;        aspect-ratio:2        ;\" >\n    <img decoding=\"async\" alt=\"\"\n        class=\"\"\n        src=\"https:\/\/www.puma-catchup.com\/wp-content\/uploads\/2018\/10\/H1_David-Silva.jpg\" style=\"transition: 0.35s all;height:100%;width:100%;        object-position: 50% 0%; object-fit: cover;\"\/>\n        <\/div>\n    \n<\/div>\n<div class=\"row rowSingleColumnWide rowPostHeader\">\n    <div id=\"postHeaderText\" class=\"col tcenter\" >\n        <div class=\"cat\"><a class=\"secondary\" href=\"https:\/\/www.puma-catchup.com\/es\/category\/sports\/\">Deportes<\/a><\/div>\n        <div id=\"headerSocialIcons\" class=\"headerSocialIcons tleft\">\n            <a class=\"facebook\" href=\"https:\/\/www.facebook.com\/sharer\/sharer.php?u=https%3A%2F%2Fwww.puma-catchup.com%2Fes%2Fsports%2Fdavid-el-mago-silva-joins-puma-football%2F\" target=\"blank\"><\/a>\n            <a class=\"linkedin\" href=\"https:\/\/www.linkedin.com\/sharing\/share-offsite\/?url=https%3A%2F%2Fwww.puma-catchup.com%2Fes%2Fsports%2Fdavid-el-mago-silva-joins-puma-football%2F\" target=\"blank\"><\/a>\n            <a class=\"x\" href=\"https:\/\/twitter.com\/share?url=https:\/\/www.puma-catchup.com\/es\/sports\/david-el-mago-silva-joins-puma-football\/&#038;text=\" target=\"blank\"><\/a>\n            <a class=\"pinterest\" href=\"http:\/\/pinterest.com\/pin\/create\/button\/?url=https%3A%2F%2Fwww.puma-catchup.com%2Fes%2Fsports%2Fdavid-el-mago-silva-joins-puma-football%2F\" target=\"blank\"><\/a>\n        <\/div>\n        <h1 class=\"\" >Ese toque m\u00e1gico<\/h1>\n        <div class=\"articleintro\" >David \u201cEl Mago\u201d Silva se une a PUMA Football<\/div>\n        <div class=\"date\">29 de octubre de 2018 <\/div>\n\n        <div id=\"\" class=\"headerSocialIconsMobile tcenter mobile\">\n            <a class=\"sharing\" id=\"mobileshare\" onclick='navigator.share({ \"title\": &quot;David \\u201cEl Mago\\u201d Silva joins PUMA Football&quot;, \"text\": &quot;Sports company PUMA announces today that Spanish midfielder David Silva, who earned the nickname\\u00a0\\u201cEl Mago\\u201d (the magician) with his\\u00a0extraordinary ball control and many assists, has signed with PUMA Football.\\n\\u00a0\\n&quot;, \"url\": \"https:\/\/www.puma-catchup.com\/es\/sports\/david-el-mago-silva-joins-puma-football\/\" })'  target=\"blank\"><\/a>\n            <a class=\"facebook\" href=\"https:\/\/www.facebook.com\/sharer\/sharer.php?u=https:\/\/www.puma-catchup.com\/es\/sports\/david-el-mago-silva-joins-puma-football\/\" target=\"blank\"><\/a>\n            <a class=\"linkedin\" href=\"https:\/\/www.linkedin.com\/sharing\/share-offsite\/?url=https:\/\/www.puma-catchup.com\/es\/sports\/david-el-mago-silva-joins-puma-football\/\" target=\"blank\"><\/a>\n            <a class=\"x\" href=\"https:\/\/twitter.com\/share?url=https%3A%2F%2Fwww.puma-catchup.com%2Fes%2Fsports%2Fdavid-el-mago-silva-joins-puma-football%2F&#038;text=\" target=\"blank\"><\/a>\n            <a class=\"pinterest\" href=\"http:\/\/pinterest.com\/pin\/create\/button\/?url=https%3A%2F%2Fwww.puma-catchup.com%2Fes%2Fsports%2Fdavid-el-mago-silva-joins-puma-football%2F\" target=\"blank\"><\/a>\n        <\/div>\n    <\/div>\n<\/div>\n<!-- row text single -->\n<div class=\"gradientnone\">\n<div class=\"row rowSingleColumnWide spacing\">\n    <div class=\"col articleText\">\n        <div class=\"textStyle_2b\" ><span class=\"textStyle_intro\">La empresa deportiva PUMA anuncia hoy que el centrocampista espa\u00f1ol David Silva, que se gan\u00f3 el apodo de \u201cEl Mago\u201d por su extraordinario control del bal\u00f3n y sus numerosas asistencias, ha fichado por PUMA Football.<\/span>\n<br\/>\u00a0<br\/>\n<\/div>\n   <\/div>\n<\/div>\n<\/div>\n<!-- row text single -->\n<div class=\"gradientnone\">\n<div class=\"row rowSingleColumnWide spacing\">\n    <div class=\"col articleText\">\n        <div class=\"textStyle_2b\" ><br\/>Una parte crucial de la <strong>generaci\u00f3n dorada<\/strong>, que se llev\u00f3 la Copa del Mundo en 2010, as\u00ed como la Eurocopa 2008 y la Eurocopa 2012, Silva marc\u00f3 <strong>35 goles con la selecci\u00f3n espa\u00f1ola<\/strong> en 124 apariciones.<br\/>\n<br\/>En su club, Silva ha hecho las delicias de los aficionados en\u00a0<strong>Manchester<\/strong>\u00a0desde 2010 con 50 goles en m\u00e1s de 250 partidos, levantando tres veces el trofeo de la m\u00e1xima categor\u00eda.<br\/>\n<\/div>\n   <\/div>\n<\/div>\n<\/div>\n<!-- row text single -->\n<div class=\"gradientnone\">\n<div class=\"row rowSingleColumnWide spacing\">\n    <div class=\"col articleText\">\n        <div class=\"textStyle_quote\" ><p>Ya llevaba botas de f\u00fatbol PUMA cuando era ni\u00f1o y estoy deseando volver a vestir de la marca. Algunos me llaman El Mago, as\u00ed que en mi pr\u00f3ximo truco llevar\u00e9 PUMA ONE.<\/p>\n<br\/><br\/>David Silva<\/div>\n   <\/div>\n<\/div>\n<\/div>\n<!-- row text single -->\n<div class=\"gradientnone\">\n<div class=\"row rowSingleColumnWide spacing\">\n    <div class=\"col articleText\">\n        <div class=\"textStyle_2b\" ><br\/>David Silva vestir\u00e1 la <strong>PUMA UNO<\/strong>, dise\u00f1ado espec\u00edficamente para complementar el toque del jugador.<br\/>\n<br\/>A <strong>asociaci\u00f3n perfecta<\/strong> destinado a seguir aumentando la impresionante cuenta de asistencias de Silva.<br\/>\n<br\/>\u00a0<br\/>\n<br\/><video controls=\"controls\" width=\"620\" height=\"540\"><\/video><br\/>\n<\/div>\n   <\/div>\n<\/div>\n<\/div>\n<!-- row text single -->\n<div class=\"gradientnone\">\n<div class=\"row rowSingleColumnWide spacing\">\n    <div class=\"col articleText\">\n        <div class=\"textStyle_2b\" ><br\/>Con el fichaje de Silva, PUMA Football a\u00f1ade otro jugador estrella a su lista, tras los anuncios a principios de a\u00f1o de asociaciones con jugadores como <strong>Luis Su\u00e1rez<\/strong> y <strong>Romelu Lukaku.<\/strong><br\/>\n<\/div>\n   <\/div>\n<\/div>\n<\/div>\n<!-- row text single -->\n<div class=\"gradientnone\">\n<div class=\"row rowSingleColumnWide spacing\">\n    <div class=\"col articleText\">\n        <div class=\"textStyle_default\" ><h2>\u201cEl Mago\u201d<\/h2>\n<p>David Josu\u00e9 Jim\u00e9nez Silva, nacido en Gran Canaria, es un futbolista profesional espa\u00f1ol que juega en el Manchester y en la selecci\u00f3n espa\u00f1ola.<\/p>\n<p>Su capacidad de pase y sus cualidades para mantener la posesi\u00f3n le han valido los apodos de \u201cMerl\u00edn\u201d y \u201cEl Mago\u201d por parte de sus compa\u00f1eros y aficionados, y est\u00e1 considerado uno de los mejores centrocampistas de Europa.<\/p>\n<\/div>\n   <\/div>\n<\/div>\n<\/div>\n<!-- row image single -->\n<div class=\"row rowSingleColumnNarrow spacing\">\n\t<div class=\"col\">\n\t<div class=\"0 scrollAnim\" \n\t    \n\t     style=\"Narrow;position:relative;overflow:hidden;\t;\" >\n\t<img decoding=\"async\" alt=\"\"\n\t    class=\"\"\n\t    src=\"https:\/\/www.puma-catchup.com\/wp-content\/uploads\/2018\/10\/M1_David-Silva.jpg\" style=\"transition: 0.35s all;height:100%;width:100%;\t    object-position: 50% 0%; object-fit: cover;\"\/>\n\t    <\/div>\n\t\n\t<\/div>\n<\/div>\n<!-- row headline -->\n<div class=\"row headlineBlock rowSingleColumnWide\">\n    <div class=\"col\" style=\"margin-bottom: 2px;\">\n        <h2 >\u00bfQu\u00e9 m\u00e1s hay?<\/h2>\n    <\/div>\n<\/div>\n\n<div class=\"row articleMulti2 spacing\">\n\t    <div class=\"col articleTeaser\" >\n\t\t\t<a class=\"hoverzooma  scrollAnim\" href=\"https:\/\/www.puma-catchup.com\/es\/sports\/puma-signs-top-striker-romelu-lukaku\/\" \n\t\t\t     tabindex=\"-1\" \n\t\t\t    id=\"9317\"\n\t\t\t     style=\"width:100%;position:relative;overflow:hidden;\t\t\t    aspect-ratio:1\t\t\t    ;\" >\n\t\t\t<img decoding=\"async\" alt=\"\"\n\t\t\t    class=\"hoverZoom\"\n\t\t\t    src=\"https:\/\/www.puma-catchup.com\/wp-content\/uploads\/2018\/06\/Lukaku_H1.jpg\" style=\"transition: 0.35s all;height:100%;width:100%;\t\t\t    object-position: 50% 0%; object-fit: cover;\"\/>\n\t\t\t<\/a>\n\t\t\t\n\t\t\t<a href=\"https:\/\/www.puma-catchup.com\/es\/category\/sports\/\" class=\"secondary2\" style=\"margin-top: 17px;\">Deportes<\/a>\n\t        <h4>PUMA ficha al delantero Romelu Lukaku<\/h4>\n\t\t\t<div class=\"description shortExcerpt\">\n\t\t\t\tPUMA ha firmado un acuerdo de colaboraci\u00f3n a largo plazo con la sensaci\u00f3n del f\u00fatbol internacional Romelu Lukaku.\n\n\t\t\t<\/div>\n\t\t\t<a class=\"primary\" href=\"https:\/\/www.puma-catchup.com\/es\/sports\/puma-signs-top-striker-romelu-lukaku\/\" data-no-translation=\"\" data-trp-gettext=\"\">leer la historia<\/a>\n\t\t<\/div>\n\t    <div class=\"col articleTeaser\" >\n\t\t\t<a class=\"hoverzooma  scrollAnim\" href=\"https:\/\/www.puma-catchup.com\/es\/sports\/top-striker-luis-suarez-signs-with-puma-football\/\" \n\t\t\t     tabindex=\"-1\" \n\t\t\t    id=\"9727\"\n\t\t\t     style=\"width:100%;position:relative;overflow:hidden;\t\t\t    aspect-ratio:1\t\t\t    ;\" >\n\t\t\t<img decoding=\"async\" alt=\"\"\n\t\t\t    class=\"hoverZoom\"\n\t\t\t    src=\"https:\/\/www.puma-catchup.com\/wp-content\/uploads\/2018\/08\/Luis-Suarez_H1.jpg\" style=\"transition: 0.35s all;height:100%;width:100%;\t\t\t    object-position: 50% 0%; object-fit: cover;\"\/>\n\t\t\t<\/a>\n\t\t\t\n\t\t\t<a href=\"https:\/\/www.puma-catchup.com\/es\/category\/sports\/\" class=\"secondary2\" style=\"margin-top: 17px;\">Deportes<\/a>\n\t        <h4>EL GRAN DELANTERO LUIS SU\u00c1REZ FICHA POR PUMA FOOTBALL<\/h4>\n\t\t\t<div class=\"description shortExcerpt\">\n\t\t\t\tLuis Su\u00e1rez, delantero del Barcelona y de la selecci\u00f3n uruguaya, ha fichado por PUMA Football.\n\u00a0\n\u00a0\n\n\t\t\t<\/div>\n\t\t\t<a class=\"primary\" href=\"https:\/\/www.puma-catchup.com\/es\/sports\/top-striker-luis-suarez-signs-with-puma-football\/\" data-no-translation=\"\" data-trp-gettext=\"\">leer la historia<\/a>\n\t\t<\/div>\n<\/div>","protected":false},"excerpt":{"rendered":"<p>La empresa deportiva PUMA anuncia hoy que el centrocampista espa\u00f1ol David Silva, que se gan\u00f3 el apodo de \u201cEl Mago\u201d por su extraordinario control del bal\u00f3n y sus numerosas asistencias, ha fichado por PUMA Football.<br \/>\n\u00a0<\/p>","protected":false},"author":4,"featured_media":10087,"comment_status":"closed","ping_status":"closed","sticky":false,"template":"","format":"standard","meta":{"is_top_article":false,"is_featured_article":true,"EasyPostViewCounter":9845,"meta-headline":"","footnotes":""},"categories":[18],"class_list":["post-10086","post","type-post","status-publish","format-standard","has-post-thumbnail","hentry","category-sports"],"fullData":{"ID":10086,"post_author":"4","post_date":"2018-10-29 09:00:55","post_date_gmt":"2018-10-29 08:00:55","post_content":"<!-- wp:puma\/row-post-header {\"image\":{\"width\":1140,\"height\":640,\"file\":\"2018\/10\/H1_David-Silva.jpg\",\"filesize\":121434,\"sizes\":{\"medium\":{\"file\":\"H1_David-Silva-300x168.jpg\",\"width\":300,\"height\":168,\"mime-type\":\"image\/jpeg\",\"filesize\":10505},\"large\":{\"file\":\"H1_David-Silva-1024x575.jpg\",\"width\":1024,\"height\":575,\"mime-type\":\"image\/jpeg\",\"filesize\":97362},\"thumbnail\":{\"file\":\"H1_David-Silva-150x150.jpg\",\"width\":150,\"height\":150,\"mime-type\":\"image\/jpeg\",\"filesize\":6151},\"medium_large\":{\"file\":\"H1_David-Silva-768x431.jpg\",\"width\":768,\"height\":431,\"mime-type\":\"image\/jpeg\",\"filesize\":55093},\"trp-custom-language-flag\":{\"file\":\"H1_David-Silva-18x10.jpg\",\"width\":18,\"height\":10,\"mime-type\":\"image\/jpeg\",\"filesize\":419}},\"image_meta\":{\"aperture\":\"0\",\"credit\":\"\",\"camera\":\"\",\"caption\":\"\",\"created_timestamp\":\"0\",\"copyright\":\"\",\"focal_length\":\"0\",\"iso\":\"0\",\"shutter_speed\":\"0\",\"title\":\"\",\"orientation\":\"0\",\"keywords\":[]},\"id\":10087,\"alt\":\"\",\"caption\":\"\",\"description\":\"\",\"url\":\"https:\/\/www.puma-catchup.com\/wp-content\/uploads\/2018\/10\/H1_David-Silva.jpg\",\"title\":\"H1_David-Silva\",\"aspect_ratio\":1.78125,\"focalPointLeft\":0.5,\"focalPointTop\":0},\"headline\":\"That magic touch\",\"content\":\"David \u201cEl Mago\u201d Silva joins PUMA Football\"} \/--><!-- wp:puma\/row-text-single {\"content\":\"\\u003cspan class=\\u0022textStyle_intro\\u0022\\u003eSports company PUMA announces today that Spanish midfielder David Silva, who earned the nickname\u00a0\u201cEl Mago\u201d (the magician) with his\u00a0extraordinary ball control and many assists, has signed with PUMA Football.\\u003c\/span\\u003e\\n\\u0026lt;br\/\\u0026gt;\u00a0\\u0026lt;br\/\\u0026gt;\\n\",\"width\":\"Wide\",\"aspect\":\"0\",\"style\":\"2b\"} \/--><!-- wp:puma\/row-text-single {\"content\":\"\\u0026lt;br\/\\u0026gt;A crucial part of his country\u2019s \\u0026lt;strong\\u0026gt;golden generation\\u0026lt;\/strong\\u0026gt;, which took the World Cup in 2010 as well as Euro 2008 and Euro 2012, Silva scored \\u0026lt;strong\\u0026gt;35 goals for Spain\u2019s national team\\u0026lt;\/strong\\u0026gt; in 124 appearances.\\u0026lt;br\/\\u0026gt;\\n\\u0026lt;br\/\\u0026gt;At club level, Silva has delighted fans in\u00a0\\u0026lt;strong\\u0026gt;Manchester\\u0026lt;\/strong\\u0026gt;\u00a0since 2010 with 50 goals in more than 250 appearances, lifting the top flight\u2019s trophy three times.\\u0026lt;br\/\\u0026gt;\\n\",\"width\":\"Wide\",\"aspect\":\"0\",\"style\":\"2b\"} \/--><!-- wp:puma\/row-text-single {\"content\":\"\\u003cp\\u003eI was already wearing PUMA football boots when I was a kid and I am looking forward to wearing the brand again. Some peopIe call me El Mago, so for my next trick I\u2019ll be wearing PUMA ONE\\u003c\/p\\u003e\\n\\u003cbr\/\\u003e\\u003cbr\/\\u003eDavid Silva\",\"width\":\"Wide\",\"style\":\"quote\"} \/--><!-- wp:puma\/row-text-single {\"content\":\"\\u0026lt;br\/\\u0026gt;David Silva will be wearing the \\u0026lt;strong\\u0026gt;PUMA ONE\\u0026lt;\/strong\\u0026gt;, specifically designed to complement a player\u2019s touch.\\u0026lt;br\/\\u0026gt;\\n\\u0026lt;br\/\\u0026gt;A \\u0026lt;strong\\u0026gt;perfect partnership\\u0026lt;\/strong\\u0026gt; destined to keep adding to Silva\u2019s impressive assist tally.\\u0026lt;br\/\\u0026gt;\\n\\u0026lt;br\/\\u0026gt;\u00a0\\u0026lt;br\/\\u0026gt;\\n\\u0026lt;br\/\\u0026gt;\\u0026lt;video controls=\\u0022controls\\u0022 width=\\u0022620\\u0022 height=\\u0022540\\u0022\\u0026gt;\\u0026lt;\/video\\u0026gt;\\u0026lt;br\/\\u0026gt;\\n\",\"width\":\"Wide\",\"aspect\":\"0\",\"style\":\"2b\"} \/--><!-- wp:puma\/row-text-single {\"content\":\"\\u0026lt;br\/\\u0026gt;With the signing of Silva, PUMA Football adds another star player to its roster, following announcements earlier this year of partnerships with players such as \\u0026lt;strong\\u0026gt;Luis Su\u00e1rez\\u0026lt;\/strong\\u0026gt; and \\u0026lt;strong\\u0026gt;Romelu Lukaku.\\u0026lt;\/strong\\u0026gt;\\u0026lt;br\/\\u0026gt;\\n\",\"width\":\"Wide\",\"aspect\":\"0\",\"style\":\"2b\"} \/--><!-- wp:puma\/row-text-single {\"content\":\"\\u003ch2\\u003e\\u0022El Mago\\u0022\\u003c\/h2\\u003e\\n\\u003cp\\u003eDavid Josu\u00e9 Jim\u00e9nez Silva, born in Gran Canaria, is a Spanish professional footballer who plays in Manchester and for the Spanish National Team.\\u003c\/p\\u003e\\n\\u003cp\\u003eHis passing ability and possession-retaining qualities have earned him the nicknames \\u0026#8220;Merlin\\u0026#8221; and \\u0026#8220;El Mago\\u0026#8221; from his teammates and fans and he is considered to be one of the best midfielders in Europe.\\u003c\/p\\u003e\\n\",\"width\":\"Wide\",\"style\":\"default\"} \/--><!-- wp:puma\/row-image-single {\"migrateBlock\":true,\"title\":\"\",\"images\":[{\"width\":720,\"height\":1040,\"file\":\"2018\/10\/M1_David-Silva.jpg\",\"filesize\":240805,\"sizes\":{\"medium\":{\"file\":\"M1_David-Silva-208x300.jpg\",\"width\":208,\"height\":300,\"mime-type\":\"image\/jpeg\",\"filesize\":18204},\"large\":{\"file\":\"M1_David-Silva-709x1024.jpg\",\"width\":709,\"height\":1024,\"mime-type\":\"image\/jpeg\",\"filesize\":192311},\"thumbnail\":{\"file\":\"M1_David-Silva-150x150.jpg\",\"width\":150,\"height\":150,\"mime-type\":\"image\/jpeg\",\"filesize\":7298},\"trp-custom-language-flag\":{\"file\":\"M1_David-Silva-8x12.jpg\",\"width\":8,\"height\":12,\"mime-type\":\"image\/jpeg\",\"filesize\":355}},\"image_meta\":{\"aperture\":\"0\",\"credit\":\"\",\"camera\":\"\",\"caption\":\"\",\"created_timestamp\":\"0\",\"copyright\":\"\",\"focal_length\":\"0\",\"iso\":\"0\",\"shutter_speed\":\"0\",\"title\":\"\",\"orientation\":\"0\",\"keywords\":[]},\"id\":10091,\"alt\":\"\",\"caption\":\"\",\"description\":\"\",\"url\":\"https:\/\/www.puma-catchup.com\/wp-content\/uploads\/2018\/10\/M1_David-Silva.jpg\",\"title\":\"M1_David-Silva\",\"aspect_ratio\":0.6923076923076923,\"focalPointLeft\":0.5,\"focalPointTop\":0}],\"headlines\":[\"David Silva\"],\"showCaptions\":[false],\"portraitMode\":[true],\"image\":{\"width\":720,\"height\":1040,\"file\":\"2018\/10\/M1_David-Silva.jpg\",\"filesize\":240805,\"sizes\":{\"medium\":{\"file\":\"M1_David-Silva-208x300.jpg\",\"width\":208,\"height\":300,\"mime-type\":\"image\/jpeg\",\"filesize\":18204},\"large\":{\"file\":\"M1_David-Silva-709x1024.jpg\",\"width\":709,\"height\":1024,\"mime-type\":\"image\/jpeg\",\"filesize\":192311},\"thumbnail\":{\"file\":\"M1_David-Silva-150x150.jpg\",\"width\":150,\"height\":150,\"mime-type\":\"image\/jpeg\",\"filesize\":7298},\"trp-custom-language-flag\":{\"file\":\"M1_David-Silva-8x12.jpg\",\"width\":8,\"height\":12,\"mime-type\":\"image\/jpeg\",\"filesize\":355}},\"image_meta\":{\"aperture\":\"0\",\"credit\":\"\",\"camera\":\"\",\"caption\":\"\",\"created_timestamp\":\"0\",\"copyright\":\"\",\"focal_length\":\"0\",\"iso\":\"0\",\"shutter_speed\":\"0\",\"title\":\"\",\"orientation\":\"0\",\"keywords\":[]},\"id\":10091,\"alt\":\"\",\"caption\":\"\",\"description\":\"\",\"url\":\"https:\/\/www.puma-catchup.com\/wp-content\/uploads\/2018\/10\/M1_David-Silva.jpg\",\"title\":\"M1_David-Silva\",\"aspect_ratio\":0.6923076923076923,\"focalPointLeft\":0.5,\"focalPointTop\":0},\"style\":\"Narrow\"} \/--><!-- wp:puma\/row-headline {\"h1\":\"What else is there?\",\"width\":\"Wide\"} \/--><!-- wp:puma\/row-article-multi {\"migrateBlock\":true,\"numArticles\":2,\"title\":\"What else is there?\",\"icon\":\"\",\"manualArticles\":[{\"id\":9317},{\"id\":9727}],\"mode\":\"manual\",\"aspect\":\"1\"} \/-->","post_title":"David \u201cEl Mago\u201d Silva joins PUMA Football","post_excerpt":"Sports company PUMA announces today that Spanish midfielder David Silva, who earned the nickname\u00a0\u201cEl Mago\u201d (the magician) with his\u00a0extraordinary ball control and many assists, has signed with PUMA Football.\n\u00a0\n","post_status":"publish","comment_status":"closed","ping_status":"closed","post_password":"","post_name":"david-el-mago-silva-joins-puma-football","to_ping":"","pinged":"","post_modified":"2025-09-19 15:01:25","post_modified_gmt":"2025-09-19 15:01:25","post_content_filtered":"","post_parent":0,"guid":"https:\/\/www.puma-catchup.com\/?p=10086","menu_order":0,"post_type":"post","post_mime_type":"","comment_count":"0","filter":"raw","ancestors":[],"page_template":"","post_category":[18],"tags_input":[],"id":10086,"author":"4","date":"2018-10-29 09:00:55","date_gmt":"2018-10-29 08:00:55","content":"<!-- wp:puma\/row-post-header {\"image\":{\"width\":1140,\"height\":640,\"file\":\"2018\/10\/H1_David-Silva.jpg\",\"filesize\":121434,\"sizes\":{\"medium\":{\"file\":\"H1_David-Silva-300x168.jpg\",\"width\":300,\"height\":168,\"mime-type\":\"image\/jpeg\",\"filesize\":10505},\"large\":{\"file\":\"H1_David-Silva-1024x575.jpg\",\"width\":1024,\"height\":575,\"mime-type\":\"image\/jpeg\",\"filesize\":97362},\"thumbnail\":{\"file\":\"H1_David-Silva-150x150.jpg\",\"width\":150,\"height\":150,\"mime-type\":\"image\/jpeg\",\"filesize\":6151},\"medium_large\":{\"file\":\"H1_David-Silva-768x431.jpg\",\"width\":768,\"height\":431,\"mime-type\":\"image\/jpeg\",\"filesize\":55093},\"trp-custom-language-flag\":{\"file\":\"H1_David-Silva-18x10.jpg\",\"width\":18,\"height\":10,\"mime-type\":\"image\/jpeg\",\"filesize\":419}},\"image_meta\":{\"aperture\":\"0\",\"credit\":\"\",\"camera\":\"\",\"caption\":\"\",\"created_timestamp\":\"0\",\"copyright\":\"\",\"focal_length\":\"0\",\"iso\":\"0\",\"shutter_speed\":\"0\",\"title\":\"\",\"orientation\":\"0\",\"keywords\":[]},\"id\":10087,\"alt\":\"\",\"caption\":\"\",\"description\":\"\",\"url\":\"https:\/\/www.puma-catchup.com\/wp-content\/uploads\/2018\/10\/H1_David-Silva.jpg\",\"title\":\"H1_David-Silva\",\"aspect_ratio\":1.78125,\"focalPointLeft\":0.5,\"focalPointTop\":0},\"headline\":\"That magic touch\",\"content\":\"David \u201cEl Mago\u201d Silva joins PUMA Football\"} \/--><!-- wp:puma\/row-text-single {\"content\":\"\\u003cspan class=\\u0022textStyle_intro\\u0022\\u003eSports company PUMA announces today that Spanish midfielder David Silva, who earned the nickname\u00a0\u201cEl Mago\u201d (the magician) with his\u00a0extraordinary ball control and many assists, has signed with PUMA Football.\\u003c\/span\\u003e\\n\\u0026lt;br\/\\u0026gt;\u00a0\\u0026lt;br\/\\u0026gt;\\n\",\"width\":\"Wide\",\"aspect\":\"0\",\"style\":\"2b\"} \/--><!-- wp:puma\/row-text-single {\"content\":\"\\u0026lt;br\/\\u0026gt;A crucial part of his country\u2019s \\u0026lt;strong\\u0026gt;golden generation\\u0026lt;\/strong\\u0026gt;, which took the World Cup in 2010 as well as Euro 2008 and Euro 2012, Silva scored \\u0026lt;strong\\u0026gt;35 goals for Spain\u2019s national team\\u0026lt;\/strong\\u0026gt; in 124 appearances.\\u0026lt;br\/\\u0026gt;\\n\\u0026lt;br\/\\u0026gt;At club level, Silva has delighted fans in\u00a0\\u0026lt;strong\\u0026gt;Manchester\\u0026lt;\/strong\\u0026gt;\u00a0since 2010 with 50 goals in more than 250 appearances, lifting the top flight\u2019s trophy three times.\\u0026lt;br\/\\u0026gt;\\n\",\"width\":\"Wide\",\"aspect\":\"0\",\"style\":\"2b\"} \/--><!-- wp:puma\/row-text-single {\"content\":\"\\u003cp\\u003eI was already wearing PUMA football boots when I was a kid and I am looking forward to wearing the brand again. Some peopIe call me El Mago, so for my next trick I\u2019ll be wearing PUMA ONE\\u003c\/p\\u003e\\n\\u003cbr\/\\u003e\\u003cbr\/\\u003eDavid Silva\",\"width\":\"Wide\",\"style\":\"quote\"} \/--><!-- wp:puma\/row-text-single {\"content\":\"\\u0026lt;br\/\\u0026gt;David Silva will be wearing the \\u0026lt;strong\\u0026gt;PUMA ONE\\u0026lt;\/strong\\u0026gt;, specifically designed to complement a player\u2019s touch.\\u0026lt;br\/\\u0026gt;\\n\\u0026lt;br\/\\u0026gt;A \\u0026lt;strong\\u0026gt;perfect partnership\\u0026lt;\/strong\\u0026gt; destined to keep adding to Silva\u2019s impressive assist tally.\\u0026lt;br\/\\u0026gt;\\n\\u0026lt;br\/\\u0026gt;\u00a0\\u0026lt;br\/\\u0026gt;\\n\\u0026lt;br\/\\u0026gt;\\u0026lt;video controls=\\u0022controls\\u0022 width=\\u0022620\\u0022 height=\\u0022540\\u0022\\u0026gt;\\u0026lt;\/video\\u0026gt;\\u0026lt;br\/\\u0026gt;\\n\",\"width\":\"Wide\",\"aspect\":\"0\",\"style\":\"2b\"} \/--><!-- wp:puma\/row-text-single {\"content\":\"\\u0026lt;br\/\\u0026gt;With the signing of Silva, PUMA Football adds another star player to its roster, following announcements earlier this year of partnerships with players such as \\u0026lt;strong\\u0026gt;Luis Su\u00e1rez\\u0026lt;\/strong\\u0026gt; and \\u0026lt;strong\\u0026gt;Romelu Lukaku.\\u0026lt;\/strong\\u0026gt;\\u0026lt;br\/\\u0026gt;\\n\",\"width\":\"Wide\",\"aspect\":\"0\",\"style\":\"2b\"} \/--><!-- wp:puma\/row-text-single {\"content\":\"\\u003ch2\\u003e\\u0022El Mago\\u0022\\u003c\/h2\\u003e\\n\\u003cp\\u003eDavid Josu\u00e9 Jim\u00e9nez Silva, born in Gran Canaria, is a Spanish professional footballer who plays in Manchester and for the Spanish National Team.\\u003c\/p\\u003e\\n\\u003cp\\u003eHis passing ability and possession-retaining qualities have earned him the nicknames \\u0026#8220;Merlin\\u0026#8221; and \\u0026#8220;El Mago\\u0026#8221; from his teammates and fans and he is considered to be one of the best midfielders in Europe.\\u003c\/p\\u003e\\n\",\"width\":\"Wide\",\"style\":\"default\"} \/--><!-- wp:puma\/row-image-single {\"migrateBlock\":true,\"title\":\"\",\"images\":[{\"width\":720,\"height\":1040,\"file\":\"2018\/10\/M1_David-Silva.jpg\",\"filesize\":240805,\"sizes\":{\"medium\":{\"file\":\"M1_David-Silva-208x300.jpg\",\"width\":208,\"height\":300,\"mime-type\":\"image\/jpeg\",\"filesize\":18204},\"large\":{\"file\":\"M1_David-Silva-709x1024.jpg\",\"width\":709,\"height\":1024,\"mime-type\":\"image\/jpeg\",\"filesize\":192311},\"thumbnail\":{\"file\":\"M1_David-Silva-150x150.jpg\",\"width\":150,\"height\":150,\"mime-type\":\"image\/jpeg\",\"filesize\":7298},\"trp-custom-language-flag\":{\"file\":\"M1_David-Silva-8x12.jpg\",\"width\":8,\"height\":12,\"mime-type\":\"image\/jpeg\",\"filesize\":355}},\"image_meta\":{\"aperture\":\"0\",\"credit\":\"\",\"camera\":\"\",\"caption\":\"\",\"created_timestamp\":\"0\",\"copyright\":\"\",\"focal_length\":\"0\",\"iso\":\"0\",\"shutter_speed\":\"0\",\"title\":\"\",\"orientation\":\"0\",\"keywords\":[]},\"id\":10091,\"alt\":\"\",\"caption\":\"\",\"description\":\"\",\"url\":\"https:\/\/www.puma-catchup.com\/wp-content\/uploads\/2018\/10\/M1_David-Silva.jpg\",\"title\":\"M1_David-Silva\",\"aspect_ratio\":0.6923076923076923,\"focalPointLeft\":0.5,\"focalPointTop\":0}],\"headlines\":[\"David Silva\"],\"showCaptions\":[false],\"portraitMode\":[true],\"image\":{\"width\":720,\"height\":1040,\"file\":\"2018\/10\/M1_David-Silva.jpg\",\"filesize\":240805,\"sizes\":{\"medium\":{\"file\":\"M1_David-Silva-208x300.jpg\",\"width\":208,\"height\":300,\"mime-type\":\"image\/jpeg\",\"filesize\":18204},\"large\":{\"file\":\"M1_David-Silva-709x1024.jpg\",\"width\":709,\"height\":1024,\"mime-type\":\"image\/jpeg\",\"filesize\":192311},\"thumbnail\":{\"file\":\"M1_David-Silva-150x150.jpg\",\"width\":150,\"height\":150,\"mime-type\":\"image\/jpeg\",\"filesize\":7298},\"trp-custom-language-flag\":{\"file\":\"M1_David-Silva-8x12.jpg\",\"width\":8,\"height\":12,\"mime-type\":\"image\/jpeg\",\"filesize\":355}},\"image_meta\":{\"aperture\":\"0\",\"credit\":\"\",\"camera\":\"\",\"caption\":\"\",\"created_timestamp\":\"0\",\"copyright\":\"\",\"focal_length\":\"0\",\"iso\":\"0\",\"shutter_speed\":\"0\",\"title\":\"\",\"orientation\":\"0\",\"keywords\":[]},\"id\":10091,\"alt\":\"\",\"caption\":\"\",\"description\":\"\",\"url\":\"https:\/\/www.puma-catchup.com\/wp-content\/uploads\/2018\/10\/M1_David-Silva.jpg\",\"title\":\"M1_David-Silva\",\"aspect_ratio\":0.6923076923076923,\"focalPointLeft\":0.5,\"focalPointTop\":0},\"style\":\"Narrow\"} \/--><!-- wp:puma\/row-headline {\"h1\":\"What else is there?\",\"width\":\"Wide\"} \/--><!-- wp:puma\/row-article-multi {\"migrateBlock\":true,\"numArticles\":2,\"title\":\"What else is there?\",\"icon\":\"\",\"manualArticles\":[{\"id\":9317},{\"id\":9727}],\"mode\":\"manual\",\"aspect\":\"1\"} \/-->","title":"David \u201cEl Mago\u201d Silva se une a PUMA Football","excerpt":"La empresa deportiva PUMA anuncia hoy que el centrocampista espa\u00f1ol David Silva, que se gan\u00f3 el apodo de \u201cEl Mago\u201d por su extraordinario control del bal\u00f3n y sus numerosas asistencias, ha fichado por PUMA Football.\n\u00a0","status":"publish","password":"","name":"David El Mago Silva se une a Puma Football","modified":"2025-09-19 15:01:25","modified_gmt":"2025-09-19 15:01:25","content_filtered":"","parent":0,"type":"post","mime_type":"","template":"","category":[18],"datetime_local":"29 de octubre de 2018, 8:00","date_local":"29 de octubre de 2018","time_local":"8:00","slug":"david-el-mago-silva-joins-puma-football","url":"https:\/\/www.puma-catchup.com\/es\/sports\/david-el-mago-silva-joins-puma-football\/","featured_image":{"width":1140,"height":640,"file":"2018\/10\/H1_David-Silva.jpg","filesize":121434,"sizes":{"medium":{"file":"H1_David-Silva-300x168.jpg","width":300,"height":168,"mime-type":"image\/jpeg","filesize":10505},"large":{"file":"H1_David-Silva-1024x575.jpg","width":1024,"height":575,"mime-type":"image\/jpeg","filesize":97362},"thumbnail":{"file":"H1_David-Silva-150x150.jpg","width":150,"height":150,"mime-type":"image\/jpeg","filesize":6151},"medium_large":{"file":"H1_David-Silva-768x431.jpg","width":768,"height":431,"mime-type":"image\/jpeg","filesize":55093},"trp-custom-language-flag":{"file":"H1_David-Silva-18x10.jpg","width":18,"height":10,"mime-type":"image\/jpeg","filesize":419}},"image_meta":{"aperture":"0","credit":"","camera":"","caption":"","created_timestamp":"0","copyright":"","focal_length":"0","iso":"0","shutter_speed":"0","title":"","orientation":"0","keywords":[]},"id":10087,"alt":"","caption":"","description":"","url":"https:\/\/www.puma-catchup.com\/wp-content\/uploads\/2018\/10\/H1_David-Silva.jpg","title":"H1_David-Silva","aspect_ratio":1.78125,"focalPointLeft":0.5,"focalPointTop":0},"headline":"David \u201cEl Mago\u201d Silva joins PUMA Football","categories":[{"term_id":18,"name":"Deportes","slug":"sports","term_group":0,"term_taxonomy_id":18,"taxonomy":"category","description":"","parent":0,"count":860,"filter":"raw","url":"https:\/\/www.puma-catchup.com\/es\/category\/sports\/"}],"theCategory":{"term_id":18,"name":"Deportes","slug":"sports","term_group":0,"term_taxonomy_id":18,"taxonomy":"category","description":"","parent":0,"count":860,"filter":"raw","url":"https:\/\/www.puma-catchup.com\/es\/category\/sports\/"},"isFeaturedArticle":true,"isTopArticle":false},"_links":{"self":[{"href":"https:\/\/www.puma-catchup.com\/es\/wp-json\/wp\/v2\/posts\/10086","targetHints":{"allow":["GET"]}}],"collection":[{"href":"https:\/\/www.puma-catchup.com\/es\/wp-json\/wp\/v2\/posts"}],"about":[{"href":"https:\/\/www.puma-catchup.com\/es\/wp-json\/wp\/v2\/types\/post"}],"author":[{"embeddable":true,"href":"https:\/\/www.puma-catchup.com\/es\/wp-json\/wp\/v2\/users\/4"}],"replies":[{"embeddable":true,"href":"https:\/\/www.puma-catchup.com\/es\/wp-json\/wp\/v2\/comments?post=10086"}],"version-history":[{"count":0,"href":"https:\/\/www.puma-catchup.com\/es\/wp-json\/wp\/v2\/posts\/10086\/revisions"}],"wp:featuredmedia":[{"embeddable":true,"href":"https:\/\/www.puma-catchup.com\/es\/wp-json\/wp\/v2\/media\/10087"}],"wp:attachment":[{"href":"https:\/\/www.puma-catchup.com\/es\/wp-json\/wp\/v2\/media?parent=10086"}],"wp:term":[{"taxonomy":"category","embeddable":true,"href":"https:\/\/www.puma-catchup.com\/es\/wp-json\/wp\/v2\/categories?post=10086"}],"curies":[{"name":"wp","href":"https:\/\/api.w.org\/{rel}","templated":true}]}}