{"id":52449,"date":"2023-08-07T07:00:11","date_gmt":"2023-08-07T05:00:11","guid":{"rendered":"https:\/\/www.puma-catchup.com\/?p=52449"},"modified":"2025-11-20T08:41:17","modified_gmt":"2025-11-20T08:41:17","slug":"the-first-season-of-pumas-sustainability-report-podcast-series-comes-to-a-close","status":"publish","type":"post","link":"https:\/\/www.puma-catchup.com\/de\/corporate\/the-first-season-of-pumas-sustainability-report-podcast-series-comes-to-a-close\/","title":{"rendered":"Die erste Staffel von PUMAs Nachhaltigkeitsbericht-Podcast-Serie geht zu Ende"},"content":{"rendered":"<!-- post header -->\n<div class=\"row rowSingleColumn\">\n    <div class=\"col breadcrumb\">\n        <a href=\"\/de\/\">Startseite<\/a>\/\n        <a href=\"\/de\/category\/corporate\/\">Corporate<\/a>\/\n        Die erste Staffel von PUMAs Nachhaltigkeitsbericht-Podcast-Serie geht zu Ende\n    <\/div>\n<\/div>\n<div class=\"row rowPostHeaderImage headerImageAnim\">\n    <div class=\"scrollAnim\" \n        id=\"postHeaderImage\"\n         style=\"width:100%;position:relative;overflow:hidden;        aspect-ratio:2        ;\" >\n    <img decoding=\"async\" alt=\"\"\n        class=\"\"\n        src=\"https:\/\/www.puma-catchup.com\/wp-content\/uploads\/2023\/08\/REGEN_Header.png\" style=\"transition: 0.35s all;height:100%;width:100%;        object-position: 50% 0%; object-fit: cover;\"\/>\n        <\/div>\n    \n<\/div>\n<div class=\"row rowSingleColumnWide rowPostHeader\">\n    <div id=\"postHeaderText\" class=\"col tcenter\" >\n        <div class=\"cat\"><a class=\"secondary\" href=\"https:\/\/www.puma-catchup.com\/de\/category\/corporate\/\">Corporate<\/a><\/div>\n        <div id=\"headerSocialIcons\" class=\"headerSocialIcons tleft\">\n            <a class=\"facebook\" href=\"https:\/\/www.facebook.com\/sharer\/sharer.php?u=https%3A%2F%2Fwww.puma-catchup.com%2Fde%2Fcorporate%2Fthe-first-season-of-pumas-sustainability-report-podcast-series-comes-to-a-close%2F\" target=\"blank\"><\/a>\n            <a class=\"linkedin\" href=\"https:\/\/www.linkedin.com\/sharing\/share-offsite\/?url=https%3A%2F%2Fwww.puma-catchup.com%2Fde%2Fcorporate%2Fthe-first-season-of-pumas-sustainability-report-podcast-series-comes-to-a-close%2F\" target=\"blank\"><\/a>\n            <a class=\"x\" href=\"https:\/\/twitter.com\/share?url=https:\/\/www.puma-catchup.com\/de\/corporate\/the-first-season-of-pumas-sustainability-report-podcast-series-comes-to-a-close\/&#038;text=\" target=\"blank\"><\/a>\n            <a class=\"pinterest\" href=\"http:\/\/pinterest.com\/pin\/create\/button\/?url=https%3A%2F%2Fwww.puma-catchup.com%2Fde%2Fcorporate%2Fthe-first-season-of-pumas-sustainability-report-podcast-series-comes-to-a-close%2F\" target=\"blank\"><\/a>\n        <\/div>\n        <h1 class=\"\" >Das war's!<\/h1>\n        <div class=\"articleintro\" >Die erste Staffel von PUMAs Nachhaltigkeitsbericht-Podcast-Serie geht zu Ende <\/div>\n        <div class=\"date\">7. August 2023 <\/div>\n\n        <div id=\"\" class=\"headerSocialIconsMobile tcenter mobile\">\n            <a class=\"sharing\" id=\"mobileshare\" onclick='navigator.share({ \"title\": &quot;The First Season of PUMA&#x27;s Sustainability Report Podcast Series Comes to a Close&quot;, \"text\": &quot;Ten episodes later, the first season\\u00a0 of PUMA\\u2019S RE:GEN REPORTS has officially concluded.\\u00a0If you want to learn more about PUMA\\u2019s approach to sustainability, the podcasts are perfect for you. Hosted by ten next-generation thinkers from six countries, RE:GEN REPORTS breaks down the complex content of PUMA\\u2019s sustainability report into digestible pieces. The ten topics include human rights, chemicals, circularity, fair wages, climate action, biodiversity, plastic and oceans, product, water and air, and health and safety.\\nThe RE:GEN podcasts are the perfect companion for your summer holidays \\u2013 relax and get listening!\\n&quot;, \"url\": \"https:\/\/www.puma-catchup.com\/de\/corporate\/the-first-season-of-pumas-sustainability-report-podcast-series-comes-to-a-close\/\" })'  target=\"blank\"><\/a>\n            <a class=\"facebook\" href=\"https:\/\/www.facebook.com\/sharer\/sharer.php?u=https:\/\/www.puma-catchup.com\/de\/corporate\/the-first-season-of-pumas-sustainability-report-podcast-series-comes-to-a-close\/\" target=\"blank\"><\/a>\n            <a class=\"linkedin\" href=\"https:\/\/www.linkedin.com\/sharing\/share-offsite\/?url=https:\/\/www.puma-catchup.com\/de\/corporate\/the-first-season-of-pumas-sustainability-report-podcast-series-comes-to-a-close\/\" target=\"blank\"><\/a>\n            <a class=\"x\" href=\"https:\/\/twitter.com\/share?url=https%3A%2F%2Fwww.puma-catchup.com%2Fde%2Fcorporate%2Fthe-first-season-of-pumas-sustainability-report-podcast-series-comes-to-a-close%2F&#038;text=\" target=\"blank\"><\/a>\n            <a class=\"pinterest\" href=\"http:\/\/pinterest.com\/pin\/create\/button\/?url=https%3A%2F%2Fwww.puma-catchup.com%2Fde%2Fcorporate%2Fthe-first-season-of-pumas-sustainability-report-podcast-series-comes-to-a-close%2F\" target=\"blank\"><\/a>\n        <\/div>\n    <\/div>\n<\/div>\n<!-- row text single -->\n<div class=\"gradientnone\">\n<div class=\"row rowSingleColumnWide spacing\">\n    <div class=\"col articleText\">\n        <div class=\"textStyle_2b\" ><span class=\"textStyle_intro\">Zehn Episoden sp\u00e4ter ist die erste Staffel von PUMA'S RE:GEN REPORTS offiziell abgeschlossen. Wenn Sie mehr \u00fcber PUMAs Ansatz zur Nachhaltigkeit erfahren m\u00f6chten, sind die Podcasts genau das Richtige f\u00fcr Sie. RE:GEN REPORTS wird von zehn Vordenkern aus sechs L\u00e4ndern moderiert und bricht den komplexen Inhalt von PUMAs Nachhaltigkeitsbericht in verdauliche H\u00e4ppchen herunter. Zu den zehn Themen geh\u00f6ren Menschenrechte, Chemikalien, Kreislaufwirtschaft, faire L\u00f6hne, Klimaschutz, biologische Vielfalt, Plastik und Ozeane, Produkte, Wasser und Luft sowie Gesundheit und Sicherheit.<\/span>\n<br\/>Die RE:GEN-Podcasts sind der perfekte Begleiter f\u00fcr die Sommerferien -<strong> Entspannen Sie sich und h\u00f6ren Sie zu!<\/strong><br\/>\n<\/div>\n   <\/div>\n<\/div>\n<\/div>\n<!-- row text single -->\n<div class=\"gradientnone\">\n<div class=\"row rowSingleColumnWide spacing\">\n    <div class=\"col articleText\">\n        <div class=\"textStyle_2b\" ><span class=\"textStyle_intro\">H\u00f6ren Sie sich alle Folgen des RE:GEN REPORTS an \ud83d\udc47<\/span>\n<\/div>\n   <\/div>\n<\/div>\n<\/div>\n<!-- row text single -->\n<div class=\"gradientnone\">\n<div class=\"row rowSingleColumnWide spacing\">\n    <div class=\"col articleText\">\n        <div class=\"textStyle_2b\" ><div>\n<br\/><img loading=\"lazy\" decoding=\"async\" class=\"alignleft\" style=\"float: left; margin-right: 10px;\" src=\"https:\/\/www.puma-catchup.com\/wp-content\/uploads\/2023\/07\/1-REGEN-REPORTS_ANYA_1440x1440px-e1688565494403.jpg\" alt=\"\" width=\"250\" height=\"250\"><br\/>\n<br\/>\u00a0<br\/>\n<strong class=\"textStyle_description\">EP 01 \/ MENSCHENRECHTE<\/strong>\n<br\/>Begleiten Sie die Community-Organisatorin Anya Dillard im RE:GEN REPORTS-Podcast und sprechen Sie mit Viola Wan von PUMA \u00fcber die Herausforderungen, mit denen Bekleidungsarbeiterinnen konfrontiert sind.<br\/>\n<\/div>\n<br\/><strong>\ud83c\udfa7 Jetzt zuh\u00f6ren!<\/strong><br\/>\n<div>\n<br\/>\u00a0<br\/>\n<\/div>\n<\/div>\n   <\/div>\n<\/div>\n<\/div>\n<!-- row text single -->\n<div class=\"gradientnone\">\n<div class=\"row rowSingleColumnWide spacing\">\n    <div class=\"col articleText\">\n        <div class=\"textStyle_2b\" ><div>\n<br\/><img loading=\"lazy\" decoding=\"async\" class=\"alignleft\" style=\"float: left; margin-right: 10px;\" src=\"https:\/\/www.puma-catchup.com\/wp-content\/uploads\/2023\/07\/2-REGEN-REPORTS_LUKE_1440x1440px-2-e1688566123538.jpg\" alt=\"\" width=\"250\" height=\"250\"><br\/>\n<br\/>\u00a0<br\/>\n<strong class=\"textStyle_description\">EP 02 \/ CHEMIKALIEN<\/strong>\n<br\/>In der zweiten Folge der RE:GEN REPORTS diskutieren Luke Jaque-Rodney und Klaas Nuttbohm von ZDHC \u00fcber die Zukunft der Chemie in der Mode.<br\/>\n<\/div>\n<br\/><strong>\ud83c\udfa7 Jetzt zuh\u00f6ren!<\/strong><br\/>\n<div>\n<br\/>\u00a0<br\/>\n<\/div>\n<\/div>\n   <\/div>\n<\/div>\n<\/div>\n<!-- row text single -->\n<div class=\"gradientnone\">\n<div class=\"row rowSingleColumnWide spacing\">\n    <div class=\"col articleText\">\n        <div class=\"textStyle_2b\" ><div>\n<br\/><img loading=\"lazy\" decoding=\"async\" class=\"alignleft\" style=\"float: left; margin-right: 10px;\" src=\"https:\/\/www.puma-catchup.com\/wp-content\/uploads\/2023\/07\/3-REGEN-REPORTS_ANDREW_1440x1440px-2-e1688566147168.jpg\" alt=\"\" width=\"250\" height=\"250\"><br\/>\n<br\/>\u00a0<br\/>\n<strong class=\"textStyle_description\">EP 03 \/ KREISLAUFWIRTSCHAFT<\/strong>\n<br\/>H\u00f6ren Sie den Modedesigner Andrew Burgess im Gespr\u00e4ch mit Simon Hessel von PUMA \u00fcber Kreislaufwirtschaft und PUMAs RE: FIBRE Projekt - nur auf RE:GEN REPORTS.<br\/>\n<\/div>\n<br\/><strong>\ud83c\udfa7 Jetzt zuh\u00f6ren!<\/strong><br\/>\n<div>\n<br\/>\u00a0<br\/>\n<\/div>\n<\/div>\n   <\/div>\n<\/div>\n<\/div>\n<!-- row text single -->\n<div class=\"gradientnone\">\n<div class=\"row rowSingleColumnWide spacing\">\n    <div class=\"col articleText\">\n        <div class=\"textStyle_2b\" ><div>\n<br\/><img loading=\"lazy\" decoding=\"async\" class=\"alignleft\" style=\"float: left; margin-right: 10px;\" src=\"https:\/\/www.puma-catchup.com\/wp-content\/uploads\/2023\/07\/4-REGEN-REPORTS_AMINA_1440x1440px-e1688566156540.jpg\" alt=\"\" width=\"250\" height=\"250\"><br\/>\n<br\/>\u00a0<br\/>\n<strong class=\"textStyle_description\">EP 04 \/ FAIRE L\u00d6HNE<\/strong>\n<br\/>Die Menschenrechtsstudentin Amina Shakeel spricht mit Shelly Han von der FLA \u00fcber die Schaffung eines gerechteren Arbeitsmarktes im globalen S\u00fcden - nur auf RE:GEN REPORTS.<br\/>\n<\/div>\n<br\/><strong>\ud83c\udfa7 Jetzt zuh\u00f6ren!<\/strong><br\/>\n<div>\n<br\/>\u00a0<br\/>\n<\/div>\n<\/div>\n   <\/div>\n<\/div>\n<\/div>\n<!-- row text single -->\n<div class=\"gradientnone\">\n<div class=\"row rowSingleColumnWide spacing\">\n    <div class=\"col articleText\">\n        <div class=\"textStyle_2b\" ><div>\n<br\/><img loading=\"lazy\" decoding=\"async\" class=\"alignleft\" style=\"float: left; margin-right: 10px;\" src=\"https:\/\/www.puma-catchup.com\/wp-content\/uploads\/2023\/07\/5-RR_BERTHA_1x1-e1688566166439.jpg\" alt=\"\" width=\"250\" height=\"250\"><br\/>\n<br\/>\u00a0<br\/>\n<strong class=\"textStyle_description\">EP 05 \/ KLIMAAKTION<\/strong>\n<br\/>Die Modedesignerin Bertha Shum diskutiert mit der UNFCCC-Mitarbeiterin Lindita Xhaferi-Salihu bei RE:GEN REPORTS \u00fcber radikale Zusammenarbeit und den Klimawandel.<br\/>\n<\/div>\n<br\/><strong>\ud83c\udfa7 Jetzt zuh\u00f6ren!<\/strong><br\/>\n<div>\n<br\/>\u00a0<br\/>\n<\/div>\n<\/div>\n   <\/div>\n<\/div>\n<\/div>\n<!-- row text single -->\n<div class=\"gradientnone\">\n<div class=\"row rowSingleColumnWide spacing\">\n    <div class=\"col articleText\">\n        <div class=\"textStyle_2b\" ><div>\n<br\/><img loading=\"lazy\" decoding=\"async\" class=\"alignleft\" style=\"float: left; margin-right: 10px;\" src=\"https:\/\/www.puma-catchup.com\/wp-content\/uploads\/2023\/07\/6-REGEN-REPORTS_RIPU_1440x1440px-e1688566175775.png\" alt=\"\" width=\"250\" height=\"250\"><br\/>\n<br\/>\u00a0<br\/>\n<strong class=\"textStyle_description\">EP 06 \/ BIOLOGISCHE VIELFALT<\/strong>\n<br\/>Die \u00d6koaktivistin Ripu Daman Bevli spricht mit Nicole Rycroft von Canopy Planet auf RE:GEN REPORTS dar\u00fcber, wie Mode die Artenvielfalt unserer alten W\u00e4lder beeinflusst.<br\/>\n<\/div>\n<br\/><strong>\ud83c\udfa7 Jetzt zuh\u00f6ren!<\/strong><br\/>\n<div>\n<br\/>\u00a0<br\/>\n<\/div>\n<\/div>\n   <\/div>\n<\/div>\n<\/div>\n<!-- row text single -->\n<div class=\"gradientnone\">\n<div class=\"row rowSingleColumnWide spacing\">\n    <div class=\"col articleText\">\n        <div class=\"textStyle_2b\" ><div>\n<br\/><img loading=\"lazy\" decoding=\"async\" class=\"alignleft\" style=\"float: left; margin-right: 10px;\" src=\"https:\/\/www.puma-catchup.com\/wp-content\/uploads\/2023\/07\/7-RR_YUMIKA_1x1-e1688566182887.jpg\" alt=\"\" width=\"250\" height=\"250\"><br\/>\n<br\/>\u00a0<br\/>\n<strong class=\"textStyle_description\">EP 07 \/ KUNSTSTOFFE UND OZEANE<\/strong>\n<br\/>Die Gr\u00fcnderin des nachhaltigen Taschenherstellers (Peco) Yumika Hoskin diskutiert mit Jordan Eichenberger von PUMA bei RE:GEN REPORTS \u00fcber die Verwendung von Plastik in der Modeindustrie.<br\/>\n<\/div>\n<br\/><strong>\ud83c\udfa7 Jetzt zuh\u00f6ren!<\/strong><br\/>\n<div>\n<br\/>\u00a0<br\/>\n<\/div>\n<\/div>\n   <\/div>\n<\/div>\n<\/div>\n<!-- row text single -->\n<div class=\"gradientnone\">\n<div class=\"row rowSingleColumnWide spacing\">\n    <div class=\"col articleText\">\n        <div class=\"textStyle_2b\" ><div>\n<br\/><img loading=\"lazy\" decoding=\"async\" class=\"alignleft\" style=\"float: left; margin-right: 10px;\" src=\"https:\/\/www.puma-catchup.com\/wp-content\/uploads\/2023\/07\/8-RR_DIANDRA_1x1-e1688566133888.jpg\" alt=\"\" width=\"250\" height=\"250\"><br\/>\n<br\/>\u00a0<br\/>\n<strong class=\"textStyle_description\">EP 08 \/ Produkt<\/strong>\n<br\/>Diandra Market, Anw\u00e4ltin f\u00fcr Klimagerechtigkeit, interviewt Vanessa Brain von der Leather Working Group zum Thema \u2018R\u00fcckverfolgbarkeit\u2019 in der Lederindustrie und was das bedeutet - nur auf RE:GEN REPORTS.<br\/>\n<br\/><strong>\ud83c\udfa7 Jetzt zuh\u00f6ren!<\/strong><br\/>\n<div>\n<br\/>\u00a0<br\/>\n<\/div>\n<\/div>\n<\/div>\n   <\/div>\n<\/div>\n<\/div>\n<!-- row text single -->\n<div class=\"gradientnone\">\n<div class=\"row rowSingleColumnWide spacing\">\n    <div class=\"col articleText\">\n        <div class=\"textStyle_2b\" ><div>\n<br\/><img loading=\"lazy\" decoding=\"async\" class=\"alignleft\" style=\"float: left; margin-right: 10px;\" src=\"https:\/\/www.puma-catchup.com\/wp-content\/uploads\/2023\/07\/RR_MELISSA_1x1.jpg\" alt=\"\" width=\"250\" height=\"250\"><br\/>\n<br\/>\u00a0<br\/>\n<strong class=\"textStyle_description\">EP09 \/ WASSER &amp; LUFT<\/strong>\n<br\/>Die malaysische Botschafterin f\u00fcr den Tag der Erde, Melissa Tan, er\u00f6rtert mit Kurt Kipka vom Apparel Impact Institute, wie sich der Durst der Mode nach Wasser auf unser sich ver\u00e4nderndes Klima auswirkt.<br\/>\n<\/div>\n<br\/><strong>\ud83c\udfa7 Jetzt zuh\u00f6ren!<\/strong><br\/>\n<div>\n<br\/>\u00a0<br\/>\n<\/div>\n<\/div>\n   <\/div>\n<\/div>\n<\/div>\n<!-- row text single -->\n<div class=\"gradientnone\">\n<div class=\"row rowSingleColumnWide spacing\">\n    <div class=\"col articleText\">\n        <div class=\"textStyle_2b\" ><div>\n<br\/><img loading=\"lazy\" decoding=\"async\" class=\"alignleft\" style=\"float: left; margin-right: 10px;\" src=\"https:\/\/www.puma-catchup.com\/wp-content\/uploads\/2023\/07\/RR_MONICA_1x1.jpg\" alt=\"\" width=\"250\" height=\"250\"><br\/>\n<br\/>\u00a0<br\/>\n<strong class=\"textStyle_description\">EP10 \/ GESUNDHEIT UND SICHERHEIT<\/strong>\n<br\/>Monica Buchan-Ng, amtierende Leiterin des Wissensaustauschs am Centre for Sustainable Fashion, spricht mit PUMAs Chief Sourcing Officer, Anne-Laure Descours, \u00fcber die Arbeitsbedingungen in der Textilindustrie.<br\/>\n<\/div>\n<br\/><strong>\ud83c\udfa7 Jetzt zuh\u00f6ren!<\/strong><br\/>\n<div>\n<br\/>\u00a0<br\/>\n<\/div>\n<\/div>\n   <\/div>\n<\/div>\n<\/div>\n<!-- row text single -->\n<div class=\"gradientnone\">\n<div class=\"row rowSingleColumnWide spacing\">\n    <div class=\"col articleText\">\n        <div class=\"textStyle_default\" ><p><em>\u201cTransparenz ist entscheidend f\u00fcr unsere Nachhaltigkeitsstrategie bei PUMA. Wir sind bestrebt, unsere Praktiken zu verbessern und gleichzeitig zu erkennen, wo wir noch einen Weg vor uns haben. Wir haben diese Vordenker der n\u00e4chsten Generation eingeladen, uns und unsere Partner zu den 10FOR25-Zielen unserer Nachhaltigkeitsstrategie FOREVER.BETTER. zu befragen, um uns zu dr\u00e4ngen, besser zu sein, besser zu handeln und die Details so darzustellen, dass sie f\u00fcr mehr Menschen zug\u00e4nglich und verst\u00e4ndlich sind. Es ist leicht, Bereiche zu verstecken, in denen man nicht so schnell vorankommt, wie man es gerne h\u00e4tte, aber Ver\u00e4nderungen erfordern Zusammenarbeit und Offenheit, und mit RE:GEN REPORTS haben wir beides und werden es auch weiterhin begr\u00fc\u00dfen.\u201d<\/em><br \/>\n<span class=\"text-style-2\">- Anne-Laure Descours, Leiterin der Beschaffung bei PUMA<\/span><\/p>\n<\/div>\n   <\/div>\n<\/div>\n<\/div>\n<!-- row text single -->\n<div class=\"gradientnone\">\n<div class=\"row rowSingleColumnWide spacing\">\n    <div class=\"col articleText\">\n        <div class=\"textStyle_default\" ><h2>Jetzt anh\u00f6ren: RE:GEN REPORTS<\/h2>\n<p><iframe loading=\"lazy\" style=\"border-radius: 12px;\" src=\"https:\/\/open.spotify.com\/embed\/show\/5AIPdInaPBjsRmKKPPgLKu?utm_source=generator\" width=\"100%\" height=\"352\" frameborder=\"0\" allowfullscreen=\"allowfullscreen\"><\/iframe><\/p>\n<\/div>\n   <\/div>\n<\/div>\n<\/div>\n<!-- row headline -->\n<div class=\"row headlineBlock rowSingleColumnFull\">\n    <div class=\"col\" style=\"margin-bottom: 2px;\">\n        <h2 >READ MORE<\/h2>\n    <\/div>\n<\/div>\n<!-- row article teaser 3 -->\n<div class=\"rowArticleTeaser3\">\n\t<div class=\"row rowTwoColumnsFull spacing\">\n\t    <div style=\"padding:none\">\n\t\t\t<div class=\"col articleTeaser\">\n\t\t\t    <div class=\"\">\n\t\t\t\t\t<a href=\"https:\/\/www.puma-catchup.com\/de\/category\/corporate\/\" class=\"secondary\">Corporate<\/a>\n\t\t\t        <h4>Wei\u00df der Westen am besten, wenn es um Gesundheit und Sicherheit geht?<\/h4>\n\t\t\t\t\t<div class=\"shortExcerpt\">\n\t\t\t\t        In der neuesten Folge des RE:GEN-Podcasts beleuchtet Anne-Laure Descours, Chief Sourcing Officer bei PUMA, die bedeutenden Verbesserungen, die die Lieferanten im Laufe der Jahre erzielt haben. Wir hatten die Gelegenheit, mit ihr \u00fcber diese Fortschritte zu sprechen und dar\u00fcber, wie wichtig es ist, sie gemeinsam mit unseren Partnern anzuerkennen und zu f\u00f6rdern. Lesen Sie weiter!\n\n\t\t\t\t\t<\/div>\n\t\t\t\t\t<br\/>\n\t\t\t\t\t<a class=\"buttonSec articleslider\" href=\"https:\/\/www.puma-catchup.com\/de\/corporate\/anne-laure-descours-talks-the-latest-episode-of-our-regen-reports-podcast\/\" data-no-translation=\"\" data-trp-gettext=\"\">Story lesen<\/a>\n\t\t\t\t\t<br\/>\n\t\t\t\t\t<br\/>\n\t\t\t\t\t<a class=\"hoverzooma  scrollAnim\" href=\"https:\/\/www.puma-catchup.com\/de\/corporate\/anne-laure-descours-talks-the-latest-episode-of-our-regen-reports-podcast\/\" \n\t\t\t\t\t    \n\t\t\t\t\t     style=\"height:200px;position:relative;overflow:hidden;\t\t\t\t\t    aspect-ratio:2\t\t\t\t\t    ;\" >\n\t\t\t\t\t<img decoding=\"async\" alt=\"\"\n\t\t\t\t\t    class=\"hoverZoom\"\n\t\t\t\t\t    src=\"https:\/\/www.puma-catchup.com\/wp-content\/uploads\/2023\/07\/Header-Anne-Laure-Podcast-Interveiw.png\" style=\"transition: 0.35s all;height:100%;width:100%;\t\t\t\t\t    object-position: 50% 0%; object-fit: cover;\"\/>\n\t\t\t\t\t<\/a>\n\t\t\t\t\t\n\t\t\t\t<\/div>\n\t\t\t<\/div>\n\t    <\/div>\n\t    <div class=\"col\">\n\t\t\t<br\/>\n\t\t\t<div style=\"display:grid;grid-template-rows: auto auto auto;\">\n\t\t\t\t\t<div>\n\n\t\t\t\t\t\t<div class=\"teaser3inner\" >\n\t\t\t\t\t\t\t<div class=\"hideinprint\"><\/div>\n\t\t\t\t\t\t\t<div class=\"rowArticleItem articleTeaser\">\n\t\t\t\t\t\t\t    <div>\n\t\t\t\t\t\t\t\t\t<a class=\"hoverzooma teaserVertImg scrollAnim\" href=\"https:\/\/www.puma-catchup.com\/de\/corporate\/regen-reports-launch\/\" \n\t\t\t\t\t\t\t\t\t    id=\"50823\"\n\t\t\t\t\t\t\t\t\t     style=\"height:200px;width:200px;;position:relative;overflow:hidden;\t\t\t\t\t\t\t\t\t    aspect-ratio:1\t\t\t\t\t\t\t\t\t    ;\" >\n\t\t\t\t\t\t\t\t\t<img decoding=\"async\" alt=\"\"\n\t\t\t\t\t\t\t\t\t    class=\"hoverZoom\"\n\t\t\t\t\t\t\t\t\t    src=\"https:\/\/www.puma-catchup.com\/wp-content\/uploads\/2023\/06\/Header-REGENERATION-REPORT-Podcast.png\" style=\"transition: 0.35s all;height:100%;width:100%;\t\t\t\t\t\t\t\t\t    object-position: 50% 0%; object-fit: cover;\"\/>\n\t\t\t\t\t\t\t\t\t<\/a>\n\t\t\t\t\t\t\t\t\t\n\t\t\t\t\t\t\t    <\/div>\n\t\t\t\t\t\t\t    <div class=\"innerpadd\">\n\t\t\t\t\t\t\t\t\t<a href=\"https:\/\/www.puma-catchup.com\/de\/category\/corporate\/\" class=\"secondary2\">Corporate<\/a>\n\t\t\t\t\t\t\t        <h4>RE:GEN REPORTS<\/h4>\n\t\t\t\t\t\t\t\t\t<div class=\"shortExcerpt\">\n\t\t\t\t\t\t\t\t        Um unseren Nachhaltigkeitsbericht 2022 zug\u00e4nglicher zu machen und ein breiteres und j\u00fcngeres Publikum zu erreichen, haben wir den brandneuen Podcast The RE:GEN REPORTS geschaffen. Vordenker der n\u00e4chsten Generation aus sechs L\u00e4ndern diskutieren den Inhalt des Berichts in 10 Podcast-Episoden - von denen die ersten drei ab heute auf allen wichtigen Podcast-Plattformen verf\u00fcgbar sind!\n\n\t\t\t\t\t\t\t\t\t<\/div>\n\t\t\t\t\t\t\t\t\t<br\/>\n\t\t\t\t\t\t\t\t\t<a class=\"articleslider\" href=\"https:\/\/www.puma-catchup.com\/de\/corporate\/regen-reports-launch\/\" data-no-translation=\"\" data-trp-gettext=\"\">Story lesen<\/a>\n\t\t\t\t\t\t\t\t<\/div>\n\t\t\t\t\t\t\t\t<br\/>\n\t\t\t\t\t\t\t<\/div>\n\t\t\t\t\t\t\t<div class=\"hideinprint\"><\/div>\n\t\t\t\t\t\t<\/div>\n\t\t\t\t\t<\/div>\n\t\t\t\t\t<div>\n\t\t\t\t\t\t<div class=\"nodesktop\">\n\t\t\t\t\t\t\t<br\/><br\/>\n\t\t\t\t\t\t<\/div>\n\n\t\t\t\t\t\t<div class=\"teaser3inner\" >\n\t\t\t\t\t\t\t<div class=\"hideinprint\"><\/div>\n\t\t\t\t\t\t\t<div class=\"rowArticleItem articleTeaser\">\n\t\t\t\t\t\t\t    <div>\n\t\t\t\t\t\t\t\t\t<a class=\"hoverzooma teaserVertImg scrollAnim\" href=\"https:\/\/www.puma-catchup.com\/de\/corporate\/puma-has-committed-to-sourcing-its-leather-from-verified-deforestation-free-supply-chains\/\" \n\t\t\t\t\t\t\t\t\t    id=\"51597\"\n\t\t\t\t\t\t\t\t\t     style=\"height:200px;width:200px;;position:relative;overflow:hidden;\t\t\t\t\t\t\t\t\t    aspect-ratio:1\t\t\t\t\t\t\t\t\t    ;\" >\n\t\t\t\t\t\t\t\t\t<img decoding=\"async\" alt=\"\"\n\t\t\t\t\t\t\t\t\t    class=\"hoverZoom\"\n\t\t\t\t\t\t\t\t\t    src=\"https:\/\/www.puma-catchup.com\/wp-content\/uploads\/2023\/07\/Header-Leather-Commitment-Deforestation.png\" style=\"transition: 0.35s all;height:100%;width:100%;\t\t\t\t\t\t\t\t\t    object-position: 50% 0%; object-fit: cover;\"\/>\n\t\t\t\t\t\t\t\t\t<\/a>\n\t\t\t\t\t\t\t\t\t\n\t\t\t\t\t\t\t    <\/div>\n\t\t\t\t\t\t\t    <div class=\"innerpadd\">\n\t\t\t\t\t\t\t\t\t<a href=\"https:\/\/www.puma-catchup.com\/de\/category\/corporate\/\" class=\"secondary2\">Corporate<\/a>\n\t\t\t\t\t\t\t        <h4>Der Aufruf zum Handeln ohne Abholzung<\/h4>\n\t\t\t\t\t\t\t\t\t<div class=\"shortExcerpt\">\n\t\t\t\t\t\t\t\t        \n Forever.Better. ist nicht nur ein Anspruch, sondern unsere Verpflichtung. Deshalb haben wir uns verpflichtet, das gesamte in unseren Produkten verwendete Rindsleder bis 2030 oder fr\u00fcher aus verifizierten entwaldungsfreien Lieferketten zu beziehen. Wir haben uns dem Aktionsaufruf f\u00fcr entwaldungsfreies Leder angeschlossen, der von den globalen Nichtregierungsorganisationen Textile Exchange und Leather Working Group ins Leben gerufen wurde.\u00a0\n\n\n\t\t\t\t\t\t\t\t\t<\/div>\n\t\t\t\t\t\t\t\t\t<br\/>\n\t\t\t\t\t\t\t\t\t<a class=\"articleslider\" href=\"https:\/\/www.puma-catchup.com\/de\/corporate\/puma-has-committed-to-sourcing-its-leather-from-verified-deforestation-free-supply-chains\/\" data-no-translation=\"\" data-trp-gettext=\"\">Story lesen<\/a>\n\t\t\t\t\t\t\t\t<\/div>\n\t\t\t\t\t\t\t\t<br\/>\n\t\t\t\t\t\t\t<\/div>\n\t\t\t\t\t\t\t<div class=\"hideinprint\"><\/div>\n\t\t\t\t\t\t<\/div>\n\t\t\t\t\t<\/div>\n\t\t\t<\/div>\n\t\t\t<div class=\"hideinprint\"><\/div>\n\t\t<\/div>\n\t<\/div>\n<\/div>","protected":false},"excerpt":{"rendered":"<p>Zehn Episoden sp\u00e4ter ist die erste Staffel von PUMA'S RE:GEN REPORTS offiziell abgeschlossen. Wenn Sie mehr \u00fcber PUMAs Ansatz zur Nachhaltigkeit erfahren m\u00f6chten, sind die Podcasts genau das Richtige f\u00fcr Sie. RE:GEN REPORTS wird von zehn Vordenkern aus sechs L\u00e4ndern moderiert und bricht den komplexen Inhalt von PUMAs Nachhaltigkeitsbericht in verdauliche H\u00e4ppchen herunter. Zu den zehn Themen geh\u00f6ren Menschenrechte, Chemikalien, Kreislaufwirtschaft, faire L\u00f6hne, Klimaschutz, biologische Vielfalt, Plastik und Ozeane, Produkte, Wasser und Luft sowie Gesundheit und Sicherheit.<br \/>\nDie RE:GEN-Podcasts sind der perfekte Begleiter f\u00fcr Ihre Sommerferien \u2013 entspannen Sie sich und h\u00f6ren Sie rein!<\/p>","protected":false},"author":16,"featured_media":52453,"comment_status":"closed","ping_status":"closed","sticky":false,"template":"","format":"standard","meta":{"is_top_article":false,"is_featured_article":true,"EasyPostViewCounter":1820,"meta-headline":"It&#039;s a Wrap!","footnotes":""},"categories":[6],"class_list":["post-52449","post","type-post","status-publish","format-standard","has-post-thumbnail","hentry","category-corporate"],"fullData":{"ID":52449,"post_author":"16","post_date":"2023-08-07 07:00:11","post_date_gmt":"2023-08-07 05:00:11","post_content":"<!-- wp:puma\/row-post-header {\"image\":{\"id\":52453},\"headline\":\"It\\u0026#039;s a Wrap!\",\"content\":\"The First Season of PUMA\\u0026#039;s Sustainability Report Podcast Series Comes to a Close \",\"previewImage\":\"\",\"lock\":\"\",\"metadata\":\"\",\"className\":\"\",\"TrpContentRestriction\":{\"restriction_type\":\"exclude\",\"selected_languages\":[],\"panel_open\":true}} \/--><!-- wp:puma\/row-text-single {\"content\":\"\\u0026lt;span class=\\u0026quot;textStyle_intro\\u0026quot;\\u0026gt;Ten episodes later, the first season\\u0026nbsp; of PUMA\\u0026rsquo;S RE:GEN REPORTS has officially concluded.\\u0026nbsp;If you want to learn more about PUMA\\u0026rsquo;s approach to sustainability, the podcasts are perfect for you. Hosted by ten next-generation thinkers from six countries, RE:GEN REPORTS breaks down the complex content of PUMA\\u0026rsquo;s sustainability report into digestible pieces. The ten topics include human rights, chemicals, circularity, fair wages, climate action, biodiversity, plastic and oceans, product, water and air, and health and safety.\\u0026lt;\/span\\u0026gt;\\n\\u0026lt;br\/\\u0026gt;The RE:GEN podcasts are the perfect companion for your summer holidays \\u0026ndash;\\u0026lt;strong\\u0026gt; relax and get listening!\\u0026lt;\/strong\\u0026gt;\\u0026lt;br\/\\u0026gt;\\n\",\"width\":\"Wide\",\"aspect\":\"0\",\"style\":\"2b\",\"firstletter\":\"\",\"gradient\":\"none\",\"spacing\":true,\"previewImage\":\"\",\"lock\":\"\",\"metadata\":\"\",\"className\":\"\",\"TrpContentRestriction\":{\"restriction_type\":\"exclude\",\"selected_languages\":[],\"panel_open\":true}} \/--><!-- wp:puma\/row-text-single {\"content\":\"\\u0026lt;span class=\\u0026quot;textStyle_intro\\u0026quot;\\u0026gt;Listen to all Episodes of the RE:GEN REPORTS \ud83d\udc47\\u0026lt;\/span\\u0026gt;\\n\",\"width\":\"Wide\",\"aspect\":\"0\",\"style\":\"2b\",\"firstletter\":\"\",\"gradient\":\"none\",\"spacing\":true,\"previewImage\":\"\",\"lock\":\"\",\"metadata\":\"\",\"className\":\"\",\"TrpContentRestriction\":{\"restriction_type\":\"exclude\",\"selected_languages\":[],\"panel_open\":true}} \/--><!-- wp:puma\/row-text-single {\"content\":\"\\u0026lt;div\\u0026gt;\\n\\u0026lt;br\/\\u0026gt;\\u0026lt;img loading=\\u0026quot;lazy\\u0026quot; decoding=\\u0026quot;async\\u0026quot; class=\\u0026quot;alignleft\\u0026quot; style=\\u0026quot;float: left; margin-right: 10px;\\u0026quot; src=\\u0026quot;https:\/\/www.puma-catchup.com\/wp-content\/uploads\/2023\/07\/1-REGEN-REPORTS_ANYA_1440x1440px-e1688565494403.jpg\\u0026quot; alt=\\u0026quot;\\u0026quot; width=\\u0026quot;250\\u0026quot; height=\\u0026quot;250\\u0026quot;\\u0026gt;\\u0026lt;br\/\\u0026gt;\\n\\u0026lt;br\/\\u0026gt;\\u0026nbsp;\\u0026lt;br\/\\u0026gt;\\n\\u0026lt;strong class=\\u0026quot;textStyle_description\\u0026quot;\\u0026gt;EP 01 \/ HUMAN RIGHTS\\u0026lt;\/strong\\u0026gt;\\n\\u0026lt;br\/\\u0026gt;Join community organiser Anya Dillard on the RE:GEN REPORTS podcast as they speak with PUMA\\u0026rsquo;s, Viola Wan about the challenges garment workers face.\\u0026lt;br\/\\u0026gt;\\n\\u0026lt;\/div\\u0026gt;\\n\\u0026lt;br\/\\u0026gt;\\u0026lt;strong\\u0026gt;\ud83c\udfa7 Listen now!\\u0026lt;\/strong\\u0026gt;\\u0026lt;br\/\\u0026gt;\\n\\u0026lt;div\\u0026gt;\\n\\u0026lt;br\/\\u0026gt;\\u0026nbsp;\\u0026lt;br\/\\u0026gt;\\n\\u0026lt;\/div\\u0026gt;\\n\",\"width\":\"Wide\",\"aspect\":\"0\",\"style\":\"2b\",\"firstletter\":\"\",\"gradient\":\"none\",\"spacing\":true,\"previewImage\":\"\",\"lock\":\"\",\"metadata\":\"\",\"className\":\"\",\"TrpContentRestriction\":{\"restriction_type\":\"exclude\",\"selected_languages\":[],\"panel_open\":true}} \/--><!-- wp:puma\/row-text-single {\"content\":\"\\u0026lt;div\\u0026gt;\\n\\u0026lt;br\/\\u0026gt;\\u0026lt;img loading=\\u0026quot;lazy\\u0026quot; decoding=\\u0026quot;async\\u0026quot; class=\\u0026quot;alignleft\\u0026quot; style=\\u0026quot;float: left; margin-right: 10px;\\u0026quot; src=\\u0026quot;https:\/\/www.puma-catchup.com\/wp-content\/uploads\/2023\/07\/2-REGEN-REPORTS_LUKE_1440x1440px-2-e1688566123538.jpg\\u0026quot; alt=\\u0026quot;\\u0026quot; width=\\u0026quot;250\\u0026quot; height=\\u0026quot;250\\u0026quot;\\u0026gt;\\u0026lt;br\/\\u0026gt;\\n\\u0026lt;br\/\\u0026gt;\\u0026nbsp;\\u0026lt;br\/\\u0026gt;\\n\\u0026lt;strong class=\\u0026quot;textStyle_description\\u0026quot;\\u0026gt;EP 02 \/ CHEMICALS\\u0026lt;\/strong\\u0026gt;\\n\\u0026lt;br\/\\u0026gt;Tune into content creator Luke Jaque-Rodney and ZDHC\\u0026rsquo;s Klaas Nuttbohm discussing the future of chemicals in fashion \\u0026ndash; on our second episode of the RE:GEN REPORTS.\\u0026lt;br\/\\u0026gt;\\n\\u0026lt;\/div\\u0026gt;\\n\\u0026lt;br\/\\u0026gt;\\u0026lt;strong\\u0026gt;\ud83c\udfa7 Listen now!\\u0026lt;\/strong\\u0026gt;\\u0026lt;br\/\\u0026gt;\\n\\u0026lt;div\\u0026gt;\\n\\u0026lt;br\/\\u0026gt;\\u0026nbsp;\\u0026lt;br\/\\u0026gt;\\n\\u0026lt;\/div\\u0026gt;\\n\",\"width\":\"Wide\",\"aspect\":\"0\",\"style\":\"2b\",\"firstletter\":\"\",\"gradient\":\"none\",\"spacing\":true,\"previewImage\":\"\",\"lock\":\"\",\"metadata\":\"\",\"className\":\"\",\"TrpContentRestriction\":{\"restriction_type\":\"exclude\",\"selected_languages\":[],\"panel_open\":true}} \/--><!-- wp:puma\/row-text-single {\"content\":\"\\u0026lt;div\\u0026gt;\\n\\u0026lt;br\/\\u0026gt;\\u0026lt;img loading=\\u0026quot;lazy\\u0026quot; decoding=\\u0026quot;async\\u0026quot; class=\\u0026quot;alignleft\\u0026quot; style=\\u0026quot;float: left; margin-right: 10px;\\u0026quot; src=\\u0026quot;https:\/\/www.puma-catchup.com\/wp-content\/uploads\/2023\/07\/3-REGEN-REPORTS_ANDREW_1440x1440px-2-e1688566147168.jpg\\u0026quot; alt=\\u0026quot;\\u0026quot; width=\\u0026quot;250\\u0026quot; height=\\u0026quot;250\\u0026quot;\\u0026gt;\\u0026lt;br\/\\u0026gt;\\n\\u0026lt;br\/\\u0026gt;\\u0026nbsp;\\u0026lt;br\/\\u0026gt;\\n\\u0026lt;strong class=\\u0026quot;textStyle_description\\u0026quot;\\u0026gt;EP 03 \/ CIRCULARITY\\u0026lt;\/strong\\u0026gt;\\n\\u0026lt;br\/\\u0026gt;Listen to fashion designer Andrew Burgess chat with PUMA\\u0026rsquo;s, Simon Hessel, about \\u0026lsquo;circularity\\u0026rsquo; and PUMA\\u0026rsquo;s RE: FIBRE project \\u0026ndash; only on RE:GEN REPORTS.\\u0026lt;br\/\\u0026gt;\\n\\u0026lt;\/div\\u0026gt;\\n\\u0026lt;br\/\\u0026gt;\\u0026lt;strong\\u0026gt;\ud83c\udfa7 Listen now!\\u0026lt;\/strong\\u0026gt;\\u0026lt;br\/\\u0026gt;\\n\\u0026lt;div\\u0026gt;\\n\\u0026lt;br\/\\u0026gt;\\u0026nbsp;\\u0026lt;br\/\\u0026gt;\\n\\u0026lt;\/div\\u0026gt;\\n\",\"width\":\"Wide\",\"aspect\":\"0\",\"style\":\"2b\",\"firstletter\":\"\",\"gradient\":\"none\",\"spacing\":true,\"previewImage\":\"\",\"lock\":\"\",\"metadata\":\"\",\"className\":\"\",\"TrpContentRestriction\":{\"restriction_type\":\"exclude\",\"selected_languages\":[],\"panel_open\":true}} \/--><!-- wp:puma\/row-text-single {\"content\":\"\\u0026lt;div\\u0026gt;\\n\\u0026lt;br\/\\u0026gt;\\u0026lt;img loading=\\u0026quot;lazy\\u0026quot; decoding=\\u0026quot;async\\u0026quot; class=\\u0026quot;alignleft\\u0026quot; style=\\u0026quot;float: left; margin-right: 10px;\\u0026quot; src=\\u0026quot;https:\/\/www.puma-catchup.com\/wp-content\/uploads\/2023\/07\/4-REGEN-REPORTS_AMINA_1440x1440px-e1688566156540.jpg\\u0026quot; alt=\\u0026quot;\\u0026quot; width=\\u0026quot;250\\u0026quot; height=\\u0026quot;250\\u0026quot;\\u0026gt;\\u0026lt;br\/\\u0026gt;\\n\\u0026lt;br\/\\u0026gt;\\u0026nbsp;\\u0026lt;br\/\\u0026gt;\\n\\u0026lt;strong class=\\u0026quot;textStyle_description\\u0026quot;\\u0026gt;EP 04 \/ FAIR WAGES\\u0026lt;\/strong\\u0026gt;\\n\\u0026lt;br\/\\u0026gt;Human Rights Student Amina Shakeel talks to Shelly Han from the FLA on creating a fairer labour market in the global south \\u0026ndash; only on RE:GEN REPORTS.\\u0026lt;br\/\\u0026gt;\\n\\u0026lt;\/div\\u0026gt;\\n\\u0026lt;br\/\\u0026gt;\\u0026lt;strong\\u0026gt;\ud83c\udfa7 Listen now!\\u0026lt;\/strong\\u0026gt;\\u0026lt;br\/\\u0026gt;\\n\\u0026lt;div\\u0026gt;\\n\\u0026lt;br\/\\u0026gt;\\u0026nbsp;\\u0026lt;br\/\\u0026gt;\\n\\u0026lt;\/div\\u0026gt;\\n\",\"width\":\"Wide\",\"aspect\":\"0\",\"style\":\"2b\",\"firstletter\":\"\",\"gradient\":\"none\",\"spacing\":true,\"previewImage\":\"\",\"lock\":\"\",\"metadata\":\"\",\"className\":\"\",\"TrpContentRestriction\":{\"restriction_type\":\"exclude\",\"selected_languages\":[],\"panel_open\":true}} \/--><!-- wp:puma\/row-text-single {\"content\":\"\\u0026lt;div\\u0026gt;\\n\\u0026lt;br\/\\u0026gt;\\u0026lt;img loading=\\u0026quot;lazy\\u0026quot; decoding=\\u0026quot;async\\u0026quot; class=\\u0026quot;alignleft\\u0026quot; style=\\u0026quot;float: left; margin-right: 10px;\\u0026quot; src=\\u0026quot;https:\/\/www.puma-catchup.com\/wp-content\/uploads\/2023\/07\/5-RR_BERTHA_1x1-e1688566166439.jpg\\u0026quot; alt=\\u0026quot;\\u0026quot; width=\\u0026quot;250\\u0026quot; height=\\u0026quot;250\\u0026quot;\\u0026gt;\\u0026lt;br\/\\u0026gt;\\n\\u0026lt;br\/\\u0026gt;\\u0026nbsp;\\u0026lt;br\/\\u0026gt;\\n\\u0026lt;strong class=\\u0026quot;textStyle_description\\u0026quot;\\u0026gt;EP 05 \/ CLIMATE ACTION\\u0026lt;\/strong\\u0026gt;\\n\\u0026lt;br\/\\u0026gt;Fashion Designer Bertha Shum is joined by UNFCCC\\u0026rsquo;s, Lindita Xhaferi-Salihu on RE:GEN REPORTS to discuss radical collaboration and climate change.\\u0026lt;br\/\\u0026gt;\\n\\u0026lt;\/div\\u0026gt;\\n\\u0026lt;br\/\\u0026gt;\\u0026lt;strong\\u0026gt;\ud83c\udfa7 Listen now!\\u0026lt;\/strong\\u0026gt;\\u0026lt;br\/\\u0026gt;\\n\\u0026lt;div\\u0026gt;\\n\\u0026lt;br\/\\u0026gt;\\u0026nbsp;\\u0026lt;br\/\\u0026gt;\\n\\u0026lt;\/div\\u0026gt;\\n\",\"width\":\"Wide\",\"aspect\":\"0\",\"style\":\"2b\",\"firstletter\":\"\",\"gradient\":\"none\",\"spacing\":true,\"previewImage\":\"\",\"lock\":\"\",\"metadata\":\"\",\"className\":\"\",\"TrpContentRestriction\":{\"restriction_type\":\"exclude\",\"selected_languages\":[],\"panel_open\":true}} \/--><!-- wp:puma\/row-text-single {\"content\":\"\\u0026lt;div\\u0026gt;\\n\\u0026lt;br\/\\u0026gt;\\u0026lt;img loading=\\u0026quot;lazy\\u0026quot; decoding=\\u0026quot;async\\u0026quot; class=\\u0026quot;alignleft\\u0026quot; style=\\u0026quot;float: left; margin-right: 10px;\\u0026quot; src=\\u0026quot;https:\/\/www.puma-catchup.com\/wp-content\/uploads\/2023\/07\/6-REGEN-REPORTS_RIPU_1440x1440px-e1688566175775.png\\u0026quot; alt=\\u0026quot;\\u0026quot; width=\\u0026quot;250\\u0026quot; height=\\u0026quot;250\\u0026quot;\\u0026gt;\\u0026lt;br\/\\u0026gt;\\n\\u0026lt;br\/\\u0026gt;\\u0026nbsp;\\u0026lt;br\/\\u0026gt;\\n\\u0026lt;strong class=\\u0026quot;textStyle_description\\u0026quot;\\u0026gt;EP 06 \/ BIODIVERSITY\\u0026lt;\/strong\\u0026gt;\\n\\u0026lt;br\/\\u0026gt;Eco activist Ripu Daman Bevli talks with Nicole Rycroft, of Canopy Planet on RE:GEN REPORTS on how fashion impacts our ancient forests\\u0026rsquo; biodiversity.\\u0026lt;br\/\\u0026gt;\\n\\u0026lt;\/div\\u0026gt;\\n\\u0026lt;br\/\\u0026gt;\\u0026lt;strong\\u0026gt;\ud83c\udfa7 Listen now!\\u0026lt;\/strong\\u0026gt;\\u0026lt;br\/\\u0026gt;\\n\\u0026lt;div\\u0026gt;\\n\\u0026lt;br\/\\u0026gt;\\u0026nbsp;\\u0026lt;br\/\\u0026gt;\\n\\u0026lt;\/div\\u0026gt;\\n\",\"width\":\"Wide\",\"aspect\":\"0\",\"style\":\"2b\",\"firstletter\":\"\",\"gradient\":\"none\",\"spacing\":true,\"previewImage\":\"\",\"lock\":\"\",\"metadata\":\"\",\"className\":\"\",\"TrpContentRestriction\":{\"restriction_type\":\"exclude\",\"selected_languages\":[],\"panel_open\":true}} \/--><!-- wp:puma\/row-text-single {\"content\":\"\\u0026lt;div\\u0026gt;\\n\\u0026lt;br\/\\u0026gt;\\u0026lt;img loading=\\u0026quot;lazy\\u0026quot; decoding=\\u0026quot;async\\u0026quot; class=\\u0026quot;alignleft\\u0026quot; style=\\u0026quot;float: left; margin-right: 10px;\\u0026quot; src=\\u0026quot;https:\/\/www.puma-catchup.com\/wp-content\/uploads\/2023\/07\/7-RR_YUMIKA_1x1-e1688566182887.jpg\\u0026quot; alt=\\u0026quot;\\u0026quot; width=\\u0026quot;250\\u0026quot; height=\\u0026quot;250\\u0026quot;\\u0026gt;\\u0026lt;br\/\\u0026gt;\\n\\u0026lt;br\/\\u0026gt;\\u0026nbsp;\\u0026lt;br\/\\u0026gt;\\n\\u0026lt;strong class=\\u0026quot;textStyle_description\\u0026quot;\\u0026gt;EP 07 \/ PLASTICS AND OCEANS\\u0026lt;\/strong\\u0026gt;\\n\\u0026lt;br\/\\u0026gt;Founder of sustainable bag company (Peco) Yumika Hoskin joins PUMA\\u0026rsquo;s Jordan\\u0026nbsp;Eichenberger on RE:GEN REPORTS to discuss the use of plastic in the fashion industry.\\u0026lt;br\/\\u0026gt;\\n\\u0026lt;\/div\\u0026gt;\\n\\u0026lt;br\/\\u0026gt;\\u0026lt;strong\\u0026gt;\ud83c\udfa7 Listen now!\\u0026lt;\/strong\\u0026gt;\\u0026lt;br\/\\u0026gt;\\n\\u0026lt;div\\u0026gt;\\n\\u0026lt;br\/\\u0026gt;\\u0026nbsp;\\u0026lt;br\/\\u0026gt;\\n\\u0026lt;\/div\\u0026gt;\\n\",\"width\":\"Wide\",\"aspect\":\"0\",\"style\":\"2b\",\"firstletter\":\"\",\"gradient\":\"none\",\"spacing\":true,\"previewImage\":\"\",\"lock\":\"\",\"metadata\":\"\",\"className\":\"\",\"TrpContentRestriction\":{\"restriction_type\":\"exclude\",\"selected_languages\":[],\"panel_open\":true}} \/--><!-- wp:puma\/row-text-single {\"content\":\"\\u0026lt;div\\u0026gt;\\n\\u0026lt;br\/\\u0026gt;\\u0026lt;img loading=\\u0026quot;lazy\\u0026quot; decoding=\\u0026quot;async\\u0026quot; class=\\u0026quot;alignleft\\u0026quot; style=\\u0026quot;float: left; margin-right: 10px;\\u0026quot; src=\\u0026quot;https:\/\/www.puma-catchup.com\/wp-content\/uploads\/2023\/07\/8-RR_DIANDRA_1x1-e1688566133888.jpg\\u0026quot; alt=\\u0026quot;\\u0026quot; width=\\u0026quot;250\\u0026quot; height=\\u0026quot;250\\u0026quot;\\u0026gt;\\u0026lt;br\/\\u0026gt;\\n\\u0026lt;br\/\\u0026gt;\\u0026nbsp;\\u0026lt;br\/\\u0026gt;\\n\\u0026lt;strong class=\\u0026quot;textStyle_description\\u0026quot;\\u0026gt;EP 08 \/ Product\\u0026lt;\/strong\\u0026gt;\\n\\u0026lt;br\/\\u0026gt;Climate justice advocate Diandra Market interviews Vanessa Brain from the Leather Working Group on \\u0026lsquo;traceability\\u0026rsquo; in the Leather Industry and what that means \\u0026ndash; only on RE:GEN REPORTS.\\u0026lt;br\/\\u0026gt;\\n\\u0026lt;br\/\\u0026gt;\\u0026lt;strong\\u0026gt;\ud83c\udfa7 Listen now!\\u0026lt;\/strong\\u0026gt;\\u0026lt;br\/\\u0026gt;\\n\\u0026lt;div\\u0026gt;\\n\\u0026lt;br\/\\u0026gt;\\u0026nbsp;\\u0026lt;br\/\\u0026gt;\\n\\u0026lt;\/div\\u0026gt;\\n\\u0026lt;\/div\\u0026gt;\\n\",\"width\":\"Wide\",\"aspect\":\"0\",\"style\":\"2b\",\"firstletter\":\"\",\"gradient\":\"none\",\"spacing\":true,\"previewImage\":\"\",\"lock\":\"\",\"metadata\":\"\",\"className\":\"\",\"TrpContentRestriction\":{\"restriction_type\":\"exclude\",\"selected_languages\":[],\"panel_open\":true}} \/--><!-- wp:puma\/row-text-single {\"content\":\"\\u0026lt;div\\u0026gt;\\n\\u0026lt;br\/\\u0026gt;\\u0026lt;img loading=\\u0026quot;lazy\\u0026quot; decoding=\\u0026quot;async\\u0026quot; class=\\u0026quot;alignleft\\u0026quot; style=\\u0026quot;float: left; margin-right: 10px;\\u0026quot; src=\\u0026quot;https:\/\/www.puma-catchup.com\/wp-content\/uploads\/2023\/07\/RR_MELISSA_1x1.jpg\\u0026quot; alt=\\u0026quot;\\u0026quot; width=\\u0026quot;250\\u0026quot; height=\\u0026quot;250\\u0026quot;\\u0026gt;\\u0026lt;br\/\\u0026gt;\\n\\u0026lt;br\/\\u0026gt;\\u0026nbsp;\\u0026lt;br\/\\u0026gt;\\n\\u0026lt;strong class=\\u0026quot;textStyle_description\\u0026quot;\\u0026gt;EP09 \/ WATER \\u0026amp; AIR\\u0026lt;\/strong\\u0026gt;\\n\\u0026lt;br\/\\u0026gt;Malaysian based eco-conscious Earth Day Ambassador Melissa Tan discusses how fashion\\u0026rsquo;s thirst for water is impacting our changing climate with Kurt Kipka from the Apparel Impact Institute.\\u0026lt;br\/\\u0026gt;\\n\\u0026lt;\/div\\u0026gt;\\n\\u0026lt;br\/\\u0026gt;\\u0026lt;strong\\u0026gt;\ud83c\udfa7 Listen now!\\u0026lt;\/strong\\u0026gt;\\u0026lt;br\/\\u0026gt;\\n\\u0026lt;div\\u0026gt;\\n\\u0026lt;br\/\\u0026gt;\\u0026nbsp;\\u0026lt;br\/\\u0026gt;\\n\\u0026lt;\/div\\u0026gt;\\n\",\"width\":\"Wide\",\"aspect\":\"0\",\"style\":\"2b\",\"firstletter\":\"\",\"gradient\":\"none\",\"spacing\":true,\"previewImage\":\"\",\"lock\":\"\",\"metadata\":\"\",\"className\":\"\",\"TrpContentRestriction\":{\"restriction_type\":\"exclude\",\"selected_languages\":[],\"panel_open\":true}} \/--><!-- wp:puma\/row-text-single {\"content\":\"\\u0026lt;div\\u0026gt;\\n\\u0026lt;br\/\\u0026gt;\\u0026lt;img loading=\\u0026quot;lazy\\u0026quot; decoding=\\u0026quot;async\\u0026quot; class=\\u0026quot;alignleft\\u0026quot; style=\\u0026quot;float: left; margin-right: 10px;\\u0026quot; src=\\u0026quot;https:\/\/www.puma-catchup.com\/wp-content\/uploads\/2023\/07\/RR_MONICA_1x1.jpg\\u0026quot; alt=\\u0026quot;\\u0026quot; width=\\u0026quot;250\\u0026quot; height=\\u0026quot;250\\u0026quot;\\u0026gt;\\u0026lt;br\/\\u0026gt;\\n\\u0026lt;br\/\\u0026gt;\\u0026nbsp;\\u0026lt;br\/\\u0026gt;\\n\\u0026lt;strong class=\\u0026quot;textStyle_description\\u0026quot;\\u0026gt;EP10 \/ HEALTH \\u0026amp; SAFETY\\u0026lt;\/strong\\u0026gt;\\n\\u0026lt;br\/\\u0026gt;Monica Buchan-Ng, Acting Head of Knowledge Exchange at the Centre for Sustainable Fashion speaks with PUMA\\u0026rsquo;s Chief Sourcing Officer, Anne-Laure Descours, about working conditions in the textile industry.\\u0026lt;br\/\\u0026gt;\\n\\u0026lt;\/div\\u0026gt;\\n\\u0026lt;br\/\\u0026gt;\\u0026lt;strong\\u0026gt;\ud83c\udfa7 Listen now!\\u0026lt;\/strong\\u0026gt;\\u0026lt;br\/\\u0026gt;\\n\\u0026lt;div\\u0026gt;\\n\\u0026lt;br\/\\u0026gt;\\u0026nbsp;\\u0026lt;br\/\\u0026gt;\\n\\u0026lt;\/div\\u0026gt;\\n\",\"width\":\"Wide\",\"aspect\":\"0\",\"style\":\"2b\",\"firstletter\":\"\",\"gradient\":\"none\",\"spacing\":true,\"previewImage\":\"\",\"lock\":\"\",\"metadata\":\"\",\"className\":\"\",\"TrpContentRestriction\":{\"restriction_type\":\"exclude\",\"selected_languages\":[],\"panel_open\":true}} \/--><!-- wp:puma\/row-text-single {\"content\":\"\\u0026lt;p\\u0026gt;\\u0026lt;em\\u0026gt;\\u0026ldquo;Transparency is critical to our sustainability strategy at PUMA. We are committed to improving our practices and equally acknowledging where there is still a way for us to go. We invited these next generation thinkers to interview us and our partners on our FOREVER.BETTER. sustainability strategy 10FOR25 targets to push us to be better, to do better, and get into the detail in a way that more people can access and understand. It\\u0026rsquo;s easy to hide areas where you\\u0026rsquo;re not making progress as quickly as you\\u0026rsquo;d like, but change requires collaboration and openness and with RE:GEN REPORTS we have and will continue to welcome both of those things.\\u0026rdquo;\\u0026lt;\/em\\u0026gt;\\u0026lt;br \/\\u0026gt;\\n\\u0026lt;span class=\\u0026quot;text-style-2\\u0026quot;\\u0026gt;\\u0026ndash; Anne-Laure Descours, Chief Sourcing Officer at PUMA\\u0026lt;\/span\\u0026gt;\\u0026lt;\/p\\u0026gt;\\n\",\"width\":\"Wide\",\"style\":\"default\",\"firstletter\":\"\",\"gradient\":\"none\",\"spacing\":true,\"previewImage\":\"\",\"lock\":\"\",\"metadata\":\"\",\"className\":\"\",\"TrpContentRestriction\":{\"restriction_type\":\"exclude\",\"selected_languages\":[],\"panel_open\":true}} \/--><!-- wp:puma\/row-text-single {\"content\":\"\\u0026lt;h2\\u0026gt;Listen now: RE:GEN REPORTS\\u0026lt;\/h2\\u0026gt;\\n\\u0026lt;p\\u0026gt;\\u0026lt;iframe loading=\\u0026quot;lazy\\u0026quot; style=\\u0026quot;border-radius: 12px;\\u0026quot; src=\\u0026quot;https:\/\/open.spotify.com\/embed\/show\/5AIPdInaPBjsRmKKPPgLKu?utm_source=generator\\u0026quot; width=\\u0026quot;100%\\u0026quot; height=\\u0026quot;352\\u0026quot; frameborder=\\u0026quot;0\\u0026quot; allowfullscreen=\\u0026quot;allowfullscreen\\u0026quot;\\u0026gt;\\u0026lt;\/iframe\\u0026gt;\\u0026lt;\/p\\u0026gt;\\n\",\"width\":\"Wide\",\"style\":\"default\",\"firstletter\":\"\",\"gradient\":\"none\",\"spacing\":true,\"previewImage\":\"\",\"lock\":\"\",\"metadata\":\"\",\"className\":\"\",\"TrpContentRestriction\":{\"restriction_type\":\"exclude\",\"selected_languages\":[],\"panel_open\":true}} \/--><!-- wp:puma\/row-headline {\"h1\":\"READ MORE\",\"width\":\"Full\",\"h2\":\"\",\"previewImage\":\"\",\"lock\":\"\",\"metadata\":\"\",\"className\":\"\",\"TrpContentRestriction\":{\"restriction_type\":\"exclude\",\"selected_languages\":[],\"panel_open\":true}} \/--><!-- wp:puma\/row-article-teaser-3 {\"migrateBlock\":true,\"numArticles\":3,\"title\":\"READ MORE\",\"icon\":\"\",\"manualArticles\":[{\"id\":51925},{\"id\":50823},{\"id\":51597}],\"mode\":\"manual\",\"articles\":\"\",\"previewImage\":\"\",\"lock\":\"\",\"metadata\":\"\",\"className\":\"\",\"TrpContentRestriction\":{\"restriction_type\":\"exclude\",\"selected_languages\":[],\"panel_open\":true}} \/-->","post_title":"The First Season of PUMA's Sustainability Report Podcast Series Comes to a Close","post_excerpt":"Ten episodes later, the first season\u00a0 of PUMA\u2019S RE:GEN REPORTS has officially concluded.\u00a0If you want to learn more about PUMA\u2019s approach to sustainability, the podcasts are perfect for you. Hosted by ten next-generation thinkers from six countries, RE:GEN REPORTS breaks down the complex content of PUMA\u2019s sustainability report into digestible pieces. The ten topics include human rights, chemicals, circularity, fair wages, climate action, biodiversity, plastic and oceans, product, water and air, and health and safety.\nThe RE:GEN podcasts are the perfect companion for your summer holidays \u2013 relax and get listening!\n","post_status":"publish","comment_status":"closed","ping_status":"closed","post_password":"","post_name":"the-first-season-of-pumas-sustainability-report-podcast-series-comes-to-a-close","to_ping":"","pinged":"","post_modified":"2025-11-20 08:41:17","post_modified_gmt":"2025-11-20 08:41:17","post_content_filtered":"","post_parent":0,"guid":"https:\/\/www.puma-catchup.com\/?p=52449","menu_order":0,"post_type":"post","post_mime_type":"","comment_count":"0","filter":"raw","ancestors":[],"page_template":"","post_category":[6],"tags_input":[],"id":52449,"author":"16","date":"2023-08-07 07:00:11","date_gmt":"2023-08-07 05:00:11","content":"<!-- wp:puma\/row-post-header {\"image\":{\"id\":52453},\"headline\":\"It\\u0026#039;s a Wrap!\",\"content\":\"The First Season of PUMA\\u0026#039;s Sustainability Report Podcast Series Comes to a Close \",\"previewImage\":\"\",\"lock\":\"\",\"metadata\":\"\",\"className\":\"\",\"TrpContentRestriction\":{\"restriction_type\":\"exclude\",\"selected_languages\":[],\"panel_open\":true}} \/--><!-- wp:puma\/row-text-single {\"content\":\"\\u0026lt;span class=\\u0026quot;textStyle_intro\\u0026quot;\\u0026gt;Ten episodes later, the first season\\u0026nbsp; of PUMA\\u0026rsquo;S RE:GEN REPORTS has officially concluded.\\u0026nbsp;If you want to learn more about PUMA\\u0026rsquo;s approach to sustainability, the podcasts are perfect for you. Hosted by ten next-generation thinkers from six countries, RE:GEN REPORTS breaks down the complex content of PUMA\\u0026rsquo;s sustainability report into digestible pieces. The ten topics include human rights, chemicals, circularity, fair wages, climate action, biodiversity, plastic and oceans, product, water and air, and health and safety.\\u0026lt;\/span\\u0026gt;\\n\\u0026lt;br\/\\u0026gt;The RE:GEN podcasts are the perfect companion for your summer holidays \\u0026ndash;\\u0026lt;strong\\u0026gt; relax and get listening!\\u0026lt;\/strong\\u0026gt;\\u0026lt;br\/\\u0026gt;\\n\",\"width\":\"Wide\",\"aspect\":\"0\",\"style\":\"2b\",\"firstletter\":\"\",\"gradient\":\"none\",\"spacing\":true,\"previewImage\":\"\",\"lock\":\"\",\"metadata\":\"\",\"className\":\"\",\"TrpContentRestriction\":{\"restriction_type\":\"exclude\",\"selected_languages\":[],\"panel_open\":true}} \/--><!-- wp:puma\/row-text-single {\"content\":\"\\u0026lt;span class=\\u0026quot;textStyle_intro\\u0026quot;\\u0026gt;Listen to all Episodes of the RE:GEN REPORTS \ud83d\udc47\\u0026lt;\/span\\u0026gt;\\n\",\"width\":\"Wide\",\"aspect\":\"0\",\"style\":\"2b\",\"firstletter\":\"\",\"gradient\":\"none\",\"spacing\":true,\"previewImage\":\"\",\"lock\":\"\",\"metadata\":\"\",\"className\":\"\",\"TrpContentRestriction\":{\"restriction_type\":\"exclude\",\"selected_languages\":[],\"panel_open\":true}} \/--><!-- wp:puma\/row-text-single {\"content\":\"\\u0026lt;div\\u0026gt;\\n\\u0026lt;br\/\\u0026gt;\\u0026lt;img loading=\\u0026quot;lazy\\u0026quot; decoding=\\u0026quot;async\\u0026quot; class=\\u0026quot;alignleft\\u0026quot; style=\\u0026quot;float: left; margin-right: 10px;\\u0026quot; src=\\u0026quot;https:\/\/www.puma-catchup.com\/wp-content\/uploads\/2023\/07\/1-REGEN-REPORTS_ANYA_1440x1440px-e1688565494403.jpg\\u0026quot; alt=\\u0026quot;\\u0026quot; width=\\u0026quot;250\\u0026quot; height=\\u0026quot;250\\u0026quot;\\u0026gt;\\u0026lt;br\/\\u0026gt;\\n\\u0026lt;br\/\\u0026gt;\\u0026nbsp;\\u0026lt;br\/\\u0026gt;\\n\\u0026lt;strong class=\\u0026quot;textStyle_description\\u0026quot;\\u0026gt;EP 01 \/ HUMAN RIGHTS\\u0026lt;\/strong\\u0026gt;\\n\\u0026lt;br\/\\u0026gt;Join community organiser Anya Dillard on the RE:GEN REPORTS podcast as they speak with PUMA\\u0026rsquo;s, Viola Wan about the challenges garment workers face.\\u0026lt;br\/\\u0026gt;\\n\\u0026lt;\/div\\u0026gt;\\n\\u0026lt;br\/\\u0026gt;\\u0026lt;strong\\u0026gt;\ud83c\udfa7 Listen now!\\u0026lt;\/strong\\u0026gt;\\u0026lt;br\/\\u0026gt;\\n\\u0026lt;div\\u0026gt;\\n\\u0026lt;br\/\\u0026gt;\\u0026nbsp;\\u0026lt;br\/\\u0026gt;\\n\\u0026lt;\/div\\u0026gt;\\n\",\"width\":\"Wide\",\"aspect\":\"0\",\"style\":\"2b\",\"firstletter\":\"\",\"gradient\":\"none\",\"spacing\":true,\"previewImage\":\"\",\"lock\":\"\",\"metadata\":\"\",\"className\":\"\",\"TrpContentRestriction\":{\"restriction_type\":\"exclude\",\"selected_languages\":[],\"panel_open\":true}} \/--><!-- wp:puma\/row-text-single {\"content\":\"\\u0026lt;div\\u0026gt;\\n\\u0026lt;br\/\\u0026gt;\\u0026lt;img loading=\\u0026quot;lazy\\u0026quot; decoding=\\u0026quot;async\\u0026quot; class=\\u0026quot;alignleft\\u0026quot; style=\\u0026quot;float: left; margin-right: 10px;\\u0026quot; src=\\u0026quot;https:\/\/www.puma-catchup.com\/wp-content\/uploads\/2023\/07\/2-REGEN-REPORTS_LUKE_1440x1440px-2-e1688566123538.jpg\\u0026quot; alt=\\u0026quot;\\u0026quot; width=\\u0026quot;250\\u0026quot; height=\\u0026quot;250\\u0026quot;\\u0026gt;\\u0026lt;br\/\\u0026gt;\\n\\u0026lt;br\/\\u0026gt;\\u0026nbsp;\\u0026lt;br\/\\u0026gt;\\n\\u0026lt;strong class=\\u0026quot;textStyle_description\\u0026quot;\\u0026gt;EP 02 \/ CHEMICALS\\u0026lt;\/strong\\u0026gt;\\n\\u0026lt;br\/\\u0026gt;Tune into content creator Luke Jaque-Rodney and ZDHC\\u0026rsquo;s Klaas Nuttbohm discussing the future of chemicals in fashion \\u0026ndash; on our second episode of the RE:GEN REPORTS.\\u0026lt;br\/\\u0026gt;\\n\\u0026lt;\/div\\u0026gt;\\n\\u0026lt;br\/\\u0026gt;\\u0026lt;strong\\u0026gt;\ud83c\udfa7 Listen now!\\u0026lt;\/strong\\u0026gt;\\u0026lt;br\/\\u0026gt;\\n\\u0026lt;div\\u0026gt;\\n\\u0026lt;br\/\\u0026gt;\\u0026nbsp;\\u0026lt;br\/\\u0026gt;\\n\\u0026lt;\/div\\u0026gt;\\n\",\"width\":\"Wide\",\"aspect\":\"0\",\"style\":\"2b\",\"firstletter\":\"\",\"gradient\":\"none\",\"spacing\":true,\"previewImage\":\"\",\"lock\":\"\",\"metadata\":\"\",\"className\":\"\",\"TrpContentRestriction\":{\"restriction_type\":\"exclude\",\"selected_languages\":[],\"panel_open\":true}} \/--><!-- wp:puma\/row-text-single {\"content\":\"\\u0026lt;div\\u0026gt;\\n\\u0026lt;br\/\\u0026gt;\\u0026lt;img loading=\\u0026quot;lazy\\u0026quot; decoding=\\u0026quot;async\\u0026quot; class=\\u0026quot;alignleft\\u0026quot; style=\\u0026quot;float: left; margin-right: 10px;\\u0026quot; src=\\u0026quot;https:\/\/www.puma-catchup.com\/wp-content\/uploads\/2023\/07\/3-REGEN-REPORTS_ANDREW_1440x1440px-2-e1688566147168.jpg\\u0026quot; alt=\\u0026quot;\\u0026quot; width=\\u0026quot;250\\u0026quot; height=\\u0026quot;250\\u0026quot;\\u0026gt;\\u0026lt;br\/\\u0026gt;\\n\\u0026lt;br\/\\u0026gt;\\u0026nbsp;\\u0026lt;br\/\\u0026gt;\\n\\u0026lt;strong class=\\u0026quot;textStyle_description\\u0026quot;\\u0026gt;EP 03 \/ CIRCULARITY\\u0026lt;\/strong\\u0026gt;\\n\\u0026lt;br\/\\u0026gt;Listen to fashion designer Andrew Burgess chat with PUMA\\u0026rsquo;s, Simon Hessel, about \\u0026lsquo;circularity\\u0026rsquo; and PUMA\\u0026rsquo;s RE: FIBRE project \\u0026ndash; only on RE:GEN REPORTS.\\u0026lt;br\/\\u0026gt;\\n\\u0026lt;\/div\\u0026gt;\\n\\u0026lt;br\/\\u0026gt;\\u0026lt;strong\\u0026gt;\ud83c\udfa7 Listen now!\\u0026lt;\/strong\\u0026gt;\\u0026lt;br\/\\u0026gt;\\n\\u0026lt;div\\u0026gt;\\n\\u0026lt;br\/\\u0026gt;\\u0026nbsp;\\u0026lt;br\/\\u0026gt;\\n\\u0026lt;\/div\\u0026gt;\\n\",\"width\":\"Wide\",\"aspect\":\"0\",\"style\":\"2b\",\"firstletter\":\"\",\"gradient\":\"none\",\"spacing\":true,\"previewImage\":\"\",\"lock\":\"\",\"metadata\":\"\",\"className\":\"\",\"TrpContentRestriction\":{\"restriction_type\":\"exclude\",\"selected_languages\":[],\"panel_open\":true}} \/--><!-- wp:puma\/row-text-single {\"content\":\"\\u0026lt;div\\u0026gt;\\n\\u0026lt;br\/\\u0026gt;\\u0026lt;img loading=\\u0026quot;lazy\\u0026quot; decoding=\\u0026quot;async\\u0026quot; class=\\u0026quot;alignleft\\u0026quot; style=\\u0026quot;float: left; margin-right: 10px;\\u0026quot; src=\\u0026quot;https:\/\/www.puma-catchup.com\/wp-content\/uploads\/2023\/07\/4-REGEN-REPORTS_AMINA_1440x1440px-e1688566156540.jpg\\u0026quot; alt=\\u0026quot;\\u0026quot; width=\\u0026quot;250\\u0026quot; height=\\u0026quot;250\\u0026quot;\\u0026gt;\\u0026lt;br\/\\u0026gt;\\n\\u0026lt;br\/\\u0026gt;\\u0026nbsp;\\u0026lt;br\/\\u0026gt;\\n\\u0026lt;strong class=\\u0026quot;textStyle_description\\u0026quot;\\u0026gt;EP 04 \/ FAIR WAGES\\u0026lt;\/strong\\u0026gt;\\n\\u0026lt;br\/\\u0026gt;Human Rights Student Amina Shakeel talks to Shelly Han from the FLA on creating a fairer labour market in the global south \\u0026ndash; only on RE:GEN REPORTS.\\u0026lt;br\/\\u0026gt;\\n\\u0026lt;\/div\\u0026gt;\\n\\u0026lt;br\/\\u0026gt;\\u0026lt;strong\\u0026gt;\ud83c\udfa7 Listen now!\\u0026lt;\/strong\\u0026gt;\\u0026lt;br\/\\u0026gt;\\n\\u0026lt;div\\u0026gt;\\n\\u0026lt;br\/\\u0026gt;\\u0026nbsp;\\u0026lt;br\/\\u0026gt;\\n\\u0026lt;\/div\\u0026gt;\\n\",\"width\":\"Wide\",\"aspect\":\"0\",\"style\":\"2b\",\"firstletter\":\"\",\"gradient\":\"none\",\"spacing\":true,\"previewImage\":\"\",\"lock\":\"\",\"metadata\":\"\",\"className\":\"\",\"TrpContentRestriction\":{\"restriction_type\":\"exclude\",\"selected_languages\":[],\"panel_open\":true}} \/--><!-- wp:puma\/row-text-single {\"content\":\"\\u0026lt;div\\u0026gt;\\n\\u0026lt;br\/\\u0026gt;\\u0026lt;img loading=\\u0026quot;lazy\\u0026quot; decoding=\\u0026quot;async\\u0026quot; class=\\u0026quot;alignleft\\u0026quot; style=\\u0026quot;float: left; margin-right: 10px;\\u0026quot; src=\\u0026quot;https:\/\/www.puma-catchup.com\/wp-content\/uploads\/2023\/07\/5-RR_BERTHA_1x1-e1688566166439.jpg\\u0026quot; alt=\\u0026quot;\\u0026quot; width=\\u0026quot;250\\u0026quot; height=\\u0026quot;250\\u0026quot;\\u0026gt;\\u0026lt;br\/\\u0026gt;\\n\\u0026lt;br\/\\u0026gt;\\u0026nbsp;\\u0026lt;br\/\\u0026gt;\\n\\u0026lt;strong class=\\u0026quot;textStyle_description\\u0026quot;\\u0026gt;EP 05 \/ CLIMATE ACTION\\u0026lt;\/strong\\u0026gt;\\n\\u0026lt;br\/\\u0026gt;Fashion Designer Bertha Shum is joined by UNFCCC\\u0026rsquo;s, Lindita Xhaferi-Salihu on RE:GEN REPORTS to discuss radical collaboration and climate change.\\u0026lt;br\/\\u0026gt;\\n\\u0026lt;\/div\\u0026gt;\\n\\u0026lt;br\/\\u0026gt;\\u0026lt;strong\\u0026gt;\ud83c\udfa7 Listen now!\\u0026lt;\/strong\\u0026gt;\\u0026lt;br\/\\u0026gt;\\n\\u0026lt;div\\u0026gt;\\n\\u0026lt;br\/\\u0026gt;\\u0026nbsp;\\u0026lt;br\/\\u0026gt;\\n\\u0026lt;\/div\\u0026gt;\\n\",\"width\":\"Wide\",\"aspect\":\"0\",\"style\":\"2b\",\"firstletter\":\"\",\"gradient\":\"none\",\"spacing\":true,\"previewImage\":\"\",\"lock\":\"\",\"metadata\":\"\",\"className\":\"\",\"TrpContentRestriction\":{\"restriction_type\":\"exclude\",\"selected_languages\":[],\"panel_open\":true}} \/--><!-- wp:puma\/row-text-single {\"content\":\"\\u0026lt;div\\u0026gt;\\n\\u0026lt;br\/\\u0026gt;\\u0026lt;img loading=\\u0026quot;lazy\\u0026quot; decoding=\\u0026quot;async\\u0026quot; class=\\u0026quot;alignleft\\u0026quot; style=\\u0026quot;float: left; margin-right: 10px;\\u0026quot; src=\\u0026quot;https:\/\/www.puma-catchup.com\/wp-content\/uploads\/2023\/07\/6-REGEN-REPORTS_RIPU_1440x1440px-e1688566175775.png\\u0026quot; alt=\\u0026quot;\\u0026quot; width=\\u0026quot;250\\u0026quot; height=\\u0026quot;250\\u0026quot;\\u0026gt;\\u0026lt;br\/\\u0026gt;\\n\\u0026lt;br\/\\u0026gt;\\u0026nbsp;\\u0026lt;br\/\\u0026gt;\\n\\u0026lt;strong class=\\u0026quot;textStyle_description\\u0026quot;\\u0026gt;EP 06 \/ BIODIVERSITY\\u0026lt;\/strong\\u0026gt;\\n\\u0026lt;br\/\\u0026gt;Eco activist Ripu Daman Bevli talks with Nicole Rycroft, of Canopy Planet on RE:GEN REPORTS on how fashion impacts our ancient forests\\u0026rsquo; biodiversity.\\u0026lt;br\/\\u0026gt;\\n\\u0026lt;\/div\\u0026gt;\\n\\u0026lt;br\/\\u0026gt;\\u0026lt;strong\\u0026gt;\ud83c\udfa7 Listen now!\\u0026lt;\/strong\\u0026gt;\\u0026lt;br\/\\u0026gt;\\n\\u0026lt;div\\u0026gt;\\n\\u0026lt;br\/\\u0026gt;\\u0026nbsp;\\u0026lt;br\/\\u0026gt;\\n\\u0026lt;\/div\\u0026gt;\\n\",\"width\":\"Wide\",\"aspect\":\"0\",\"style\":\"2b\",\"firstletter\":\"\",\"gradient\":\"none\",\"spacing\":true,\"previewImage\":\"\",\"lock\":\"\",\"metadata\":\"\",\"className\":\"\",\"TrpContentRestriction\":{\"restriction_type\":\"exclude\",\"selected_languages\":[],\"panel_open\":true}} \/--><!-- wp:puma\/row-text-single {\"content\":\"\\u0026lt;div\\u0026gt;\\n\\u0026lt;br\/\\u0026gt;\\u0026lt;img loading=\\u0026quot;lazy\\u0026quot; decoding=\\u0026quot;async\\u0026quot; class=\\u0026quot;alignleft\\u0026quot; style=\\u0026quot;float: left; margin-right: 10px;\\u0026quot; src=\\u0026quot;https:\/\/www.puma-catchup.com\/wp-content\/uploads\/2023\/07\/7-RR_YUMIKA_1x1-e1688566182887.jpg\\u0026quot; alt=\\u0026quot;\\u0026quot; width=\\u0026quot;250\\u0026quot; height=\\u0026quot;250\\u0026quot;\\u0026gt;\\u0026lt;br\/\\u0026gt;\\n\\u0026lt;br\/\\u0026gt;\\u0026nbsp;\\u0026lt;br\/\\u0026gt;\\n\\u0026lt;strong class=\\u0026quot;textStyle_description\\u0026quot;\\u0026gt;EP 07 \/ PLASTICS AND OCEANS\\u0026lt;\/strong\\u0026gt;\\n\\u0026lt;br\/\\u0026gt;Founder of sustainable bag company (Peco) Yumika Hoskin joins PUMA\\u0026rsquo;s Jordan\\u0026nbsp;Eichenberger on RE:GEN REPORTS to discuss the use of plastic in the fashion industry.\\u0026lt;br\/\\u0026gt;\\n\\u0026lt;\/div\\u0026gt;\\n\\u0026lt;br\/\\u0026gt;\\u0026lt;strong\\u0026gt;\ud83c\udfa7 Listen now!\\u0026lt;\/strong\\u0026gt;\\u0026lt;br\/\\u0026gt;\\n\\u0026lt;div\\u0026gt;\\n\\u0026lt;br\/\\u0026gt;\\u0026nbsp;\\u0026lt;br\/\\u0026gt;\\n\\u0026lt;\/div\\u0026gt;\\n\",\"width\":\"Wide\",\"aspect\":\"0\",\"style\":\"2b\",\"firstletter\":\"\",\"gradient\":\"none\",\"spacing\":true,\"previewImage\":\"\",\"lock\":\"\",\"metadata\":\"\",\"className\":\"\",\"TrpContentRestriction\":{\"restriction_type\":\"exclude\",\"selected_languages\":[],\"panel_open\":true}} \/--><!-- wp:puma\/row-text-single {\"content\":\"\\u0026lt;div\\u0026gt;\\n\\u0026lt;br\/\\u0026gt;\\u0026lt;img loading=\\u0026quot;lazy\\u0026quot; decoding=\\u0026quot;async\\u0026quot; class=\\u0026quot;alignleft\\u0026quot; style=\\u0026quot;float: left; margin-right: 10px;\\u0026quot; src=\\u0026quot;https:\/\/www.puma-catchup.com\/wp-content\/uploads\/2023\/07\/8-RR_DIANDRA_1x1-e1688566133888.jpg\\u0026quot; alt=\\u0026quot;\\u0026quot; width=\\u0026quot;250\\u0026quot; height=\\u0026quot;250\\u0026quot;\\u0026gt;\\u0026lt;br\/\\u0026gt;\\n\\u0026lt;br\/\\u0026gt;\\u0026nbsp;\\u0026lt;br\/\\u0026gt;\\n\\u0026lt;strong class=\\u0026quot;textStyle_description\\u0026quot;\\u0026gt;EP 08 \/ Product\\u0026lt;\/strong\\u0026gt;\\n\\u0026lt;br\/\\u0026gt;Climate justice advocate Diandra Market interviews Vanessa Brain from the Leather Working Group on \\u0026lsquo;traceability\\u0026rsquo; in the Leather Industry and what that means \\u0026ndash; only on RE:GEN REPORTS.\\u0026lt;br\/\\u0026gt;\\n\\u0026lt;br\/\\u0026gt;\\u0026lt;strong\\u0026gt;\ud83c\udfa7 Listen now!\\u0026lt;\/strong\\u0026gt;\\u0026lt;br\/\\u0026gt;\\n\\u0026lt;div\\u0026gt;\\n\\u0026lt;br\/\\u0026gt;\\u0026nbsp;\\u0026lt;br\/\\u0026gt;\\n\\u0026lt;\/div\\u0026gt;\\n\\u0026lt;\/div\\u0026gt;\\n\",\"width\":\"Wide\",\"aspect\":\"0\",\"style\":\"2b\",\"firstletter\":\"\",\"gradient\":\"none\",\"spacing\":true,\"previewImage\":\"\",\"lock\":\"\",\"metadata\":\"\",\"className\":\"\",\"TrpContentRestriction\":{\"restriction_type\":\"exclude\",\"selected_languages\":[],\"panel_open\":true}} \/--><!-- wp:puma\/row-text-single {\"content\":\"\\u0026lt;div\\u0026gt;\\n\\u0026lt;br\/\\u0026gt;\\u0026lt;img loading=\\u0026quot;lazy\\u0026quot; decoding=\\u0026quot;async\\u0026quot; class=\\u0026quot;alignleft\\u0026quot; style=\\u0026quot;float: left; margin-right: 10px;\\u0026quot; src=\\u0026quot;https:\/\/www.puma-catchup.com\/wp-content\/uploads\/2023\/07\/RR_MELISSA_1x1.jpg\\u0026quot; alt=\\u0026quot;\\u0026quot; width=\\u0026quot;250\\u0026quot; height=\\u0026quot;250\\u0026quot;\\u0026gt;\\u0026lt;br\/\\u0026gt;\\n\\u0026lt;br\/\\u0026gt;\\u0026nbsp;\\u0026lt;br\/\\u0026gt;\\n\\u0026lt;strong class=\\u0026quot;textStyle_description\\u0026quot;\\u0026gt;EP09 \/ WATER \\u0026amp; AIR\\u0026lt;\/strong\\u0026gt;\\n\\u0026lt;br\/\\u0026gt;Malaysian based eco-conscious Earth Day Ambassador Melissa Tan discusses how fashion\\u0026rsquo;s thirst for water is impacting our changing climate with Kurt Kipka from the Apparel Impact Institute.\\u0026lt;br\/\\u0026gt;\\n\\u0026lt;\/div\\u0026gt;\\n\\u0026lt;br\/\\u0026gt;\\u0026lt;strong\\u0026gt;\ud83c\udfa7 Listen now!\\u0026lt;\/strong\\u0026gt;\\u0026lt;br\/\\u0026gt;\\n\\u0026lt;div\\u0026gt;\\n\\u0026lt;br\/\\u0026gt;\\u0026nbsp;\\u0026lt;br\/\\u0026gt;\\n\\u0026lt;\/div\\u0026gt;\\n\",\"width\":\"Wide\",\"aspect\":\"0\",\"style\":\"2b\",\"firstletter\":\"\",\"gradient\":\"none\",\"spacing\":true,\"previewImage\":\"\",\"lock\":\"\",\"metadata\":\"\",\"className\":\"\",\"TrpContentRestriction\":{\"restriction_type\":\"exclude\",\"selected_languages\":[],\"panel_open\":true}} \/--><!-- wp:puma\/row-text-single {\"content\":\"\\u0026lt;div\\u0026gt;\\n\\u0026lt;br\/\\u0026gt;\\u0026lt;img loading=\\u0026quot;lazy\\u0026quot; decoding=\\u0026quot;async\\u0026quot; class=\\u0026quot;alignleft\\u0026quot; style=\\u0026quot;float: left; margin-right: 10px;\\u0026quot; src=\\u0026quot;https:\/\/www.puma-catchup.com\/wp-content\/uploads\/2023\/07\/RR_MONICA_1x1.jpg\\u0026quot; alt=\\u0026quot;\\u0026quot; width=\\u0026quot;250\\u0026quot; height=\\u0026quot;250\\u0026quot;\\u0026gt;\\u0026lt;br\/\\u0026gt;\\n\\u0026lt;br\/\\u0026gt;\\u0026nbsp;\\u0026lt;br\/\\u0026gt;\\n\\u0026lt;strong class=\\u0026quot;textStyle_description\\u0026quot;\\u0026gt;EP10 \/ HEALTH \\u0026amp; SAFETY\\u0026lt;\/strong\\u0026gt;\\n\\u0026lt;br\/\\u0026gt;Monica Buchan-Ng, Acting Head of Knowledge Exchange at the Centre for Sustainable Fashion speaks with PUMA\\u0026rsquo;s Chief Sourcing Officer, Anne-Laure Descours, about working conditions in the textile industry.\\u0026lt;br\/\\u0026gt;\\n\\u0026lt;\/div\\u0026gt;\\n\\u0026lt;br\/\\u0026gt;\\u0026lt;strong\\u0026gt;\ud83c\udfa7 Listen now!\\u0026lt;\/strong\\u0026gt;\\u0026lt;br\/\\u0026gt;\\n\\u0026lt;div\\u0026gt;\\n\\u0026lt;br\/\\u0026gt;\\u0026nbsp;\\u0026lt;br\/\\u0026gt;\\n\\u0026lt;\/div\\u0026gt;\\n\",\"width\":\"Wide\",\"aspect\":\"0\",\"style\":\"2b\",\"firstletter\":\"\",\"gradient\":\"none\",\"spacing\":true,\"previewImage\":\"\",\"lock\":\"\",\"metadata\":\"\",\"className\":\"\",\"TrpContentRestriction\":{\"restriction_type\":\"exclude\",\"selected_languages\":[],\"panel_open\":true}} \/--><!-- wp:puma\/row-text-single {\"content\":\"\\u0026lt;p\\u0026gt;\\u0026lt;em\\u0026gt;\\u0026ldquo;Transparency is critical to our sustainability strategy at PUMA. We are committed to improving our practices and equally acknowledging where there is still a way for us to go. We invited these next generation thinkers to interview us and our partners on our FOREVER.BETTER. sustainability strategy 10FOR25 targets to push us to be better, to do better, and get into the detail in a way that more people can access and understand. It\\u0026rsquo;s easy to hide areas where you\\u0026rsquo;re not making progress as quickly as you\\u0026rsquo;d like, but change requires collaboration and openness and with RE:GEN REPORTS we have and will continue to welcome both of those things.\\u0026rdquo;\\u0026lt;\/em\\u0026gt;\\u0026lt;br \/\\u0026gt;\\n\\u0026lt;span class=\\u0026quot;text-style-2\\u0026quot;\\u0026gt;\\u0026ndash; Anne-Laure Descours, Chief Sourcing Officer at PUMA\\u0026lt;\/span\\u0026gt;\\u0026lt;\/p\\u0026gt;\\n\",\"width\":\"Wide\",\"style\":\"default\",\"firstletter\":\"\",\"gradient\":\"none\",\"spacing\":true,\"previewImage\":\"\",\"lock\":\"\",\"metadata\":\"\",\"className\":\"\",\"TrpContentRestriction\":{\"restriction_type\":\"exclude\",\"selected_languages\":[],\"panel_open\":true}} \/--><!-- wp:puma\/row-text-single {\"content\":\"\\u0026lt;h2\\u0026gt;Listen now: RE:GEN REPORTS\\u0026lt;\/h2\\u0026gt;\\n\\u0026lt;p\\u0026gt;\\u0026lt;iframe loading=\\u0026quot;lazy\\u0026quot; style=\\u0026quot;border-radius: 12px;\\u0026quot; src=\\u0026quot;https:\/\/open.spotify.com\/embed\/show\/5AIPdInaPBjsRmKKPPgLKu?utm_source=generator\\u0026quot; width=\\u0026quot;100%\\u0026quot; height=\\u0026quot;352\\u0026quot; frameborder=\\u0026quot;0\\u0026quot; allowfullscreen=\\u0026quot;allowfullscreen\\u0026quot;\\u0026gt;\\u0026lt;\/iframe\\u0026gt;\\u0026lt;\/p\\u0026gt;\\n\",\"width\":\"Wide\",\"style\":\"default\",\"firstletter\":\"\",\"gradient\":\"none\",\"spacing\":true,\"previewImage\":\"\",\"lock\":\"\",\"metadata\":\"\",\"className\":\"\",\"TrpContentRestriction\":{\"restriction_type\":\"exclude\",\"selected_languages\":[],\"panel_open\":true}} \/--><!-- wp:puma\/row-headline {\"h1\":\"READ MORE\",\"width\":\"Full\",\"h2\":\"\",\"previewImage\":\"\",\"lock\":\"\",\"metadata\":\"\",\"className\":\"\",\"TrpContentRestriction\":{\"restriction_type\":\"exclude\",\"selected_languages\":[],\"panel_open\":true}} \/--><!-- wp:puma\/row-article-teaser-3 {\"migrateBlock\":true,\"numArticles\":3,\"title\":\"READ MORE\",\"icon\":\"\",\"manualArticles\":[{\"id\":51925},{\"id\":50823},{\"id\":51597}],\"mode\":\"manual\",\"articles\":\"\",\"previewImage\":\"\",\"lock\":\"\",\"metadata\":\"\",\"className\":\"\",\"TrpContentRestriction\":{\"restriction_type\":\"exclude\",\"selected_languages\":[],\"panel_open\":true}} \/-->","title":"Die erste Staffel von PUMAs Nachhaltigkeitsbericht-Podcast-Serie geht zu Ende","excerpt":"Zehn Episoden sp\u00e4ter ist die erste Staffel von PUMA'S RE:GEN REPORTS offiziell abgeschlossen. Wenn Sie mehr \u00fcber PUMAs Ansatz zur Nachhaltigkeit erfahren m\u00f6chten, sind die Podcasts genau das Richtige f\u00fcr Sie. RE:GEN REPORTS wird von zehn Vordenkern aus sechs L\u00e4ndern moderiert und bricht den komplexen Inhalt von PUMAs Nachhaltigkeitsbericht in verdauliche H\u00e4ppchen herunter. Zu den zehn Themen geh\u00f6ren Menschenrechte, Chemikalien, Kreislaufwirtschaft, faire L\u00f6hne, Klimaschutz, biologische Vielfalt, Plastik und Ozeane, Produkte, Wasser und Luft sowie Gesundheit und Sicherheit.\nDie RE:GEN-Podcasts sind der perfekte Begleiter f\u00fcr Ihren Sommerurlaub - entspannen Sie sich und h\u00f6ren Sie zu!","status":"publish","password":"","name":"Die erste Staffel der Podcast-Reihe zum Nachhaltigkeitsbericht von Puma geht zu Ende.","modified":"2025-11-20 08:41:17","modified_gmt":"2025-11-20 08:41:17","content_filtered":"","parent":0,"type":"post","mime_type":"","template":"","category":[6],"datetime_local":"7. August 2023 um 05:00","date_local":"7. August 2023","time_local":"05:00","slug":"the-first-season-of-pumas-sustainability-report-podcast-series-comes-to-a-close","url":"https:\/\/www.puma-catchup.com\/de\/corporate\/the-first-season-of-pumas-sustainability-report-podcast-series-comes-to-a-close\/","featured_image":{"width":1140,"height":640,"file":"2023\/08\/REGEN_Header.png","filesize":517514,"sizes":{"medium":{"file":"REGEN_Header-300x168.png","width":300,"height":168,"mime-type":"image\/png","filesize":32813},"large":{"file":"REGEN_Header-1024x575.png","width":1024,"height":575,"mime-type":"image\/png","filesize":338989},"thumbnail":{"file":"REGEN_Header-150x150.png","width":150,"height":150,"mime-type":"image\/png","filesize":16161},"medium_large":{"file":"REGEN_Header-768x431.png","width":768,"height":431,"mime-type":"image\/png","filesize":196271},"trp-custom-language-flag":{"file":"REGEN_Header-18x10.png","width":18,"height":10,"mime-type":"image\/png","filesize":587}},"image_meta":{"aperture":"0","credit":"","camera":"","caption":"","created_timestamp":"0","copyright":"","focal_length":"0","iso":"0","shutter_speed":"0","title":"","orientation":"0","keywords":[]},"id":52453,"alt":"","caption":"","description":"","url":"https:\/\/www.puma-catchup.com\/wp-content\/uploads\/2023\/08\/REGEN_Header.png","title":"REGEN_Kopfzeile","aspect_ratio":1.78125,"focalPointLeft":0.5,"focalPointTop":0},"headline":"It's a Wrap!","categories":[{"term_id":6,"name":"Corporate","slug":"corporate","term_group":0,"term_taxonomy_id":6,"taxonomy":"category","description":"","parent":0,"count":133,"filter":"raw","url":"https:\/\/www.puma-catchup.com\/de\/category\/corporate\/"}],"theCategory":{"term_id":6,"name":"Corporate","slug":"corporate","term_group":0,"term_taxonomy_id":6,"taxonomy":"category","description":"","parent":0,"count":133,"filter":"raw","url":"https:\/\/www.puma-catchup.com\/de\/category\/corporate\/"},"isFeaturedArticle":true,"isTopArticle":false},"_links":{"self":[{"href":"https:\/\/www.puma-catchup.com\/de\/wp-json\/wp\/v2\/posts\/52449","targetHints":{"allow":["GET"]}}],"collection":[{"href":"https:\/\/www.puma-catchup.com\/de\/wp-json\/wp\/v2\/posts"}],"about":[{"href":"https:\/\/www.puma-catchup.com\/de\/wp-json\/wp\/v2\/types\/post"}],"author":[{"embeddable":true,"href":"https:\/\/www.puma-catchup.com\/de\/wp-json\/wp\/v2\/users\/16"}],"replies":[{"embeddable":true,"href":"https:\/\/www.puma-catchup.com\/de\/wp-json\/wp\/v2\/comments?post=52449"}],"version-history":[{"count":0,"href":"https:\/\/www.puma-catchup.com\/de\/wp-json\/wp\/v2\/posts\/52449\/revisions"}],"wp:featuredmedia":[{"embeddable":true,"href":"https:\/\/www.puma-catchup.com\/de\/wp-json\/wp\/v2\/media\/52453"}],"wp:attachment":[{"href":"https:\/\/www.puma-catchup.com\/de\/wp-json\/wp\/v2\/media?parent=52449"}],"wp:term":[{"taxonomy":"category","embeddable":true,"href":"https:\/\/www.puma-catchup.com\/de\/wp-json\/wp\/v2\/categories?post=52449"}],"curies":[{"name":"wp","href":"https:\/\/api.w.org\/{rel}","templated":true}]}}