{"id":5131,"date":"2017-02-14T14:44:48","date_gmt":"2017-02-14T13:44:48","guid":{"rendered":"http:\/\/www.puma-catchup.com\/?p=5131"},"modified":"2025-09-19T15:06:00","modified_gmt":"2025-09-19T15:06:00","slug":"puma-signs-julian-weigl","status":"publish","type":"post","link":"https:\/\/www.puma-catchup.com\/de\/sports\/puma-signs-julian-weigl\/","title":{"rendered":"PUMA verpflichtet Julian Weigl"},"content":{"rendered":"<!-- post header -->\n<div class=\"row rowSingleColumn\">\n    <div class=\"col breadcrumb\">\n        <a href=\"\/de\/\">Startseite<\/a>\/\n        <a href=\"\/de\/category\/sports\/\">Sport<\/a>\/ PUMA verpflichtet Julian Weigl\n    <\/div>\n<\/div>\n<div class=\"row rowPostHeaderImage headerImageAnim\">\n    <div class=\"scrollAnim\" \n        id=\"postHeaderImage\"\n         style=\"width:100%;position:relative;overflow:hidden;        aspect-ratio:2        ;\" >\n    <img decoding=\"async\" alt=\"\"\n        class=\"\"\n        src=\"https:\/\/www.puma-catchup.com\/wp-content\/uploads\/2017\/02\/Julian-Weigl_H3.jpg\" style=\"transition: 0.35s all;height:100%;width:100%;        object-position: 50% 0%; object-fit: cover;\"\/>\n        <\/div>\n    \n<\/div>\n<div class=\"row rowSingleColumnWide rowPostHeader\">\n    <div id=\"postHeaderText\" class=\"col tcenter\" >\n        <div class=\"cat\"><a class=\"secondary\" href=\"https:\/\/www.puma-catchup.com\/de\/category\/sports\/\">Sport<\/a><\/div>\n        <div id=\"headerSocialIcons\" class=\"headerSocialIcons tleft\">\n            <a class=\"facebook\" href=\"https:\/\/www.facebook.com\/sharer\/sharer.php?u=https%3A%2F%2Fwww.puma-catchup.com%2Fde%2Fsports%2Fpuma-signs-julian-weigl%2F\" target=\"blank\"><\/a>\n            <a class=\"linkedin\" href=\"https:\/\/www.linkedin.com\/sharing\/share-offsite\/?url=https%3A%2F%2Fwww.puma-catchup.com%2Fde%2Fsports%2Fpuma-signs-julian-weigl%2F\" target=\"blank\"><\/a>\n            <a class=\"x\" href=\"https:\/\/twitter.com\/share?url=https:\/\/www.puma-catchup.com\/de\/sports\/puma-signs-julian-weigl\/&#038;text=\" target=\"blank\"><\/a>\n            <a class=\"pinterest\" href=\"http:\/\/pinterest.com\/pin\/create\/button\/?url=https%3A%2F%2Fwww.puma-catchup.com%2Fde%2Fsports%2Fpuma-signs-julian-weigl%2F\" target=\"blank\"><\/a>\n        <\/div>\n        <h1 class=\"\" >Ein weiteres neues Talent in der Nachbarschaft<\/h1>\n        <div class=\"articleintro\" >Der deutsche Mittelfeldspieler Julian Weigl unterschreibt bei PUMA<\/div>\n        <div class=\"date\">14. Februar 2017 <\/div>\n\n        <div id=\"\" class=\"headerSocialIconsMobile tcenter mobile\">\n            <a class=\"sharing\" id=\"mobileshare\" onclick='navigator.share({ \"title\": &quot;PUMA signs Julian Weigl&quot;, \"text\": &quot;PUMA is proud to present the latest addition to its all-star team: Borussia Dortmund midfield star Julian Weigl.\\n\\u00a0\\nThe 21 year-old Bavarian is one of the most promising talents German football has seen in the past years and \\u201chis carefree and cool playing style as well as his pleasant off-field demeanour make him the perfect brand ambassador for us\\u201d, says Matthias B\\u00e4umer, General Manager PUMA DACH.\\nTogether with his teammates Marco Reus, Roman Weidenfeller and Marc Bartra, Julian will strengthen PUMA\\u2019s Teamsport division and will act as brand ambassador for the new PUMA evoPOWER Vigor football boot.\\nJulian is no stranger to PUMA and this new partnership came quite natural to the youngster as he states: \\u201cI have got to know PUMA very well through their work with Borussia Dortmund. I really like their products as well as their marketing campaigns, and I look forward to the exciting campaigns that are in store for me in the next few months.\\u201d Both PUMA and the rising star are eager to continue this success story together.\\n\\u00a0\\n\\u00a0\\n&quot;, \"url\": \"https:\/\/www.puma-catchup.com\/de\/sports\/puma-signs-julian-weigl\/\" })'  target=\"blank\"><\/a>\n            <a class=\"facebook\" href=\"https:\/\/www.facebook.com\/sharer\/sharer.php?u=https:\/\/www.puma-catchup.com\/de\/sports\/puma-signs-julian-weigl\/\" target=\"blank\"><\/a>\n            <a class=\"linkedin\" href=\"https:\/\/www.linkedin.com\/sharing\/share-offsite\/?url=https:\/\/www.puma-catchup.com\/de\/sports\/puma-signs-julian-weigl\/\" target=\"blank\"><\/a>\n            <a class=\"x\" href=\"https:\/\/twitter.com\/share?url=https%3A%2F%2Fwww.puma-catchup.com%2Fde%2Fsports%2Fpuma-signs-julian-weigl%2F&#038;text=\" target=\"blank\"><\/a>\n            <a class=\"pinterest\" href=\"http:\/\/pinterest.com\/pin\/create\/button\/?url=https%3A%2F%2Fwww.puma-catchup.com%2Fde%2Fsports%2Fpuma-signs-julian-weigl%2F\" target=\"blank\"><\/a>\n        <\/div>\n    <\/div>\n<\/div>\n<!-- row text single -->\n<div class=\"gradientnone\">\n<div class=\"row rowSingleColumnWide spacing\">\n    <div class=\"col articleText\">\n        <div class=\"textStyle_2b\" ><span class=\"textStyle_intro\">PUMA ist stolz darauf, den neuesten Neuzugang seines All-Star-Teams vorstellen zu d\u00fcrfen: Julian Weigl, Mittelfeldstar von Borussia Dortmund.<\/span>\n<br\/>\u00a0<br\/>\n<br\/>Die <strong>Der 21-j\u00e4hrige Bayer ist eines der vielversprechendsten Talente.<\/strong> Der deutsche Fu\u00dfball hat in den vergangenen Jahren und <strong>\u201cSein unbeschwerter und cooler Spielstil sowie sein sympathisches Auftreten au\u00dferhalb des Spielfelds machen ihn zum perfekten Markenbotschafter f\u00fcr uns.\u201d<\/strong>, sagt <strong>Matthias B\u00e4umer, Gesch\u00e4ftsf\u00fchrer PUMA DACH<\/strong>.<br\/>\n<br\/>Zusammen mit seinen Teamkollegen Marco Reus, Roman Weidenfeller und Marc Bartra wird Julian die Teamsport-Sparte von PUMA verst\u00e4rken und als Markenbotschafter f\u00fcr die neue <strong>PUMA evoPOWER Vigor Fu\u00dfballschuh<\/strong>.<br\/>\n<br\/>Julian ist kein Unbekannter f\u00fcr PUMA, und diese neue Partnerschaft kam f\u00fcr den jungen Mann ganz nat\u00fcrlich zustande, wie er selbst sagt: <strong>\u201cDurch die Zusammenarbeit mit Borussia Dortmund habe ich PUMA sehr gut kennengelernt. Ich mag sowohl die Produkte als auch die Marketingkampagnen sehr und freue mich auf die spannenden Kampagnen, die in den n\u00e4chsten Monaten auf mich zukommen werden.\u201d<\/strong> Sowohl PUMA als auch der aufstrebende Star sind bestrebt, diese Erfolgsgeschichte gemeinsam fortzusetzen.<br\/>\n<br\/><em>\u00a0<\/em><br\/>\n<br\/>\u00a0<br\/>\n<\/div>\n   <\/div>\n<\/div>\n<\/div>\n<!-- row text single -->\n<div class=\"gradientnone\">\n<div class=\"row rowSingleColumnWide spacing\">\n    <div class=\"col articleText\">\n        <div class=\"textStyle_quote\" ><p>Es ist eine gro\u00dfe Ehre, Teil der gro\u00dfen PUMA-Familie zu sein, zu der auch Legenden wie Lothar Matth\u00e4us, Pel\u00e9 und Maradona geh\u00f6ren. <\/p>\n<br\/><br\/>Julian Weigl<\/div>\n   <\/div>\n<\/div>\n<\/div>\n<!-- row text single -->\n<div class=\"gradientnone\">\n<div class=\"row rowSingleColumnWide spacing\">\n    <div class=\"col articleText\">\n        <div class=\"textStyle_2b\" ><br\/>Julian Weigl verbrachte den gr\u00f6\u00dften Teil seiner Jugend beim TSV 1860 M\u00fcnchen und seine Leistungen sind seitdem nie unbemerkt geblieben. Bis heute, <strong>Weigl bleibt der j\u00fcngste Kapit\u00e4n in der Geschichte von 1860 M\u00fcnchen.,<\/strong> als er im Alter von 18 Jahren mit der Ehre der Kapit\u00e4nsbinde ausgezeichnet wurde. Borussia Dortmund, stets auf der Suche nach jungen und ambitionierten Talenten, erkannte sein Potenzial und verpflichtete ihn im Juli 2015. <strong>Weigl war auch Teil der deutschen Nationalmannschaft bei der EURO 2016 in Frankreich.<\/strong><br\/>\n<br\/>\u00a0<br\/>\n<\/div>\n   <\/div>\n<\/div>\n<\/div>\n<!-- row image multi 1 -->\n<div class=\"row rowImages2 spacing\">\n\t<div class=\"\">\n\t\t<div class=\"row inner\">\n\t\t\t<div class=\"col\">\n\t\t\t\t<h2 class=\"spacing2\">Julian Weigl<\/h2>\n\t\t\t    <div class=\"bgimage\" style=\"aspect-ratio:0.69230769230769  ; background-image: url('https:\/\/www.puma-catchup.com\/wp-content\/uploads\/2017\/02\/Julian-Weigl_M1.jpg'); background-size: cover;background-position: 50% 0%;width:100%\"><\/div>\n\t\t\t\t\t<div class=\"descr\">\n\t\t\t\t\t\tJulian war Teil der deutschen Nationalmannschaft bei der EURO 2016 in Frankreich.\n\t\t\t\t\t<\/div>\n\t\t\t<\/div>\n\t\t\t<div class=\"col\">\n\t\t\t\t<h2 class=\"spacing2\">Matthias B\u00e4umer<\/h2>\n\t\t\t    <div class=\"bgimage\" style=\"aspect-ratio:0.69230769230769  ; background-image: url('https:\/\/www.puma-catchup.com\/wp-content\/uploads\/2017\/02\/Julian-Weigl_M2.jpg'); background-size: cover;background-position: 50% 0%;width:100%\"><\/div>\n\t\t\t\t\t<div class=\"descr\">\n\t\t\t\t\t\tMatthias ist Gesch\u00e4ftsf\u00fchrer von PUMA Dach.\n\t\t\t\t\t<\/div>\n\t\t\t<\/div>\n\t\t<\/div>\n\t<\/div>\n<\/div>","protected":false},"excerpt":{"rendered":"<p>PUMA ist stolz darauf, den neuesten Neuzugang seines All-Star-Teams vorstellen zu d\u00fcrfen: Julian Weigl, Mittelfeldstar von Borussia Dortmund.<br \/>\n\u00a0<br \/>\nDer 21-j\u00e4hrige Bayer ist eines der vielversprechendsten Talente, die der deutsche Fu\u00dfball in den letzten Jahren gesehen hat und \u201cseine unbek\u00fcmmerte und coole Spielweise sowie sein sympathisches Auftreten abseits des Platzes machen ihn f\u00fcr uns zum perfekten Markenbotschafter\u201d, so Matthias B\u00e4umer, General Manager PUMA DACH.<br \/>\nZusammen mit seinen Teamkollegen Marco Reus, Roman Weidenfeller und Marc Bartra wird Julian die Teamsportabteilung von PUMA verst\u00e4rken und als Markenbotschafter f\u00fcr den neuen PUMA evoPOWER Vigor Fu\u00dfballschuh fungieren.<br \/>\nJulian ist kein Unbekannter f\u00fcr PUMA und diese neue Partnerschaft ist f\u00fcr den Youngster ganz nat\u00fcrlich, wie er sagt: \u201cIch habe PUMA durch die Zusammenarbeit mit Borussia Dortmund sehr gut kennengelernt. Ich mag sowohl ihre Produkte als auch ihre Marketingkampagnen sehr und freue mich auf die spannenden Kampagnen, die in den n\u00e4chsten Monaten auf mich warten.\u201d Sowohl PUMA als auch der aufstrebende Star freuen sich darauf, diese Erfolgsgeschichte gemeinsam fortzusetzen.<br \/>\n\u00a0<br \/>\n\u00a0<\/p>","protected":false},"author":12,"featured_media":5154,"comment_status":"closed","ping_status":"closed","sticky":false,"template":"","format":"standard","meta":{"is_top_article":false,"is_featured_article":true,"EasyPostViewCounter":8420,"meta-headline":"","footnotes":""},"categories":[18],"class_list":["post-5131","post","type-post","status-publish","format-standard","has-post-thumbnail","hentry","category-sports"],"fullData":{"ID":5131,"post_author":"12","post_date":"2017-02-14 14:44:48","post_date_gmt":"2017-02-14 13:44:48","post_content":"<!-- wp:puma\/row-post-header {\"image\":{\"width\":1140,\"height\":640,\"file\":\"2017\/02\/Julian-Weigl_H3.jpg\",\"filesize\":72354,\"sizes\":{\"medium\":{\"file\":\"Julian-Weigl_H3-300x168.jpg\",\"width\":300,\"height\":168,\"mime-type\":\"image\/jpeg\",\"filesize\":7503},\"large\":{\"file\":\"Julian-Weigl_H3-1024x575.jpg\",\"width\":1024,\"height\":575,\"mime-type\":\"image\/jpeg\",\"filesize\":54158},\"thumbnail\":{\"file\":\"Julian-Weigl_H3-150x150.jpg\",\"width\":150,\"height\":150,\"mime-type\":\"image\/jpeg\",\"filesize\":5308},\"medium_large\":{\"file\":\"Julian-Weigl_H3-768x431.jpg\",\"width\":768,\"height\":431,\"mime-type\":\"image\/jpeg\",\"filesize\":33346},\"trp-custom-language-flag\":{\"file\":\"Julian-Weigl_H3-18x10.jpg\",\"width\":18,\"height\":10,\"mime-type\":\"image\/jpeg\",\"filesize\":427}},\"image_meta\":{\"aperture\":\"0\",\"credit\":\"\",\"camera\":\"\",\"caption\":\"\",\"created_timestamp\":\"0\",\"copyright\":\"\",\"focal_length\":\"0\",\"iso\":\"0\",\"shutter_speed\":\"0\",\"title\":\"\",\"orientation\":\"0\",\"keywords\":[]},\"id\":5154,\"alt\":\"\",\"caption\":\"\",\"description\":\"\",\"url\":\"https:\/\/www.puma-catchup.com\/wp-content\/uploads\/2017\/02\/Julian-Weigl_H3.jpg\",\"title\":\"Julian-Weigl_H3\",\"aspect_ratio\":1.78125,\"focalPointLeft\":0.5,\"focalPointTop\":0},\"headline\":\"Another new talent on the block\",\"content\":\"German midfielder Julian Weigl signs with PUMA\"} \/--><!-- wp:puma\/row-text-single {\"content\":\"\\u003cspan class=\\u0022textStyle_intro\\u0022\\u003ePUMA is proud to present the latest addition to its all-star team: Borussia Dortmund midfield star Julian Weigl.\\u003c\/span\\u003e\\n\\u0026lt;br\/\\u0026gt;\u00a0\\u0026lt;br\/\\u0026gt;\\n\\u0026lt;br\/\\u0026gt;The \\u0026lt;strong\\u0026gt;21 year-old Bavarian is one of the most promising talents\\u0026lt;\/strong\\u0026gt; German football has seen in the past years and \\u0026lt;strong\\u0026gt;\u201chis carefree and cool playing style as well as his pleasant off-field demeanour make him the perfect brand ambassador for us\u201d\\u0026lt;\/strong\\u0026gt;, says \\u0026lt;strong\\u0026gt;Matthias B\u00e4umer, General Manager PUMA DACH\\u0026lt;\/strong\\u0026gt;.\\u0026lt;br\/\\u0026gt;\\n\\u0026lt;br\/\\u0026gt;Together with his teammates Marco Reus, Roman Weidenfeller and Marc Bartra, Julian will strengthen PUMA\u2019s Teamsport division and will act as brand ambassador for the new \\u0026lt;strong\\u0026gt;PUMA evoPOWER Vigor football boot\\u0026lt;\/strong\\u0026gt;.\\u0026lt;br\/\\u0026gt;\\n\\u0026lt;br\/\\u0026gt;Julian is no stranger to PUMA and this new partnership came quite natural to the youngster as he states: \\u0026lt;strong\\u0026gt;\u201cI have got to know PUMA very well through their work with Borussia Dortmund. I really like their products as well as their marketing campaigns, and I look forward to the exciting campaigns that are in store for me in the next few months.\u201d\\u0026lt;\/strong\\u0026gt; Both PUMA and the rising star are eager to continue this success story together.\\u0026lt;br\/\\u0026gt;\\n\\u0026lt;br\/\\u0026gt;\\u0026lt;em\\u0026gt;\u00a0\\u0026lt;\/em\\u0026gt;\\u0026lt;br\/\\u0026gt;\\n\\u0026lt;br\/\\u0026gt;\u00a0\\u0026lt;br\/\\u0026gt;\\n\",\"width\":\"Wide\",\"aspect\":\"0\",\"style\":\"2b\"} \/--><!-- wp:puma\/row-text-single {\"content\":\"\\u003cp\\u003eIt is a great honour to be part of the extensive PUMA family, which also includes legends like Lothar Matth\u00e4us, Pel\u00e9 and Maradona. \\u003c\/p\\u003e\\n\\u003cbr\/\\u003e\\u003cbr\/\\u003eJulian Weigl\",\"width\":\"Wide\",\"style\":\"quote\"} \/--><!-- wp:puma\/row-text-single {\"content\":\"\\u0026lt;br\/\\u0026gt;Julian Weigl spent most of his youth playing for TSV 1860 M\u00fcnchen and his performances have never gone unnoticed ever since. To this day, \\u0026lt;strong\\u0026gt;Weigl remains the youngest captain in the history of 1860 Munich,\\u0026lt;\/strong\\u0026gt; as he was appointed with the honour of the captain\u2019s armband at the age of 18. Borussia Dortmund, always in search of young and ambitious talents, recognised his potential and signed him in July 2015. \\u0026lt;strong\\u0026gt;Weigl was also part of the German National Team at the EURO 2016 in France.\\u0026lt;\/strong\\u0026gt;\\u0026lt;br\/\\u0026gt;\\n\\u0026lt;br\/\\u0026gt;\u00a0\\u0026lt;br\/\\u0026gt;\\n\",\"width\":\"Wide\",\"aspect\":\"0\",\"style\":\"2b\"} \/--><!-- wp:puma\/row-image-multi {\"migrateBlock\":true,\"title\":\"\",\"images\":[{\"width\":720,\"height\":1040,\"file\":\"2017\/02\/Julian-Weigl_M1.jpg\",\"filesize\":101703,\"sizes\":{\"medium\":{\"file\":\"Julian-Weigl_M1-208x300.jpg\",\"width\":208,\"height\":300,\"mime-type\":\"image\/jpeg\",\"filesize\":13176},\"large\":{\"file\":\"Julian-Weigl_M1-709x1024.jpg\",\"width\":709,\"height\":1024,\"mime-type\":\"image\/jpeg\",\"filesize\":107158},\"thumbnail\":{\"file\":\"Julian-Weigl_M1-150x150.jpg\",\"width\":150,\"height\":150,\"mime-type\":\"image\/jpeg\",\"filesize\":6051},\"trp-custom-language-flag\":{\"file\":\"Julian-Weigl_M1-8x12.jpg\",\"width\":8,\"height\":12,\"mime-type\":\"image\/jpeg\",\"filesize\":363}},\"image_meta\":{\"aperture\":\"0\",\"credit\":\"\",\"camera\":\"\",\"caption\":\"\",\"created_timestamp\":\"0\",\"copyright\":\"\",\"focal_length\":\"0\",\"iso\":\"0\",\"shutter_speed\":\"0\",\"title\":\"\",\"orientation\":\"0\",\"keywords\":[]},\"id\":5146,\"alt\":\"\",\"caption\":\"Julian was part of the German National Team at the EURO 2016 in France.\",\"description\":\"\",\"url\":\"https:\/\/www.puma-catchup.com\/wp-content\/uploads\/2017\/02\/Julian-Weigl_M1.jpg\",\"title\":\"Julian-Weigl_M1\",\"aspect_ratio\":0.6923076923076923,\"focalPointLeft\":0.5,\"focalPointTop\":0},{\"width\":720,\"height\":1040,\"file\":\"2017\/02\/Julian-Weigl_M2.jpg\",\"filesize\":31895,\"sizes\":{\"medium\":{\"file\":\"Julian-Weigl_M2-208x300.jpg\",\"width\":208,\"height\":300,\"mime-type\":\"image\/jpeg\",\"filesize\":6326},\"large\":{\"file\":\"Julian-Weigl_M2-709x1024.jpg\",\"width\":709,\"height\":1024,\"mime-type\":\"image\/jpeg\",\"filesize\":41487},\"thumbnail\":{\"file\":\"Julian-Weigl_M2-150x150.jpg\",\"width\":150,\"height\":150,\"mime-type\":\"image\/jpeg\",\"filesize\":3527},\"trp-custom-language-flag\":{\"file\":\"Julian-Weigl_M2-8x12.jpg\",\"width\":8,\"height\":12,\"mime-type\":\"image\/jpeg\",\"filesize\":328}},\"image_meta\":{\"aperture\":\"0\",\"credit\":\"\",\"camera\":\"\",\"caption\":\"\",\"created_timestamp\":\"0\",\"copyright\":\"\",\"focal_length\":\"0\",\"iso\":\"0\",\"shutter_speed\":\"0\",\"title\":\"\",\"orientation\":\"0\",\"keywords\":[]},\"id\":5150,\"alt\":\"\",\"caption\":\"Matthias is General Manager PUMA Dach\",\"description\":\"\",\"url\":\"https:\/\/www.puma-catchup.com\/wp-content\/uploads\/2017\/02\/Julian-Weigl_M2.jpg\",\"title\":\"Julian-Weigl_M2\",\"aspect_ratio\":0.6923076923076923,\"focalPointLeft\":0.5,\"focalPointTop\":0}],\"headlines\":[\"Julian Weigl\",\"Matthias B\u00e4umer\"],\"showCaptions\":[true,true],\"portraitMode\":[true,true],\"aspect\":\"0\",\"style\":\"2\"} \/-->","post_title":"PUMA signs Julian Weigl","post_excerpt":"PUMA is proud to present the latest addition to its all-star team: Borussia Dortmund midfield star Julian Weigl.\n\u00a0\nThe 21 year-old Bavarian is one of the most promising talents German football has seen in the past years and \u201chis carefree and cool playing style as well as his pleasant off-field demeanour make him the perfect brand ambassador for us\u201d, says Matthias B\u00e4umer, General Manager PUMA DACH.\nTogether with his teammates Marco Reus, Roman Weidenfeller and Marc Bartra, Julian will strengthen PUMA\u2019s Teamsport division and will act as brand ambassador for the new PUMA evoPOWER Vigor football boot.\nJulian is no stranger to PUMA and this new partnership came quite natural to the youngster as he states: \u201cI have got to know PUMA very well through their work with Borussia Dortmund. I really like their products as well as their marketing campaigns, and I look forward to the exciting campaigns that are in store for me in the next few months.\u201d Both PUMA and the rising star are eager to continue this success story together.\n\u00a0\n\u00a0\n","post_status":"publish","comment_status":"closed","ping_status":"closed","post_password":"","post_name":"puma-signs-julian-weigl","to_ping":"","pinged":"","post_modified":"2025-09-19 15:06:00","post_modified_gmt":"2025-09-19 15:06:00","post_content_filtered":"","post_parent":0,"guid":"http:\/\/www.puma-catchup.com\/?p=5131","menu_order":0,"post_type":"post","post_mime_type":"","comment_count":"0","filter":"raw","ancestors":[],"page_template":"","post_category":[18],"tags_input":[],"id":5131,"author":"12","date":"2017-02-14 14:44:48","date_gmt":"2017-02-14 13:44:48","content":"<!-- wp:puma\/row-post-header {\"image\":{\"width\":1140,\"height\":640,\"file\":\"2017\/02\/Julian-Weigl_H3.jpg\",\"filesize\":72354,\"sizes\":{\"medium\":{\"file\":\"Julian-Weigl_H3-300x168.jpg\",\"width\":300,\"height\":168,\"mime-type\":\"image\/jpeg\",\"filesize\":7503},\"large\":{\"file\":\"Julian-Weigl_H3-1024x575.jpg\",\"width\":1024,\"height\":575,\"mime-type\":\"image\/jpeg\",\"filesize\":54158},\"thumbnail\":{\"file\":\"Julian-Weigl_H3-150x150.jpg\",\"width\":150,\"height\":150,\"mime-type\":\"image\/jpeg\",\"filesize\":5308},\"medium_large\":{\"file\":\"Julian-Weigl_H3-768x431.jpg\",\"width\":768,\"height\":431,\"mime-type\":\"image\/jpeg\",\"filesize\":33346},\"trp-custom-language-flag\":{\"file\":\"Julian-Weigl_H3-18x10.jpg\",\"width\":18,\"height\":10,\"mime-type\":\"image\/jpeg\",\"filesize\":427}},\"image_meta\":{\"aperture\":\"0\",\"credit\":\"\",\"camera\":\"\",\"caption\":\"\",\"created_timestamp\":\"0\",\"copyright\":\"\",\"focal_length\":\"0\",\"iso\":\"0\",\"shutter_speed\":\"0\",\"title\":\"\",\"orientation\":\"0\",\"keywords\":[]},\"id\":5154,\"alt\":\"\",\"caption\":\"\",\"description\":\"\",\"url\":\"https:\/\/www.puma-catchup.com\/wp-content\/uploads\/2017\/02\/Julian-Weigl_H3.jpg\",\"title\":\"Julian-Weigl_H3\",\"aspect_ratio\":1.78125,\"focalPointLeft\":0.5,\"focalPointTop\":0},\"headline\":\"Another new talent on the block\",\"content\":\"German midfielder Julian Weigl signs with PUMA\"} \/--><!-- wp:puma\/row-text-single {\"content\":\"\\u003cspan class=\\u0022textStyle_intro\\u0022\\u003ePUMA is proud to present the latest addition to its all-star team: Borussia Dortmund midfield star Julian Weigl.\\u003c\/span\\u003e\\n\\u0026lt;br\/\\u0026gt;\u00a0\\u0026lt;br\/\\u0026gt;\\n\\u0026lt;br\/\\u0026gt;The \\u0026lt;strong\\u0026gt;21 year-old Bavarian is one of the most promising talents\\u0026lt;\/strong\\u0026gt; German football has seen in the past years and \\u0026lt;strong\\u0026gt;\u201chis carefree and cool playing style as well as his pleasant off-field demeanour make him the perfect brand ambassador for us\u201d\\u0026lt;\/strong\\u0026gt;, says \\u0026lt;strong\\u0026gt;Matthias B\u00e4umer, General Manager PUMA DACH\\u0026lt;\/strong\\u0026gt;.\\u0026lt;br\/\\u0026gt;\\n\\u0026lt;br\/\\u0026gt;Together with his teammates Marco Reus, Roman Weidenfeller and Marc Bartra, Julian will strengthen PUMA\u2019s Teamsport division and will act as brand ambassador for the new \\u0026lt;strong\\u0026gt;PUMA evoPOWER Vigor football boot\\u0026lt;\/strong\\u0026gt;.\\u0026lt;br\/\\u0026gt;\\n\\u0026lt;br\/\\u0026gt;Julian is no stranger to PUMA and this new partnership came quite natural to the youngster as he states: \\u0026lt;strong\\u0026gt;\u201cI have got to know PUMA very well through their work with Borussia Dortmund. I really like their products as well as their marketing campaigns, and I look forward to the exciting campaigns that are in store for me in the next few months.\u201d\\u0026lt;\/strong\\u0026gt; Both PUMA and the rising star are eager to continue this success story together.\\u0026lt;br\/\\u0026gt;\\n\\u0026lt;br\/\\u0026gt;\\u0026lt;em\\u0026gt;\u00a0\\u0026lt;\/em\\u0026gt;\\u0026lt;br\/\\u0026gt;\\n\\u0026lt;br\/\\u0026gt;\u00a0\\u0026lt;br\/\\u0026gt;\\n\",\"width\":\"Wide\",\"aspect\":\"0\",\"style\":\"2b\"} \/--><!-- wp:puma\/row-text-single {\"content\":\"\\u003cp\\u003eIt is a great honour to be part of the extensive PUMA family, which also includes legends like Lothar Matth\u00e4us, Pel\u00e9 and Maradona. \\u003c\/p\\u003e\\n\\u003cbr\/\\u003e\\u003cbr\/\\u003eJulian Weigl\",\"width\":\"Wide\",\"style\":\"quote\"} \/--><!-- wp:puma\/row-text-single {\"content\":\"\\u0026lt;br\/\\u0026gt;Julian Weigl spent most of his youth playing for TSV 1860 M\u00fcnchen and his performances have never gone unnoticed ever since. To this day, \\u0026lt;strong\\u0026gt;Weigl remains the youngest captain in the history of 1860 Munich,\\u0026lt;\/strong\\u0026gt; as he was appointed with the honour of the captain\u2019s armband at the age of 18. Borussia Dortmund, always in search of young and ambitious talents, recognised his potential and signed him in July 2015. \\u0026lt;strong\\u0026gt;Weigl was also part of the German National Team at the EURO 2016 in France.\\u0026lt;\/strong\\u0026gt;\\u0026lt;br\/\\u0026gt;\\n\\u0026lt;br\/\\u0026gt;\u00a0\\u0026lt;br\/\\u0026gt;\\n\",\"width\":\"Wide\",\"aspect\":\"0\",\"style\":\"2b\"} \/--><!-- wp:puma\/row-image-multi {\"migrateBlock\":true,\"title\":\"\",\"images\":[{\"width\":720,\"height\":1040,\"file\":\"2017\/02\/Julian-Weigl_M1.jpg\",\"filesize\":101703,\"sizes\":{\"medium\":{\"file\":\"Julian-Weigl_M1-208x300.jpg\",\"width\":208,\"height\":300,\"mime-type\":\"image\/jpeg\",\"filesize\":13176},\"large\":{\"file\":\"Julian-Weigl_M1-709x1024.jpg\",\"width\":709,\"height\":1024,\"mime-type\":\"image\/jpeg\",\"filesize\":107158},\"thumbnail\":{\"file\":\"Julian-Weigl_M1-150x150.jpg\",\"width\":150,\"height\":150,\"mime-type\":\"image\/jpeg\",\"filesize\":6051},\"trp-custom-language-flag\":{\"file\":\"Julian-Weigl_M1-8x12.jpg\",\"width\":8,\"height\":12,\"mime-type\":\"image\/jpeg\",\"filesize\":363}},\"image_meta\":{\"aperture\":\"0\",\"credit\":\"\",\"camera\":\"\",\"caption\":\"\",\"created_timestamp\":\"0\",\"copyright\":\"\",\"focal_length\":\"0\",\"iso\":\"0\",\"shutter_speed\":\"0\",\"title\":\"\",\"orientation\":\"0\",\"keywords\":[]},\"id\":5146,\"alt\":\"\",\"caption\":\"Julian was part of the German National Team at the EURO 2016 in France.\",\"description\":\"\",\"url\":\"https:\/\/www.puma-catchup.com\/wp-content\/uploads\/2017\/02\/Julian-Weigl_M1.jpg\",\"title\":\"Julian-Weigl_M1\",\"aspect_ratio\":0.6923076923076923,\"focalPointLeft\":0.5,\"focalPointTop\":0},{\"width\":720,\"height\":1040,\"file\":\"2017\/02\/Julian-Weigl_M2.jpg\",\"filesize\":31895,\"sizes\":{\"medium\":{\"file\":\"Julian-Weigl_M2-208x300.jpg\",\"width\":208,\"height\":300,\"mime-type\":\"image\/jpeg\",\"filesize\":6326},\"large\":{\"file\":\"Julian-Weigl_M2-709x1024.jpg\",\"width\":709,\"height\":1024,\"mime-type\":\"image\/jpeg\",\"filesize\":41487},\"thumbnail\":{\"file\":\"Julian-Weigl_M2-150x150.jpg\",\"width\":150,\"height\":150,\"mime-type\":\"image\/jpeg\",\"filesize\":3527},\"trp-custom-language-flag\":{\"file\":\"Julian-Weigl_M2-8x12.jpg\",\"width\":8,\"height\":12,\"mime-type\":\"image\/jpeg\",\"filesize\":328}},\"image_meta\":{\"aperture\":\"0\",\"credit\":\"\",\"camera\":\"\",\"caption\":\"\",\"created_timestamp\":\"0\",\"copyright\":\"\",\"focal_length\":\"0\",\"iso\":\"0\",\"shutter_speed\":\"0\",\"title\":\"\",\"orientation\":\"0\",\"keywords\":[]},\"id\":5150,\"alt\":\"\",\"caption\":\"Matthias is General Manager PUMA Dach\",\"description\":\"\",\"url\":\"https:\/\/www.puma-catchup.com\/wp-content\/uploads\/2017\/02\/Julian-Weigl_M2.jpg\",\"title\":\"Julian-Weigl_M2\",\"aspect_ratio\":0.6923076923076923,\"focalPointLeft\":0.5,\"focalPointTop\":0}],\"headlines\":[\"Julian Weigl\",\"Matthias B\u00e4umer\"],\"showCaptions\":[true,true],\"portraitMode\":[true,true],\"aspect\":\"0\",\"style\":\"2\"} \/-->","title":"PUMA verpflichtet Julian Weigl","excerpt":"PUMA ist stolz darauf, den j\u00fcngsten Neuzugang in seinem All-Star-Team zu pr\u00e4sentieren: Borussia Dortmunds Mittelfeldstar Julian Weigl.\n \nDer 21-j\u00e4hrige Bayer ist eines der vielversprechendsten Talente, die der deutsche Fu\u00dfball in den letzten Jahren gesehen hat. \"Seine unbek\u00fcmmerte und coole Spielweise sowie sein sympathisches Auftreten abseits des Platzes machen ihn f\u00fcr uns zum perfekten Markenbotschafter\", sagt Matthias B\u00e4umer, General Manager PUMA DACH.\nGemeinsam mit seinen Teamkollegen Marco Reus, Roman Weidenfeller und Marc Bartra wird Julian PUMAs Teamsportabteilung verst\u00e4rken und als Markenbotschafter f\u00fcr den neuen PUMA evoPOWER Vigor Fu\u00dfballschuh fungieren.\nJulian ist kein Unbekannter f\u00fcr PUMA und diese neue Partnerschaft ist f\u00fcr den Youngster ganz nat\u00fcrlich, wie er sagt: \"Ich habe PUMA durch die Zusammenarbeit mit Borussia Dortmund sehr gut kennengelernt. Ich mag sowohl ihre Produkte als auch ihre Marketingkampagnen sehr und freue mich auf die spannenden Kampagnen, die in den n\u00e4chsten Monaten auf mich warten.\" Sowohl PUMA als auch der aufstrebende Star freuen sich darauf, diese Erfolgsgeschichte gemeinsam fortzusetzen.\n\u00a0\n\u00a0","status":"publish","password":"","name":"puma-signs-julian-weigl","modified":"2025-09-19 15:06:00","modified_gmt":"2025-09-19 15:06:00","content_filtered":"","parent":0,"type":"post","mime_type":"","template":"","category":[18],"datetime_local":"14. Februar 2017 um 13:44","date_local":"14. Februar 2017","time_local":"13:44","slug":"puma-signs-julian-weigl","url":"https:\/\/www.puma-catchup.com\/de\/sports\/puma-signs-julian-weigl\/","featured_image":{"width":1140,"height":640,"file":"2017\/02\/Julian-Weigl_H3.jpg","filesize":72354,"sizes":{"medium":{"file":"Julian-Weigl_H3-300x168.jpg","width":300,"height":168,"mime-type":"image\/jpeg","filesize":7503},"large":{"file":"Julian-Weigl_H3-1024x575.jpg","width":1024,"height":575,"mime-type":"image\/jpeg","filesize":54158},"thumbnail":{"file":"Julian-Weigl_H3-150x150.jpg","width":150,"height":150,"mime-type":"image\/jpeg","filesize":5308},"medium_large":{"file":"Julian-Weigl_H3-768x431.jpg","width":768,"height":431,"mime-type":"image\/jpeg","filesize":33346},"trp-custom-language-flag":{"file":"Julian-Weigl_H3-18x10.jpg","width":18,"height":10,"mime-type":"image\/jpeg","filesize":427}},"image_meta":{"aperture":"0","credit":"","camera":"","caption":"","created_timestamp":"0","copyright":"","focal_length":"0","iso":"0","shutter_speed":"0","title":"","orientation":"0","keywords":[]},"id":5154,"alt":"","caption":"","description":"","url":"https:\/\/www.puma-catchup.com\/wp-content\/uploads\/2017\/02\/Julian-Weigl_H3.jpg","title":"Julian-Weigl_H3","aspect_ratio":1.78125,"focalPointLeft":0.5,"focalPointTop":0},"headline":"PUMA signs Julian Weigl","categories":[{"term_id":18,"name":"Sport","slug":"sports","term_group":0,"term_taxonomy_id":18,"taxonomy":"category","description":"","parent":0,"count":859,"filter":"raw","url":"https:\/\/www.puma-catchup.com\/de\/category\/sports\/"}],"theCategory":{"term_id":18,"name":"Sport","slug":"sports","term_group":0,"term_taxonomy_id":18,"taxonomy":"category","description":"","parent":0,"count":859,"filter":"raw","url":"https:\/\/www.puma-catchup.com\/de\/category\/sports\/"},"isFeaturedArticle":true,"isTopArticle":false},"_links":{"self":[{"href":"https:\/\/www.puma-catchup.com\/de\/wp-json\/wp\/v2\/posts\/5131","targetHints":{"allow":["GET"]}}],"collection":[{"href":"https:\/\/www.puma-catchup.com\/de\/wp-json\/wp\/v2\/posts"}],"about":[{"href":"https:\/\/www.puma-catchup.com\/de\/wp-json\/wp\/v2\/types\/post"}],"author":[{"embeddable":true,"href":"https:\/\/www.puma-catchup.com\/de\/wp-json\/wp\/v2\/users\/12"}],"replies":[{"embeddable":true,"href":"https:\/\/www.puma-catchup.com\/de\/wp-json\/wp\/v2\/comments?post=5131"}],"version-history":[{"count":0,"href":"https:\/\/www.puma-catchup.com\/de\/wp-json\/wp\/v2\/posts\/5131\/revisions"}],"wp:featuredmedia":[{"embeddable":true,"href":"https:\/\/www.puma-catchup.com\/de\/wp-json\/wp\/v2\/media\/5154"}],"wp:attachment":[{"href":"https:\/\/www.puma-catchup.com\/de\/wp-json\/wp\/v2\/media?parent=5131"}],"wp:term":[{"taxonomy":"category","embeddable":true,"href":"https:\/\/www.puma-catchup.com\/de\/wp-json\/wp\/v2\/categories?post=5131"}],"curies":[{"name":"wp","href":"https:\/\/api.w.org\/{rel}","templated":true}]}}