{"id":49783,"date":"2023-04-21T09:53:48","date_gmt":"2023-04-21T07:53:48","guid":{"rendered":"https:\/\/www.puma-catchup.com\/?p=49783"},"modified":"2025-11-20T08:42:17","modified_gmt":"2025-11-20T08:42:17","slug":"celebrating-earth-day-on-april-22","status":"publish","type":"post","link":"https:\/\/www.puma-catchup.com\/de\/corporate\/celebrating-earth-day-on-april-22\/","title":{"rendered":"Feier zum Tag der Erde am 22. April"},"content":{"rendered":"<!-- post header -->\n<div class=\"row rowSingleColumn\">\n    <div class=\"col breadcrumb\">\n        <a href=\"\/de\/\">Startseite<\/a>\/\n        <a href=\"\/de\/category\/corporate\/\">Corporate<\/a>\/\n        Feier zum Tag der Erde am 22. April\n    <\/div>\n<\/div>\n<div class=\"row rowPostHeaderImage headerImageAnim\">\n    <div class=\"scrollAnim\" \n        id=\"postHeaderImage\"\n         style=\"width:100%;position:relative;overflow:hidden;        aspect-ratio:2        ;\" >\n    <img decoding=\"async\" alt=\"\"\n        class=\"\"\n        src=\"https:\/\/www.puma-catchup.com\/wp-content\/uploads\/2020\/06\/teaser.jpg\" style=\"transition: 0.35s all;height:100%;width:100%;        object-position: 50% 0%; object-fit: cover;\"\/>\n        <\/div>\n    \n<\/div>\n<div class=\"row rowSingleColumnWide rowPostHeader\">\n    <div id=\"postHeaderText\" class=\"col tcenter\" >\n        <div class=\"cat\"><a class=\"secondary\" href=\"https:\/\/www.puma-catchup.com\/de\/category\/corporate\/\">Corporate<\/a><\/div>\n        <div id=\"headerSocialIcons\" class=\"headerSocialIcons tleft\">\n            <a class=\"facebook\" href=\"https:\/\/www.facebook.com\/sharer\/sharer.php?u=https%3A%2F%2Fwww.puma-catchup.com%2Fde%2Fcorporate%2Fcelebrating-earth-day-on-april-22%2F\" target=\"blank\"><\/a>\n            <a class=\"linkedin\" href=\"https:\/\/www.linkedin.com\/sharing\/share-offsite\/?url=https%3A%2F%2Fwww.puma-catchup.com%2Fde%2Fcorporate%2Fcelebrating-earth-day-on-april-22%2F\" target=\"blank\"><\/a>\n            <a class=\"x\" href=\"https:\/\/twitter.com\/share?url=https:\/\/www.puma-catchup.com\/de\/corporate\/celebrating-earth-day-on-april-22\/&#038;text=\" target=\"blank\"><\/a>\n            <a class=\"pinterest\" href=\"http:\/\/pinterest.com\/pin\/create\/button\/?url=https%3A%2F%2Fwww.puma-catchup.com%2Fde%2Fcorporate%2Fcelebrating-earth-day-on-april-22%2F\" target=\"blank\"><\/a>\n        <\/div>\n        <h1 class=\"\" >Den Tag der Erde feiern<\/h1>\n        <div class=\"articleintro\" >Forever.Better. am 22. April<\/div>\n        <div class=\"date\">21. April 2023 <\/div>\n\n        <div id=\"\" class=\"headerSocialIconsMobile tcenter mobile\">\n            <a class=\"sharing\" id=\"mobileshare\" onclick='navigator.share({ \"title\": &quot;Celebrating Earth Day on April 22&quot;, \"text\": &quot;\\nTomorrow, we celebrate Earth Day! For over 50 years, people have come together on April 22 to honor our planet, to raise awareness and to inspire action for environmental protection. This year\\u2019s theme is \\u201cINVEST IN OUR PLANET.\\u201d\\u00a0Find out how we at PUMA invest in our planet and how each of us can contribute to being Forever.Better.\\n\\n&quot;, \"url\": \"https:\/\/www.puma-catchup.com\/de\/corporate\/celebrating-earth-day-on-april-22\/\" })'  target=\"blank\"><\/a>\n            <a class=\"facebook\" href=\"https:\/\/www.facebook.com\/sharer\/sharer.php?u=https:\/\/www.puma-catchup.com\/de\/corporate\/celebrating-earth-day-on-april-22\/\" target=\"blank\"><\/a>\n            <a class=\"linkedin\" href=\"https:\/\/www.linkedin.com\/sharing\/share-offsite\/?url=https:\/\/www.puma-catchup.com\/de\/corporate\/celebrating-earth-day-on-april-22\/\" target=\"blank\"><\/a>\n            <a class=\"x\" href=\"https:\/\/twitter.com\/share?url=https%3A%2F%2Fwww.puma-catchup.com%2Fde%2Fcorporate%2Fcelebrating-earth-day-on-april-22%2F&#038;text=\" target=\"blank\"><\/a>\n            <a class=\"pinterest\" href=\"http:\/\/pinterest.com\/pin\/create\/button\/?url=https%3A%2F%2Fwww.puma-catchup.com%2Fde%2Fcorporate%2Fcelebrating-earth-day-on-april-22%2F\" target=\"blank\"><\/a>\n        <\/div>\n    <\/div>\n<\/div>\n<!-- row text single -->\n<div class=\"gradientnone\">\n<div class=\"row rowSingleColumnWide spacing\">\n    <div class=\"col articleText\">\n        <div class=\"textStyle_2b\" ><div>\n<br\/><b>Morgen feiern wir <strong>Tag der Erde!<\/strong> Seit \u00fcber 50 Jahren kommen die Menschen am 22. April zusammen, um <strong>unseren Planeten ehren<\/strong>, zu <strong>Bewusstsein schaffen<\/strong> und an <strong>Ma\u00dfnahmen f\u00fcr den Umweltschutz anregen<\/strong>. Das diesj\u00e4hrige Thema lautet \u201cINVEST IN UNSEREN PLANETEN\u201d. Finden Sie heraus, wie wir bei <strong>PUMA investiert in unseren Planeten<\/strong> und <strong>wie jeder von uns dazu beitragen kann, f\u00fcr immer besser zu sein.<\/strong><\/b><br\/>\n<\/div>\n<\/div>\n   <\/div>\n<\/div>\n<\/div>\n<!-- row text single -->\n<div class=\"gradientnone\">\n<div class=\"row rowSingleColumnWide spacing\">\n    <div class=\"col articleText\">\n        <div class=\"textStyle_2b\" ><div>\n<br\/>Das diesj\u00e4hrige Motto des Tages der Erde - \u201cInvestiere in unseren Planeten\u201d - unterstreicht, wie wichtig es ist, unsere Zeit, Ressourcen und Energie f\u00fcr Folgendes einzusetzen <strong>L\u00f6sung des Klimawandels und anderer Umweltprobleme.<\/strong> Investitionen in unseren Planeten sind notwendig, um ihn zu sch\u00fctzen, und der beste Weg, um den Weg zu einer nachhaltigen Entwicklung zu ebnen. <strong>nachhaltige Zukunft.<\/strong><br\/>\n<\/div>\n<\/div>\n   <\/div>\n<\/div>\n<\/div>\n<!-- row text single -->\n<div class=\"gradientnone\">\n<div class=\"row rowSingleColumnWide spacing\">\n    <div class=\"col articleText\">\n        <div class=\"textStyle_2b\" ><div>\n<br\/>Eines der dringendsten Probleme, mit denen die Welt konfrontiert ist, ist der Klimawandel. Die Klimakrise bedroht das Wohlergehen unseres Planeten, seiner Bewohner und k\u00fcnftiger Generationen. Wie wir wissen, werden die Auswirkungen des Klimawandels immer <strong>immer schwerer<\/strong>\u00a0und verursachen einen Mangel an biologischer Vielfalt, die Versauerung der Ozeane und den Anstieg der globalen Temperaturen. Es ist wichtig, dass wir<strong> sofortige Ma\u00dfnahmen ergreifen<\/strong> um diese Krise zu bew\u00e4ltigen und das Pariser Abkommen zu unterst\u00fctzen.\u00a0<br\/>\n<\/div>\n<\/div>\n   <\/div>\n<\/div>\n<\/div>\n<!-- row text single -->\n<div class=\"gradientnone\">\n<div class=\"row rowSingleColumnWide spacing\">\n    <div class=\"col articleText\">\n        <div class=\"textStyle_2b\" ><div>\n<br\/><strong>Bei PUMA wollen wir Forever.Better. <\/strong><br\/>\n<\/div>\n<div>\n<br\/><strong>Wir erkennen unsere Verantwortung an<\/strong> und konzentrieren uns darauf, das Richtige zu tun. Wir sind verpflichtet <strong>Verringerung unseres \u00f6kologischen Fu\u00dfabdrucks und Entwicklung zu einem nachhaltigeren Unternehmen<\/strong>. Unsere gr\u00f6\u00dften \u00f6kologischen und sozialen Auswirkungen entstehen in unserer Lieferkette. Deshalb haben wir<strong> handeln durch:<\/strong><br\/>\n<br\/>\u00a0<br\/>\n<div>\n<br\/><strong>\ud83c\udf0e Festlegung neuer wissenschaftsbasierter Ziele (SBT) zur Reduzierung unserer Treibhausgasemissionen im Einklang mit dem Pariser Abkommen<\/strong><br\/>\n<br\/><strong>\ud83c\udf0d Beschaffung von 100% erneuerbarer Energie f\u00fcr unseren Betrieb<\/strong><br\/>\n<\/div>\n<div>\n<br\/><strong>\ud83c\udf0f Umstellung unserer Flotte auf Elektroautos<\/strong><br\/>\n<\/div>\n<div>\n<br\/><strong>\ud83c\udf0e Reduzierung des Luftfrachttransports von Produkten<\/strong><br\/>\n<\/div>\n<div>\n<br\/><strong>\ud83c\udf0d Zusammenarbeit mit unseren Zulieferern bei der Installation von PV-Anlagen auf D\u00e4chern und der Abschaffung von Kohlekesseln<\/strong><br\/>\n<\/div>\n<div>\n<br\/><strong>\ud83c\udf0f Erh\u00f6hung des Anteils an recycelten Materialien in unseren Produkten<\/strong><br\/>\n<\/div>\n<\/div>\n<\/div>\n   <\/div>\n<\/div>\n<\/div>\n<!-- row text single -->\n<div class=\"gradientnone\">\n<div class=\"row rowSingleColumnWide spacing\">\n    <div class=\"col articleText\">\n        <div class=\"textStyle_2b\" ><div>\n<br\/><strong>Aber wir k\u00f6nnen dies nicht allein tun. <\/strong><br\/>\n<\/div>\n<div>\n<br\/>Das Streben nach einer nachhaltigeren Welt bringt uns<strong> alle im selben Team<\/strong>, Deshalb brauchen wir die Unterst\u00fctzung unserer gesamten PUMA-Familie. <strong>Sie k\u00f6nnen aktiv dazu beitragen<\/strong> f\u00fcr eine bessere Zukunft und reduzieren Sie Ihren CO2-Fu\u00dfabdruck am Tag der Erde (und an jedem anderen Tag des Jahres), indem Sie:<br\/>\n<br\/>\u00a0<br\/>\n<\/div>\n<div>\n<br\/><strong>\ud83c\udf0eWeniger fliegen und Kurzstreckenfl\u00fcge vermeiden<\/strong><br\/>\n<br\/><strong>\ud83c\udf0d Nutzung erneuerbarer Energien zu Hause und effiziente Energienutzung<\/strong><br\/>\n<\/div>\n<div>\n<br\/><strong>\ud83c\udf0f Mit dem Fahrrad, den \u00f6ffentlichen Verkehrsmitteln oder in Fahrgemeinschaften zum B\u00fcro fahren<\/strong><br\/>\n<\/div>\n<div>\n<br\/><strong>\ud83c\udf0e Weniger Fleisch essen und eine pflanzliche Ern\u00e4hrung w\u00e4hlen<\/strong><br\/>\n<\/div>\n<div>\n<br\/><strong>\ud83c\udf0d Wiederverwendung oder Recycling<\/strong><br\/>\n<\/div>\n<div>\n<br\/><strong>\ud83c\udf0f Andere dar\u00fcber aufkl\u00e4ren, wie sie ihren \u00f6kologischen Fu\u00dfabdruck verringern k\u00f6nnen\u00a0<\/strong><br\/>\n<\/div>\n<\/div>\n   <\/div>\n<\/div>\n<\/div>\n<!-- row text single -->\n<div class=\"gradientnone\">\n<div class=\"row rowSingleColumnWide spacing\">\n    <div class=\"col articleText\">\n        <div class=\"textStyle_2b\" ><br\/><strong>Um Ihren Kohlenstoff-Fu\u00dfabdruck zu verstehen, sehen Sie sich die folgende Tabelle an:<\/strong><br\/>\n<br\/>\ud83d\udc49 Verbraucher-Fu\u00dfabdruck-Rechner (EU)<br\/>\n<br\/>\ud83d\udc49 WWF-Foorprint-Rechner (UK)<br\/>\n<br\/>\ud83d\udc49 Kohlenstoff-Fu\u00dfabdruck-Rechner(US)<br\/>\n<\/div>\n   <\/div>\n<\/div>\n<\/div>\n<!-- row text single -->\n<div class=\"gradientnone\">\n<div class=\"row rowSingleColumnWide spacing\">\n    <div class=\"col articleText\">\n        <div class=\"textStyle_2b\" ><div>\n<br\/>Gewinnen Sie einen Einblick, wie wir bei <strong>PUMA ist bestrebt, Forever.Better.<\/strong> und finden Sie alle Informationen \u00fcber unsere <strong>Bem\u00fchungen um Nachhaltigkeit!<\/strong><br\/>\n<\/div>\n<div>\n<br\/>\ud83c\udf31 <strong>Besuchen Sie unsere Website Foreve.Better.<\/strong><br\/>\n<\/div>\n<\/div>\n   <\/div>\n<\/div>\n<\/div>\n<!-- row text single -->\n<div class=\"gradientnone\">\n<div class=\"row rowSingleColumnWide spacing\">\n    <div class=\"col articleText\">\n        <div class=\"textStyle_2b\" ><div>\n<br\/>Am Tag der Erde erinnern wir uns daran, dass die \u00f6kologischen Herausforderungen, mit denen wir konfrontiert sind, uns alle betreffen. Lassen Sie uns also Ma\u00dfnahmen ergreifen, um unseren Planeten zu sch\u00fctzen und eine nachhaltige Zukunft zu schaffen. <strong>Gemeinsam k\u00f6nnen wir etwas bewirken und f\u00fcr immer besser sein.<\/strong><strong>\u00a0<\/strong><br\/>\n<\/div>\n<\/div>\n   <\/div>\n<\/div>\n<\/div>\n<!-- row text single -->\n<div class=\"gradientnone\">\n<div class=\"row rowSingleColumnWide spacing\">\n    <div class=\"col articleText\">\n        <div class=\"textStyle_default\" ><h2>Was ist das Pariser Abkommen?<\/h2>\n<p class=\"paragraph\"><span class=\"normaltextrun\"><span lang=\"EN-US\"><span class=\"text-style-4\">Das Pariser Abkommen,<\/span> das 2015 von der Klimarahmenkonvention der Vereinten Nationen angenommen wurde, ist ein globales Abkommen, das darauf abzielt, die globale Erw\u00e4rmung auf deutlich unter 2\u00b0C \u00fcber dem vorindustriellen Niveau zu begrenzen, mit einem Ziel von 1,5\u00b0C. Das Abkommen <span class=\"text-style-4\">legt einen Rahmen f\u00fcr die L\u00e4nder fest, um Ma\u00dfnahmen zu ergreifen<\/span> zur Verringerung der Treibhausgasemissionen und zur Anpassung an die Auswirkungen des Klimawandels.\u00a0<\/span><\/span><span class=\"eop\"><span lang=\"EN-US\">\u00a0<\/span><\/span><\/p>\n<\/div>\n   <\/div>\n<\/div>\n<\/div>\n<!-- row headline -->\n<div class=\"row headlineBlock rowSingleColumnFull\">\n    <div class=\"col\" style=\"margin-bottom: 2px;\">\n        <h2 >F\u00fcr immer.besser.<\/h2>\n    <\/div>\n<\/div>\n<!-- row article teaser 3 -->\n<div class=\"rowArticleTeaser3\">\n\t<div class=\"row rowTwoColumnsFull spacing\">\n\t    <div style=\"padding:none\">\n\t\t\t<div class=\"col articleTeaser\">\n\t\t\t    <div class=\"\">\n\t\t\t\t\t<a href=\"https:\/\/www.puma-catchup.com\/de\/category\/corporate\/\" class=\"secondary\">Corporate<\/a>\n\t\t\t        <h4>Unsere \u2018Stimmen einer RE:GENERATION\u2019<\/h4>\n\t\t\t\t\t<div class=\"shortExcerpt\">\n\t\t\t\t        Letztes Jahr haben wir Vordenker, Partner, NGOs und Experten der n\u00e4chsten Generation zu unserer \u201eConference of the People\u201c (COP) eingeladen. Das war unsere Chance, zuzuh\u00f6ren \u2013 und das haben wir auch getan. \n\t\t\t\t\t<\/div>\n\t\t\t\t\t<br\/>\n\t\t\t\t\t<a class=\"buttonSec articleslider\" href=\"https:\/\/www.puma-catchup.com\/de\/corporate\/pumas-voices-of-a-regeneration-initiative-offers-young-changemakers-a-voice-in-shaping-the-future-of-sustainability\/\" data-no-translation=\"\" data-trp-gettext=\"\">Story lesen<\/a>\n\t\t\t\t\t<br\/>\n\t\t\t\t\t<br\/>\n\t\t\t\t\t<a class=\"hoverzooma  scrollAnim\" href=\"https:\/\/www.puma-catchup.com\/de\/corporate\/pumas-voices-of-a-regeneration-initiative-offers-young-changemakers-a-voice-in-shaping-the-future-of-sustainability\/\" \n\t\t\t\t\t    \n\t\t\t\t\t     style=\"height:200px;position:relative;overflow:hidden;\t\t\t\t\t    aspect-ratio:2\t\t\t\t\t    ;\" >\n\t\t\t\t\t<img decoding=\"async\" alt=\"\"\n\t\t\t\t\t    class=\"hoverZoom\"\n\t\t\t\t\t    src=\"https:\/\/www.puma-catchup.com\/wp-content\/uploads\/2023\/04\/Header-voices.jpg\" style=\"transition: 0.35s all;height:100%;width:100%;\t\t\t\t\t    object-position: 50% 0%; object-fit: cover;\"\/>\n\t\t\t\t\t<\/a>\n\t\t\t\t\t\n\t\t\t\t<\/div>\n\t\t\t<\/div>\n\t    <\/div>\n\t    <div class=\"col\">\n\t\t\t<br\/>\n\t\t\t<div style=\"display:grid;grid-template-rows: auto auto auto;\">\n\t\t\t\t\t<div>\n\n\t\t\t\t\t\t<div class=\"teaser3inner\" >\n\t\t\t\t\t\t\t<div class=\"hideinprint\"><\/div>\n\t\t\t\t\t\t\t<div class=\"rowArticleItem articleTeaser\">\n\t\t\t\t\t\t\t    <div>\n\t\t\t\t\t\t\t\t\t<a class=\"hoverzooma teaserVertImg scrollAnim\" href=\"https:\/\/www.puma-catchup.com\/de\/corporate\/puma-honored-with-2022-sustainability-leadership-award-collection-of-the-year-award-by-footwear-news\/\" \n\t\t\t\t\t\t\t\t\t    id=\"45737\"\n\t\t\t\t\t\t\t\t\t     style=\"height:200px;width:200px;;position:relative;overflow:hidden;\t\t\t\t\t\t\t\t\t    aspect-ratio:1\t\t\t\t\t\t\t\t\t    ;\" >\n\t\t\t\t\t\t\t\t\t<img decoding=\"async\" alt=\"\"\n\t\t\t\t\t\t\t\t\t    class=\"hoverZoom\"\n\t\t\t\t\t\t\t\t\t    src=\"https:\/\/www.puma-catchup.com\/wp-content\/uploads\/2022\/12\/header-award.jpg\" style=\"transition: 0.35s all;height:100%;width:100%;\t\t\t\t\t\t\t\t\t    object-position: 50% 0%; object-fit: cover;\"\/>\n\t\t\t\t\t\t\t\t\t<\/a>\n\t\t\t\t\t\t\t\t\t\n\t\t\t\t\t\t\t    <\/div>\n\t\t\t\t\t\t\t    <div class=\"innerpadd\">\n\t\t\t\t\t\t\t\t\t<a href=\"https:\/\/www.puma-catchup.com\/de\/category\/corporate\/\" class=\"secondary2\">Corporate<\/a>\n\t\t\t\t\t\t\t        <h4>F\u00fchrend in der Branche<\/h4>\n\t\t\t\t\t\t\t\t\t<div class=\"shortExcerpt\">\n\t\t\t\t\t\t\t\t        Was f\u00fcr eine erfolgreiche Art, das Jahr zu beenden! Diese Woche wurden wir bei den 36th Annual Footwear News Achievement Awards in New York City mit zwei Auszeichnungen geehrt. Eine davon ist der Sustainability Leadership Award. Die Auszeichnung wurde f\u00fcr unsere Bem\u00fchungen und die Umsetzung nachhaltiger Praktiken im gesamten \u00d6kosystem der Produktherstellung, von der Beschaffung bis zur Fertigung, sowie f\u00fcr unsere 10FOR25-Strategie verliehen. Der zweite ist die Auszeichnung f\u00fcr die Kollektion des Jahres, f\u00fcr unsere PUMA x Dua Lipa Flutur Drop 2 Linie. Erfahren Sie mehr!\n\n\t\t\t\t\t\t\t\t\t<\/div>\n\t\t\t\t\t\t\t\t\t<br\/>\n\t\t\t\t\t\t\t\t\t<a class=\"articleslider\" href=\"https:\/\/www.puma-catchup.com\/de\/corporate\/puma-honored-with-2022-sustainability-leadership-award-collection-of-the-year-award-by-footwear-news\/\" data-no-translation=\"\" data-trp-gettext=\"\">Story lesen<\/a>\n\t\t\t\t\t\t\t\t<\/div>\n\t\t\t\t\t\t\t\t<br\/>\n\t\t\t\t\t\t\t<\/div>\n\t\t\t\t\t\t\t<div class=\"hideinprint\"><\/div>\n\t\t\t\t\t\t<\/div>\n\t\t\t\t\t<\/div>\n\t\t\t\t\t<div>\n\t\t\t\t\t\t<div class=\"nodesktop\">\n\t\t\t\t\t\t\t<br\/><br\/>\n\t\t\t\t\t\t<\/div>\n\n\t\t\t\t\t\t<div class=\"teaser3inner\" >\n\t\t\t\t\t\t\t<div class=\"hideinprint\"><\/div>\n\t\t\t\t\t\t\t<div class=\"rowArticleItem articleTeaser\">\n\t\t\t\t\t\t\t    <div>\n\t\t\t\t\t\t\t\t\t<a class=\"hoverzooma teaserVertImg scrollAnim\" href=\"https:\/\/www.puma-catchup.com\/de\/corporate\/puma-ranked-most-sustainable-brand-on-business-of-fashion-sustainability-index-2022\/\" \n\t\t\t\t\t\t\t\t\t    id=\"37853\"\n\t\t\t\t\t\t\t\t\t     style=\"height:200px;width:200px;;position:relative;overflow:hidden;\t\t\t\t\t\t\t\t\t    aspect-ratio:1\t\t\t\t\t\t\t\t\t    ;\" >\n\t\t\t\t\t\t\t\t\t<img decoding=\"async\" alt=\"\"\n\t\t\t\t\t\t\t\t\t    class=\"hoverZoom\"\n\t\t\t\t\t\t\t\t\t    src=\"https:\/\/www.puma-catchup.com\/wp-content\/uploads\/2022\/05\/pumasolarpanels5catchup.jpg\" style=\"transition: 0.35s all;height:100%;width:100%;\t\t\t\t\t\t\t\t\t    object-position: 50% 0%; object-fit: cover;\"\/>\n\t\t\t\t\t\t\t\t\t<\/a>\n\t\t\t\t\t\t\t\t\t\n\t\t\t\t\t\t\t    <\/div>\n\t\t\t\t\t\t\t    <div class=\"innerpadd\">\n\t\t\t\t\t\t\t\t\t<a href=\"https:\/\/www.puma-catchup.com\/de\/category\/corporate\/\" class=\"secondary2\">Corporate<\/a>\n\t\t\t\t\t\t\t        <h4>Bestnoten f\u00fcr PUMAs Nachhaltigkeitsbem\u00fchungen<\/h4>\n\t\t\t\t\t\t\t\t\t<div class=\"shortExcerpt\">\n\t\t\t\t\t\t\t\t        PUMA ist die nachhaltigste Marke der Branche. Dies geht aus einem Bericht von Business of Fashion hervor, in dem die 30 gr\u00f6\u00dften b\u00f6rsennotierten Unternehmen der Modeindustrie nach ihren Bem\u00fchungen in Kategorien wie Emissionen, Transparenz, Wasser und Chemikalien, Materialien, Arbeitnehmerrechte und Abfall bewertet wurden.\nPUMA belegte im Jahr 2022 den ersten Platz, so Business of Fashion. W\u00e4hrend das Unternehmen in den Bereichen Arbeitnehmerrechte, Wasser und Chemikalien sowie Transparenz f\u00fchrend war, wurde der gr\u00f6\u00dfte Sprung bei den Emissionen gemacht. PUMA erhielt 49 von 100 m\u00f6glichen Punkten und lag damit vor Kering mit 47 und Levi Strauss mit 44 Punkten.\nInsgesamt wies der Bericht darauf hin, dass die Leistung der Modemarken noch stark verbesserungsbed\u00fcrftig ist, da die durchschnittliche Punktzahl in der Branche nur 28 von 100 Punkten betr\u00e4gt. Die Unternehmen m\u00fcssen sich steigern, um die entscheidenden Nachhaltigkeitsziele bis 2030 zu erreichen, f\u00fcgte Business of Fashion hinzu.\n\n\t\t\t\t\t\t\t\t\t<\/div>\n\t\t\t\t\t\t\t\t\t<br\/>\n\t\t\t\t\t\t\t\t\t<a class=\"articleslider\" href=\"https:\/\/www.puma-catchup.com\/de\/corporate\/puma-ranked-most-sustainable-brand-on-business-of-fashion-sustainability-index-2022\/\" data-no-translation=\"\" data-trp-gettext=\"\">Story lesen<\/a>\n\t\t\t\t\t\t\t\t<\/div>\n\t\t\t\t\t\t\t\t<br\/>\n\t\t\t\t\t\t\t<\/div>\n\t\t\t\t\t\t\t<div class=\"hideinprint\"><\/div>\n\t\t\t\t\t\t<\/div>\n\t\t\t\t\t<\/div>\n\t\t\t<\/div>\n\t\t\t<div class=\"hideinprint\"><\/div>\n\t\t<\/div>\n\t<\/div>\n<\/div>","protected":false},"excerpt":{"rendered":"<p>Morgen feiern wir den Tag der Erde! Seit \u00fcber 50 Jahren kommen die Menschen am 22. April zusammen, um unseren Planeten zu ehren, das Bewusstsein zu sch\u00e4rfen und zum Handeln f\u00fcr den Umweltschutz anzuregen. Das diesj\u00e4hrige Thema ist \"INVEST IN OUR PLANET\". Erfahren Sie, wie wir bei PUMA in unseren Planeten investieren und wie jeder von uns dazu beitragen kann, Forever.Better zu sein.<\/p>","protected":false},"author":4,"featured_media":18898,"comment_status":"closed","ping_status":"closed","sticky":false,"template":"","format":"standard","meta":{"is_top_article":false,"is_featured_article":true,"EasyPostViewCounter":1240,"meta-headline":"Celebrating Earth Day","footnotes":""},"categories":[6],"class_list":["post-49783","post","type-post","status-publish","format-standard","has-post-thumbnail","hentry","category-corporate"],"fullData":{"ID":49783,"post_author":"4","post_date":"2023-04-21 09:53:48","post_date_gmt":"2023-04-21 07:53:48","post_content":"<!-- wp:puma\/row-post-header {\"image\":{\"id\":18898},\"headline\":\"Celebrating Earth Day\",\"content\":\"Forever.Better. on April 22nd\",\"previewImage\":\"\",\"lock\":\"\",\"metadata\":\"\",\"className\":\"\",\"TrpContentRestriction\":{\"restriction_type\":\"exclude\",\"selected_languages\":[],\"panel_open\":true}} \/--><!-- wp:puma\/row-text-single {\"content\":\"\\u0026lt;div\\u0026gt;\\n\\u0026lt;br\/\\u0026gt;\\u0026lt;b\\u0026gt;Tomorrow, we celebrate \\u0026lt;strong\\u0026gt;Earth Day!\\u0026lt;\/strong\\u0026gt; For over 50 years, people have come together on April 22 to \\u0026lt;strong\\u0026gt;honor our planet\\u0026lt;\/strong\\u0026gt;, to \\u0026lt;strong\\u0026gt;raise awareness\\u0026lt;\/strong\\u0026gt; and to \\u0026lt;strong\\u0026gt;inspire action for environmental protection\\u0026lt;\/strong\\u0026gt;. This year\\u0026rsquo;s theme is \\u0026ldquo;INVEST IN OUR PLANET.\\u0026rdquo;\\u0026nbsp;Find out how we at \\u0026lt;strong\\u0026gt;PUMA invest in our planet\\u0026lt;\/strong\\u0026gt; and \\u0026lt;strong\\u0026gt;how each of us can contribute to being Forever.Better.\\u0026lt;\/strong\\u0026gt;\\u0026lt;\/b\\u0026gt;\\u0026lt;br\/\\u0026gt;\\n\\u0026lt;\/div\\u0026gt;\\n\",\"width\":\"Wide\",\"aspect\":\"0\",\"style\":\"2b\",\"firstletter\":\"\",\"gradient\":\"none\",\"spacing\":true,\"previewImage\":\"\",\"lock\":\"\",\"metadata\":\"\",\"className\":\"\",\"TrpContentRestriction\":{\"restriction_type\":\"exclude\",\"selected_languages\":[],\"panel_open\":true}} \/--><!-- wp:puma\/row-text-single {\"content\":\"\\u0026lt;div\\u0026gt;\\n\\u0026lt;br\/\\u0026gt;This year\\u0026rsquo;s Earth Day theme \\u0026ndash; \\u0026ldquo;Invest in our Planet\\u0026rdquo; \\u0026ndash; highlights the importance of dedicating our time, resources, and energy to \\u0026lt;strong\\u0026gt;solving climate change and other environmental issues.\\u0026lt;\/strong\\u0026gt; Investing in our planet is necessary to protect it and the best way to pave the way towards a \\u0026lt;strong\\u0026gt;sustainable future.\\u0026lt;\/strong\\u0026gt;\\u0026lt;br\/\\u0026gt;\\n\\u0026lt;\/div\\u0026gt;\\n\",\"width\":\"Wide\",\"aspect\":\"0\",\"style\":\"2b\",\"firstletter\":\"\",\"gradient\":\"none\",\"spacing\":true,\"previewImage\":\"\",\"lock\":\"\",\"metadata\":\"\",\"className\":\"\",\"TrpContentRestriction\":{\"restriction_type\":\"exclude\",\"selected_languages\":[],\"panel_open\":true}} \/--><!-- wp:puma\/row-text-single {\"content\":\"\\u0026lt;div\\u0026gt;\\n\\u0026lt;br\/\\u0026gt;One of the most pressing issues the world is facing is climate change. The climate crisis threatens the well-being of our planet, its inhabitants and future generations. As we know, the effects of climate change are becoming \\u0026lt;strong\\u0026gt;increasingly severe\\u0026lt;\/strong\\u0026gt;\\u0026nbsp;and cause a lack of biodiversity, ocean acidification and rising global temperatures. It is vital that we\\u0026lt;strong\\u0026gt; take urgent action\\u0026lt;\/strong\\u0026gt; to address this crisis and support the Paris Agreement.\\u0026nbsp;\\u0026lt;br\/\\u0026gt;\\n\\u0026lt;\/div\\u0026gt;\\n\",\"width\":\"Wide\",\"aspect\":\"0\",\"style\":\"2b\",\"firstletter\":\"\",\"gradient\":\"none\",\"spacing\":true,\"previewImage\":\"\",\"lock\":\"\",\"metadata\":\"\",\"className\":\"\",\"TrpContentRestriction\":{\"restriction_type\":\"exclude\",\"selected_languages\":[],\"panel_open\":true}} \/--><!-- wp:puma\/row-text-single {\"content\":\"\\u0026lt;div\\u0026gt;\\n\\u0026lt;br\/\\u0026gt;\\u0026lt;strong\\u0026gt;At PUMA, we aim to be Forever.Better. \\u0026lt;\/strong\\u0026gt;\\u0026lt;br\/\\u0026gt;\\n\\u0026lt;\/div\\u0026gt;\\n\\u0026lt;div\\u0026gt;\\n\\u0026lt;br\/\\u0026gt;\\u0026lt;strong\\u0026gt;We recognize our responsibility\\u0026lt;\/strong\\u0026gt; and focus on doing the right thing. We are committed to \\u0026lt;strong\\u0026gt;reducing our carbon footprint and becoming a more sustainable company\\u0026lt;\/strong\\u0026gt;. Our largest environmental and social impact is created in our supply chain. Therefore, we\\u0026lt;strong\\u0026gt; are acting by:\\u0026lt;\/strong\\u0026gt;\\u0026lt;br\/\\u0026gt;\\n\\u0026lt;br\/\\u0026gt;\\u0026nbsp;\\u0026lt;br\/\\u0026gt;\\n\\u0026lt;div\\u0026gt;\\n\\u0026lt;br\/\\u0026gt;\\u0026lt;strong\\u0026gt;\ud83c\udf0e Setting new Science-Based Targets (SBT) to reduce our greenhouse gas emissions in line with the Paris Agreement\\u0026lt;\/strong\\u0026gt;\\u0026lt;br\/\\u0026gt;\\n\\u0026lt;br\/\\u0026gt;\\u0026lt;strong\\u0026gt;\ud83c\udf0d Sourcing 100% renewable energy for our operations\\u0026lt;\/strong\\u0026gt;\\u0026lt;br\/\\u0026gt;\\n\\u0026lt;\/div\\u0026gt;\\n\\u0026lt;div\\u0026gt;\\n\\u0026lt;br\/\\u0026gt;\\u0026lt;strong\\u0026gt;\ud83c\udf0f Switching our fleet to electric cars\\u0026lt;\/strong\\u0026gt;\\u0026lt;br\/\\u0026gt;\\n\\u0026lt;\/div\\u0026gt;\\n\\u0026lt;div\\u0026gt;\\n\\u0026lt;br\/\\u0026gt;\\u0026lt;strong\\u0026gt;\ud83c\udf0e Reducing our air freight transport of products\\u0026lt;\/strong\\u0026gt;\\u0026lt;br\/\\u0026gt;\\n\\u0026lt;\/div\\u0026gt;\\n\\u0026lt;div\\u0026gt;\\n\\u0026lt;br\/\\u0026gt;\\u0026lt;strong\\u0026gt;\ud83c\udf0d Working with our suppliers to install rooftop solar PV and phase out coal boilers\\u0026lt;\/strong\\u0026gt;\\u0026lt;br\/\\u0026gt;\\n\\u0026lt;\/div\\u0026gt;\\n\\u0026lt;div\\u0026gt;\\n\\u0026lt;br\/\\u0026gt;\\u0026lt;strong\\u0026gt;\ud83c\udf0f Increasing the percentage of recycled materials in our products\\u0026lt;\/strong\\u0026gt;\\u0026lt;br\/\\u0026gt;\\n\\u0026lt;\/div\\u0026gt;\\n\\u0026lt;\/div\\u0026gt;\\n\",\"width\":\"Wide\",\"aspect\":\"0\",\"style\":\"2b\",\"firstletter\":\"\",\"gradient\":\"none\",\"spacing\":true,\"previewImage\":\"\",\"lock\":\"\",\"metadata\":\"\",\"className\":\"\",\"TrpContentRestriction\":{\"restriction_type\":\"exclude\",\"selected_languages\":[],\"panel_open\":true}} \/--><!-- wp:puma\/row-text-single {\"content\":\"\\u0026lt;div\\u0026gt;\\n\\u0026lt;br\/\\u0026gt;\\u0026lt;strong\\u0026gt;But we cannot do this alone. \\u0026lt;\/strong\\u0026gt;\\u0026lt;br\/\\u0026gt;\\n\\u0026lt;\/div\\u0026gt;\\n\\u0026lt;div\\u0026gt;\\n\\u0026lt;br\/\\u0026gt;Striving for a more sustainable world puts us\\u0026lt;strong\\u0026gt; all on the same team\\u0026lt;\/strong\\u0026gt;, so we need the support of our entire PUMA family. \\u0026lt;strong\\u0026gt;You can actively contribute\\u0026lt;\/strong\\u0026gt; to a better future and reduce your carbon footprint on Earth Day (and every other day of the year) by:\\u0026lt;br\/\\u0026gt;\\n\\u0026lt;br\/\\u0026gt;\\u0026nbsp;\\u0026lt;br\/\\u0026gt;\\n\\u0026lt;\/div\\u0026gt;\\n\\u0026lt;div\\u0026gt;\\n\\u0026lt;br\/\\u0026gt;\\u0026lt;strong\\u0026gt;\ud83c\udf0eFlying less and avoiding short-distance flights\\u0026lt;\/strong\\u0026gt;\\u0026lt;br\/\\u0026gt;\\n\\u0026lt;br\/\\u0026gt;\\u0026lt;strong\\u0026gt;\ud83c\udf0d Using renewable energy at home and using energy efficiently\\u0026lt;\/strong\\u0026gt;\\u0026lt;br\/\\u0026gt;\\n\\u0026lt;\/div\\u0026gt;\\n\\u0026lt;div\\u0026gt;\\n\\u0026lt;br\/\\u0026gt;\\u0026lt;strong\\u0026gt;\ud83c\udf0f Using a bike, public transport or sharing a car to get to the office\\u0026lt;\/strong\\u0026gt;\\u0026lt;br\/\\u0026gt;\\n\\u0026lt;\/div\\u0026gt;\\n\\u0026lt;div\\u0026gt;\\n\\u0026lt;br\/\\u0026gt;\\u0026lt;strong\\u0026gt;\ud83c\udf0e Eating less meat and choosing a plant-based diet\\u0026lt;\/strong\\u0026gt;\\u0026lt;br\/\\u0026gt;\\n\\u0026lt;\/div\\u0026gt;\\n\\u0026lt;div\\u0026gt;\\n\\u0026lt;br\/\\u0026gt;\\u0026lt;strong\\u0026gt;\ud83c\udf0d Re-using or recycling\\u0026lt;\/strong\\u0026gt;\\u0026lt;br\/\\u0026gt;\\n\\u0026lt;\/div\\u0026gt;\\n\\u0026lt;div\\u0026gt;\\n\\u0026lt;br\/\\u0026gt;\\u0026lt;strong\\u0026gt;\ud83c\udf0f Educating others on reducing their carbon footprints\\u0026nbsp;\\u0026lt;\/strong\\u0026gt;\\u0026lt;br\/\\u0026gt;\\n\\u0026lt;\/div\\u0026gt;\\n\",\"width\":\"Wide\",\"aspect\":\"0\",\"style\":\"2b\",\"firstletter\":\"\",\"gradient\":\"none\",\"spacing\":true,\"previewImage\":\"\",\"lock\":\"\",\"metadata\":\"\",\"className\":\"\",\"TrpContentRestriction\":{\"restriction_type\":\"exclude\",\"selected_languages\":[],\"panel_open\":true}} \/--><!-- wp:puma\/row-text-single {\"content\":\"\\u0026lt;br\/\\u0026gt;\\u0026lt;strong\\u0026gt;To help you understand your carbon footprint, have a look at the:\\u0026lt;\/strong\\u0026gt;\\u0026lt;br\/\\u0026gt;\\n\\u0026lt;br\/\\u0026gt;\ud83d\udc49 Consumer Footprint Calculator (EU)\\u0026lt;br\/\\u0026gt;\\n\\u0026lt;br\/\\u0026gt;\ud83d\udc49 WWF Foorprint Calculator(UK)\\u0026lt;br\/\\u0026gt;\\n\\u0026lt;br\/\\u0026gt;\ud83d\udc49 Carbon Footprint Calculator(US)\\u0026lt;br\/\\u0026gt;\\n\",\"width\":\"Wide\",\"aspect\":\"0\",\"style\":\"2b\",\"firstletter\":\"\",\"gradient\":\"none\",\"spacing\":true,\"previewImage\":\"\",\"lock\":\"\",\"metadata\":\"\",\"className\":\"\",\"TrpContentRestriction\":{\"restriction_type\":\"exclude\",\"selected_languages\":[],\"panel_open\":true}} \/--><!-- wp:puma\/row-text-single {\"content\":\"\\u0026lt;div\\u0026gt;\\n\\u0026lt;br\/\\u0026gt;Gain insight on how we at \\u0026lt;strong\\u0026gt;PUMA strive to be Forever.Better.\\u0026lt;\/strong\\u0026gt; and find all the information about our \\u0026lt;strong\\u0026gt;sustainability efforts!\\u0026lt;\/strong\\u0026gt;\\u0026lt;br\/\\u0026gt;\\n\\u0026lt;\/div\\u0026gt;\\n\\u0026lt;div\\u0026gt;\\n\\u0026lt;br\/\\u0026gt;\ud83c\udf31 \\u0026lt;strong\\u0026gt;Check out our Foreve.Better. website\\u0026lt;\/strong\\u0026gt;\\u0026lt;br\/\\u0026gt;\\n\\u0026lt;\/div\\u0026gt;\\n\",\"width\":\"Wide\",\"aspect\":\"0\",\"style\":\"2b\",\"firstletter\":\"\",\"gradient\":\"none\",\"spacing\":true,\"previewImage\":\"\",\"lock\":\"\",\"metadata\":\"\",\"className\":\"\",\"TrpContentRestriction\":{\"restriction_type\":\"exclude\",\"selected_languages\":[],\"panel_open\":true}} \/--><!-- wp:puma\/row-text-single {\"content\":\"\\u0026lt;div\\u0026gt;\\n\\u0026lt;br\/\\u0026gt;On Earth Day, we remember that the environmental challenges we face affect all of us. So let\\u0026rsquo;s take action to protect our planet and create a sustainable future. \\u0026lt;strong\\u0026gt;Together, we can make a difference and be Forever.Better.\\u0026lt;\/strong\\u0026gt;\\u0026lt;strong\\u0026gt;\\u0026nbsp;\\u0026lt;\/strong\\u0026gt;\\u0026lt;br\/\\u0026gt;\\n\\u0026lt;\/div\\u0026gt;\\n\",\"width\":\"Wide\",\"aspect\":\"0\",\"style\":\"2b\",\"firstletter\":\"\",\"gradient\":\"none\",\"spacing\":true,\"previewImage\":\"\",\"lock\":\"\",\"metadata\":\"\",\"className\":\"\",\"TrpContentRestriction\":{\"restriction_type\":\"exclude\",\"selected_languages\":[],\"panel_open\":true}} \/--><!-- wp:puma\/row-text-single {\"content\":\"\\u0026lt;h2\\u0026gt;What is the Paris Agreement?\\u0026lt;\/h2\\u0026gt;\\n\\u0026lt;p class=\\u0026quot;paragraph\\u0026quot;\\u0026gt;\\u0026lt;span class=\\u0026quot;normaltextrun\\u0026quot;\\u0026gt;\\u0026lt;span lang=\\u0026quot;EN-US\\u0026quot;\\u0026gt;\\u0026lt;span class=\\u0026quot;text-style-4\\u0026quot;\\u0026gt;The Paris Agreement,\\u0026lt;\/span\\u0026gt; adopted in 2015 by the United Nations Framework Convention on Climate Change, is a global agreement aimed at limiting global warming to well below 2\\u0026deg;C above pre-industrial levels, with a target of 1.5\\u0026deg;C. The agreement \\u0026lt;span class=\\u0026quot;text-style-4\\u0026quot;\\u0026gt;sets out a framework for countries to take action\\u0026lt;\/span\\u0026gt; to reduce greenhouse gas emissions and adapt to the impacts of climate change.\\u0026nbsp;\\u0026lt;\/span\\u0026gt;\\u0026lt;\/span\\u0026gt;\\u0026lt;span class=\\u0026quot;eop\\u0026quot;\\u0026gt;\\u0026lt;span lang=\\u0026quot;EN-US\\u0026quot;\\u0026gt;\\u0026nbsp;\\u0026lt;\/span\\u0026gt;\\u0026lt;\/span\\u0026gt;\\u0026lt;\/p\\u0026gt;\\n\",\"width\":\"Wide\",\"style\":\"default\",\"firstletter\":\"\",\"gradient\":\"none\",\"spacing\":true,\"previewImage\":\"\",\"lock\":\"\",\"metadata\":\"\",\"className\":\"\",\"TrpContentRestriction\":{\"restriction_type\":\"exclude\",\"selected_languages\":[],\"panel_open\":true}} \/--><!-- wp:puma\/row-headline {\"h1\":\"Forever.Better.\",\"width\":\"Full\",\"h2\":\"\",\"previewImage\":\"\",\"lock\":\"\",\"metadata\":\"\",\"className\":\"\",\"TrpContentRestriction\":{\"restriction_type\":\"exclude\",\"selected_languages\":[],\"panel_open\":true}} \/--><!-- wp:puma\/row-article-teaser-3 {\"migrateBlock\":true,\"numArticles\":3,\"title\":\"Forever.Better.\",\"icon\":\"\",\"manualArticles\":[{\"id\":49448},{\"id\":45737},{\"id\":37853}],\"mode\":\"manual\",\"articles\":\"\",\"previewImage\":\"\",\"lock\":\"\",\"metadata\":\"\",\"className\":\"\",\"TrpContentRestriction\":{\"restriction_type\":\"exclude\",\"selected_languages\":[],\"panel_open\":true}} \/-->","post_title":"Celebrating Earth Day on April 22","post_excerpt":"\nTomorrow, we celebrate Earth Day! For over 50 years, people have come together on April 22 to honor our planet, to raise awareness and to inspire action for environmental protection. This year\u2019s theme is \u201cINVEST IN OUR PLANET.\u201d\u00a0Find out how we at PUMA invest in our planet and how each of us can contribute to being Forever.Better.\n\n","post_status":"publish","comment_status":"closed","ping_status":"closed","post_password":"","post_name":"celebrating-earth-day-on-april-22","to_ping":"","pinged":"","post_modified":"2025-11-20 08:42:17","post_modified_gmt":"2025-11-20 08:42:17","post_content_filtered":"","post_parent":0,"guid":"https:\/\/www.puma-catchup.com\/?p=49783","menu_order":0,"post_type":"post","post_mime_type":"","comment_count":"0","filter":"raw","ancestors":[],"page_template":"","post_category":[6],"tags_input":[],"id":49783,"author":"4","date":"2023-04-21 09:53:48","date_gmt":"2023-04-21 07:53:48","content":"<!-- wp:puma\/row-post-header {\"image\":{\"id\":18898},\"headline\":\"Celebrating Earth Day\",\"content\":\"Forever.Better. on April 22nd\",\"previewImage\":\"\",\"lock\":\"\",\"metadata\":\"\",\"className\":\"\",\"TrpContentRestriction\":{\"restriction_type\":\"exclude\",\"selected_languages\":[],\"panel_open\":true}} \/--><!-- wp:puma\/row-text-single {\"content\":\"\\u0026lt;div\\u0026gt;\\n\\u0026lt;br\/\\u0026gt;\\u0026lt;b\\u0026gt;Tomorrow, we celebrate \\u0026lt;strong\\u0026gt;Earth Day!\\u0026lt;\/strong\\u0026gt; For over 50 years, people have come together on April 22 to \\u0026lt;strong\\u0026gt;honor our planet\\u0026lt;\/strong\\u0026gt;, to \\u0026lt;strong\\u0026gt;raise awareness\\u0026lt;\/strong\\u0026gt; and to \\u0026lt;strong\\u0026gt;inspire action for environmental protection\\u0026lt;\/strong\\u0026gt;. This year\\u0026rsquo;s theme is \\u0026ldquo;INVEST IN OUR PLANET.\\u0026rdquo;\\u0026nbsp;Find out how we at \\u0026lt;strong\\u0026gt;PUMA invest in our planet\\u0026lt;\/strong\\u0026gt; and \\u0026lt;strong\\u0026gt;how each of us can contribute to being Forever.Better.\\u0026lt;\/strong\\u0026gt;\\u0026lt;\/b\\u0026gt;\\u0026lt;br\/\\u0026gt;\\n\\u0026lt;\/div\\u0026gt;\\n\",\"width\":\"Wide\",\"aspect\":\"0\",\"style\":\"2b\",\"firstletter\":\"\",\"gradient\":\"none\",\"spacing\":true,\"previewImage\":\"\",\"lock\":\"\",\"metadata\":\"\",\"className\":\"\",\"TrpContentRestriction\":{\"restriction_type\":\"exclude\",\"selected_languages\":[],\"panel_open\":true}} \/--><!-- wp:puma\/row-text-single {\"content\":\"\\u0026lt;div\\u0026gt;\\n\\u0026lt;br\/\\u0026gt;This year\\u0026rsquo;s Earth Day theme \\u0026ndash; \\u0026ldquo;Invest in our Planet\\u0026rdquo; \\u0026ndash; highlights the importance of dedicating our time, resources, and energy to \\u0026lt;strong\\u0026gt;solving climate change and other environmental issues.\\u0026lt;\/strong\\u0026gt; Investing in our planet is necessary to protect it and the best way to pave the way towards a \\u0026lt;strong\\u0026gt;sustainable future.\\u0026lt;\/strong\\u0026gt;\\u0026lt;br\/\\u0026gt;\\n\\u0026lt;\/div\\u0026gt;\\n\",\"width\":\"Wide\",\"aspect\":\"0\",\"style\":\"2b\",\"firstletter\":\"\",\"gradient\":\"none\",\"spacing\":true,\"previewImage\":\"\",\"lock\":\"\",\"metadata\":\"\",\"className\":\"\",\"TrpContentRestriction\":{\"restriction_type\":\"exclude\",\"selected_languages\":[],\"panel_open\":true}} \/--><!-- wp:puma\/row-text-single {\"content\":\"\\u0026lt;div\\u0026gt;\\n\\u0026lt;br\/\\u0026gt;One of the most pressing issues the world is facing is climate change. The climate crisis threatens the well-being of our planet, its inhabitants and future generations. As we know, the effects of climate change are becoming \\u0026lt;strong\\u0026gt;increasingly severe\\u0026lt;\/strong\\u0026gt;\\u0026nbsp;and cause a lack of biodiversity, ocean acidification and rising global temperatures. It is vital that we\\u0026lt;strong\\u0026gt; take urgent action\\u0026lt;\/strong\\u0026gt; to address this crisis and support the Paris Agreement.\\u0026nbsp;\\u0026lt;br\/\\u0026gt;\\n\\u0026lt;\/div\\u0026gt;\\n\",\"width\":\"Wide\",\"aspect\":\"0\",\"style\":\"2b\",\"firstletter\":\"\",\"gradient\":\"none\",\"spacing\":true,\"previewImage\":\"\",\"lock\":\"\",\"metadata\":\"\",\"className\":\"\",\"TrpContentRestriction\":{\"restriction_type\":\"exclude\",\"selected_languages\":[],\"panel_open\":true}} \/--><!-- wp:puma\/row-text-single {\"content\":\"\\u0026lt;div\\u0026gt;\\n\\u0026lt;br\/\\u0026gt;\\u0026lt;strong\\u0026gt;At PUMA, we aim to be Forever.Better. \\u0026lt;\/strong\\u0026gt;\\u0026lt;br\/\\u0026gt;\\n\\u0026lt;\/div\\u0026gt;\\n\\u0026lt;div\\u0026gt;\\n\\u0026lt;br\/\\u0026gt;\\u0026lt;strong\\u0026gt;We recognize our responsibility\\u0026lt;\/strong\\u0026gt; and focus on doing the right thing. We are committed to \\u0026lt;strong\\u0026gt;reducing our carbon footprint and becoming a more sustainable company\\u0026lt;\/strong\\u0026gt;. Our largest environmental and social impact is created in our supply chain. Therefore, we\\u0026lt;strong\\u0026gt; are acting by:\\u0026lt;\/strong\\u0026gt;\\u0026lt;br\/\\u0026gt;\\n\\u0026lt;br\/\\u0026gt;\\u0026nbsp;\\u0026lt;br\/\\u0026gt;\\n\\u0026lt;div\\u0026gt;\\n\\u0026lt;br\/\\u0026gt;\\u0026lt;strong\\u0026gt;\ud83c\udf0e Setting new Science-Based Targets (SBT) to reduce our greenhouse gas emissions in line with the Paris Agreement\\u0026lt;\/strong\\u0026gt;\\u0026lt;br\/\\u0026gt;\\n\\u0026lt;br\/\\u0026gt;\\u0026lt;strong\\u0026gt;\ud83c\udf0d Sourcing 100% renewable energy for our operations\\u0026lt;\/strong\\u0026gt;\\u0026lt;br\/\\u0026gt;\\n\\u0026lt;\/div\\u0026gt;\\n\\u0026lt;div\\u0026gt;\\n\\u0026lt;br\/\\u0026gt;\\u0026lt;strong\\u0026gt;\ud83c\udf0f Switching our fleet to electric cars\\u0026lt;\/strong\\u0026gt;\\u0026lt;br\/\\u0026gt;\\n\\u0026lt;\/div\\u0026gt;\\n\\u0026lt;div\\u0026gt;\\n\\u0026lt;br\/\\u0026gt;\\u0026lt;strong\\u0026gt;\ud83c\udf0e Reducing our air freight transport of products\\u0026lt;\/strong\\u0026gt;\\u0026lt;br\/\\u0026gt;\\n\\u0026lt;\/div\\u0026gt;\\n\\u0026lt;div\\u0026gt;\\n\\u0026lt;br\/\\u0026gt;\\u0026lt;strong\\u0026gt;\ud83c\udf0d Working with our suppliers to install rooftop solar PV and phase out coal boilers\\u0026lt;\/strong\\u0026gt;\\u0026lt;br\/\\u0026gt;\\n\\u0026lt;\/div\\u0026gt;\\n\\u0026lt;div\\u0026gt;\\n\\u0026lt;br\/\\u0026gt;\\u0026lt;strong\\u0026gt;\ud83c\udf0f Increasing the percentage of recycled materials in our products\\u0026lt;\/strong\\u0026gt;\\u0026lt;br\/\\u0026gt;\\n\\u0026lt;\/div\\u0026gt;\\n\\u0026lt;\/div\\u0026gt;\\n\",\"width\":\"Wide\",\"aspect\":\"0\",\"style\":\"2b\",\"firstletter\":\"\",\"gradient\":\"none\",\"spacing\":true,\"previewImage\":\"\",\"lock\":\"\",\"metadata\":\"\",\"className\":\"\",\"TrpContentRestriction\":{\"restriction_type\":\"exclude\",\"selected_languages\":[],\"panel_open\":true}} \/--><!-- wp:puma\/row-text-single {\"content\":\"\\u0026lt;div\\u0026gt;\\n\\u0026lt;br\/\\u0026gt;\\u0026lt;strong\\u0026gt;But we cannot do this alone. \\u0026lt;\/strong\\u0026gt;\\u0026lt;br\/\\u0026gt;\\n\\u0026lt;\/div\\u0026gt;\\n\\u0026lt;div\\u0026gt;\\n\\u0026lt;br\/\\u0026gt;Striving for a more sustainable world puts us\\u0026lt;strong\\u0026gt; all on the same team\\u0026lt;\/strong\\u0026gt;, so we need the support of our entire PUMA family. \\u0026lt;strong\\u0026gt;You can actively contribute\\u0026lt;\/strong\\u0026gt; to a better future and reduce your carbon footprint on Earth Day (and every other day of the year) by:\\u0026lt;br\/\\u0026gt;\\n\\u0026lt;br\/\\u0026gt;\\u0026nbsp;\\u0026lt;br\/\\u0026gt;\\n\\u0026lt;\/div\\u0026gt;\\n\\u0026lt;div\\u0026gt;\\n\\u0026lt;br\/\\u0026gt;\\u0026lt;strong\\u0026gt;\ud83c\udf0eFlying less and avoiding short-distance flights\\u0026lt;\/strong\\u0026gt;\\u0026lt;br\/\\u0026gt;\\n\\u0026lt;br\/\\u0026gt;\\u0026lt;strong\\u0026gt;\ud83c\udf0d Using renewable energy at home and using energy efficiently\\u0026lt;\/strong\\u0026gt;\\u0026lt;br\/\\u0026gt;\\n\\u0026lt;\/div\\u0026gt;\\n\\u0026lt;div\\u0026gt;\\n\\u0026lt;br\/\\u0026gt;\\u0026lt;strong\\u0026gt;\ud83c\udf0f Using a bike, public transport or sharing a car to get to the office\\u0026lt;\/strong\\u0026gt;\\u0026lt;br\/\\u0026gt;\\n\\u0026lt;\/div\\u0026gt;\\n\\u0026lt;div\\u0026gt;\\n\\u0026lt;br\/\\u0026gt;\\u0026lt;strong\\u0026gt;\ud83c\udf0e Eating less meat and choosing a plant-based diet\\u0026lt;\/strong\\u0026gt;\\u0026lt;br\/\\u0026gt;\\n\\u0026lt;\/div\\u0026gt;\\n\\u0026lt;div\\u0026gt;\\n\\u0026lt;br\/\\u0026gt;\\u0026lt;strong\\u0026gt;\ud83c\udf0d Re-using or recycling\\u0026lt;\/strong\\u0026gt;\\u0026lt;br\/\\u0026gt;\\n\\u0026lt;\/div\\u0026gt;\\n\\u0026lt;div\\u0026gt;\\n\\u0026lt;br\/\\u0026gt;\\u0026lt;strong\\u0026gt;\ud83c\udf0f Educating others on reducing their carbon footprints\\u0026nbsp;\\u0026lt;\/strong\\u0026gt;\\u0026lt;br\/\\u0026gt;\\n\\u0026lt;\/div\\u0026gt;\\n\",\"width\":\"Wide\",\"aspect\":\"0\",\"style\":\"2b\",\"firstletter\":\"\",\"gradient\":\"none\",\"spacing\":true,\"previewImage\":\"\",\"lock\":\"\",\"metadata\":\"\",\"className\":\"\",\"TrpContentRestriction\":{\"restriction_type\":\"exclude\",\"selected_languages\":[],\"panel_open\":true}} \/--><!-- wp:puma\/row-text-single {\"content\":\"\\u0026lt;br\/\\u0026gt;\\u0026lt;strong\\u0026gt;To help you understand your carbon footprint, have a look at the:\\u0026lt;\/strong\\u0026gt;\\u0026lt;br\/\\u0026gt;\\n\\u0026lt;br\/\\u0026gt;\ud83d\udc49 Consumer Footprint Calculator (EU)\\u0026lt;br\/\\u0026gt;\\n\\u0026lt;br\/\\u0026gt;\ud83d\udc49 WWF Foorprint Calculator(UK)\\u0026lt;br\/\\u0026gt;\\n\\u0026lt;br\/\\u0026gt;\ud83d\udc49 Carbon Footprint Calculator(US)\\u0026lt;br\/\\u0026gt;\\n\",\"width\":\"Wide\",\"aspect\":\"0\",\"style\":\"2b\",\"firstletter\":\"\",\"gradient\":\"none\",\"spacing\":true,\"previewImage\":\"\",\"lock\":\"\",\"metadata\":\"\",\"className\":\"\",\"TrpContentRestriction\":{\"restriction_type\":\"exclude\",\"selected_languages\":[],\"panel_open\":true}} \/--><!-- wp:puma\/row-text-single {\"content\":\"\\u0026lt;div\\u0026gt;\\n\\u0026lt;br\/\\u0026gt;Gain insight on how we at \\u0026lt;strong\\u0026gt;PUMA strive to be Forever.Better.\\u0026lt;\/strong\\u0026gt; and find all the information about our \\u0026lt;strong\\u0026gt;sustainability efforts!\\u0026lt;\/strong\\u0026gt;\\u0026lt;br\/\\u0026gt;\\n\\u0026lt;\/div\\u0026gt;\\n\\u0026lt;div\\u0026gt;\\n\\u0026lt;br\/\\u0026gt;\ud83c\udf31 \\u0026lt;strong\\u0026gt;Check out our Foreve.Better. website\\u0026lt;\/strong\\u0026gt;\\u0026lt;br\/\\u0026gt;\\n\\u0026lt;\/div\\u0026gt;\\n\",\"width\":\"Wide\",\"aspect\":\"0\",\"style\":\"2b\",\"firstletter\":\"\",\"gradient\":\"none\",\"spacing\":true,\"previewImage\":\"\",\"lock\":\"\",\"metadata\":\"\",\"className\":\"\",\"TrpContentRestriction\":{\"restriction_type\":\"exclude\",\"selected_languages\":[],\"panel_open\":true}} \/--><!-- wp:puma\/row-text-single {\"content\":\"\\u0026lt;div\\u0026gt;\\n\\u0026lt;br\/\\u0026gt;On Earth Day, we remember that the environmental challenges we face affect all of us. So let\\u0026rsquo;s take action to protect our planet and create a sustainable future. \\u0026lt;strong\\u0026gt;Together, we can make a difference and be Forever.Better.\\u0026lt;\/strong\\u0026gt;\\u0026lt;strong\\u0026gt;\\u0026nbsp;\\u0026lt;\/strong\\u0026gt;\\u0026lt;br\/\\u0026gt;\\n\\u0026lt;\/div\\u0026gt;\\n\",\"width\":\"Wide\",\"aspect\":\"0\",\"style\":\"2b\",\"firstletter\":\"\",\"gradient\":\"none\",\"spacing\":true,\"previewImage\":\"\",\"lock\":\"\",\"metadata\":\"\",\"className\":\"\",\"TrpContentRestriction\":{\"restriction_type\":\"exclude\",\"selected_languages\":[],\"panel_open\":true}} \/--><!-- wp:puma\/row-text-single {\"content\":\"\\u0026lt;h2\\u0026gt;What is the Paris Agreement?\\u0026lt;\/h2\\u0026gt;\\n\\u0026lt;p class=\\u0026quot;paragraph\\u0026quot;\\u0026gt;\\u0026lt;span class=\\u0026quot;normaltextrun\\u0026quot;\\u0026gt;\\u0026lt;span lang=\\u0026quot;EN-US\\u0026quot;\\u0026gt;\\u0026lt;span class=\\u0026quot;text-style-4\\u0026quot;\\u0026gt;The Paris Agreement,\\u0026lt;\/span\\u0026gt; adopted in 2015 by the United Nations Framework Convention on Climate Change, is a global agreement aimed at limiting global warming to well below 2\\u0026deg;C above pre-industrial levels, with a target of 1.5\\u0026deg;C. The agreement \\u0026lt;span class=\\u0026quot;text-style-4\\u0026quot;\\u0026gt;sets out a framework for countries to take action\\u0026lt;\/span\\u0026gt; to reduce greenhouse gas emissions and adapt to the impacts of climate change.\\u0026nbsp;\\u0026lt;\/span\\u0026gt;\\u0026lt;\/span\\u0026gt;\\u0026lt;span class=\\u0026quot;eop\\u0026quot;\\u0026gt;\\u0026lt;span lang=\\u0026quot;EN-US\\u0026quot;\\u0026gt;\\u0026nbsp;\\u0026lt;\/span\\u0026gt;\\u0026lt;\/span\\u0026gt;\\u0026lt;\/p\\u0026gt;\\n\",\"width\":\"Wide\",\"style\":\"default\",\"firstletter\":\"\",\"gradient\":\"none\",\"spacing\":true,\"previewImage\":\"\",\"lock\":\"\",\"metadata\":\"\",\"className\":\"\",\"TrpContentRestriction\":{\"restriction_type\":\"exclude\",\"selected_languages\":[],\"panel_open\":true}} \/--><!-- wp:puma\/row-headline {\"h1\":\"Forever.Better.\",\"width\":\"Full\",\"h2\":\"\",\"previewImage\":\"\",\"lock\":\"\",\"metadata\":\"\",\"className\":\"\",\"TrpContentRestriction\":{\"restriction_type\":\"exclude\",\"selected_languages\":[],\"panel_open\":true}} \/--><!-- wp:puma\/row-article-teaser-3 {\"migrateBlock\":true,\"numArticles\":3,\"title\":\"Forever.Better.\",\"icon\":\"\",\"manualArticles\":[{\"id\":49448},{\"id\":45737},{\"id\":37853}],\"mode\":\"manual\",\"articles\":\"\",\"previewImage\":\"\",\"lock\":\"\",\"metadata\":\"\",\"className\":\"\",\"TrpContentRestriction\":{\"restriction_type\":\"exclude\",\"selected_languages\":[],\"panel_open\":true}} \/-->","title":"Feier zum Tag der Erde am 22. April","excerpt":"Morgen feiern wir den Tag der Erde! Seit \u00fcber 50 Jahren kommen die Menschen am 22. April zusammen, um unseren Planeten zu ehren, das Bewusstsein zu sch\u00e4rfen und zum Handeln f\u00fcr den Umweltschutz anzuregen. Das diesj\u00e4hrige Thema ist \"INVEST IN OUR PLANET\". Erfahren Sie, wie wir bei PUMA in unseren Planeten investieren und wie jeder von uns dazu beitragen kann, Forever.Better zu sein.","status":"publish","password":"","name":"tag-der-erde-am-22.april-feiern","modified":"2025-11-20 08:42:17","modified_gmt":"2025-11-20 08:42:17","content_filtered":"","parent":0,"type":"post","mime_type":"","template":"","category":[6],"datetime_local":"21. April 2023 um 07:53","date_local":"21. April 2023","time_local":"07:53","slug":"celebrating-earth-day-on-april-22","url":"https:\/\/www.puma-catchup.com\/de\/corporate\/celebrating-earth-day-on-april-22\/","featured_image":{"width":1140,"height":640,"file":"2020\/06\/teaser.jpg","filesize":166241,"sizes":{"medium":{"file":"teaser-300x168.jpg","width":300,"height":168,"mime-type":"image\/jpeg","filesize":12081},"large":{"file":"teaser-1024x575.jpg","width":1024,"height":575,"mime-type":"image\/jpeg","filesize":118301},"thumbnail":{"file":"teaser-150x150.jpg","width":150,"height":150,"mime-type":"image\/jpeg","filesize":5219},"medium_large":{"file":"teaser-768x431.jpg","width":768,"height":431,"mime-type":"image\/jpeg","filesize":70123},"trp-custom-language-flag":{"file":"teaser-18x10.jpg","width":18,"height":10,"mime-type":"image\/jpeg","filesize":436}},"image_meta":{"aperture":"0","credit":"","camera":"","caption":"","created_timestamp":"0","copyright":"","focal_length":"0","iso":"0","shutter_speed":"0","title":"","orientation":"0","keywords":[]},"id":18898,"alt":"","caption":"","description":"","url":"https:\/\/www.puma-catchup.com\/wp-content\/uploads\/2020\/06\/teaser.jpg","title":"Kopfzeile-Nachhaltigkeit","aspect_ratio":1.78125,"focalPointLeft":0.5,"focalPointTop":0},"headline":"Celebrating Earth Day","categories":[{"term_id":6,"name":"Corporate","slug":"corporate","term_group":0,"term_taxonomy_id":6,"taxonomy":"category","description":"","parent":0,"count":133,"filter":"raw","url":"https:\/\/www.puma-catchup.com\/de\/category\/corporate\/"}],"theCategory":{"term_id":6,"name":"Corporate","slug":"corporate","term_group":0,"term_taxonomy_id":6,"taxonomy":"category","description":"","parent":0,"count":133,"filter":"raw","url":"https:\/\/www.puma-catchup.com\/de\/category\/corporate\/"},"isFeaturedArticle":true,"isTopArticle":false},"_links":{"self":[{"href":"https:\/\/www.puma-catchup.com\/de\/wp-json\/wp\/v2\/posts\/49783","targetHints":{"allow":["GET"]}}],"collection":[{"href":"https:\/\/www.puma-catchup.com\/de\/wp-json\/wp\/v2\/posts"}],"about":[{"href":"https:\/\/www.puma-catchup.com\/de\/wp-json\/wp\/v2\/types\/post"}],"author":[{"embeddable":true,"href":"https:\/\/www.puma-catchup.com\/de\/wp-json\/wp\/v2\/users\/4"}],"replies":[{"embeddable":true,"href":"https:\/\/www.puma-catchup.com\/de\/wp-json\/wp\/v2\/comments?post=49783"}],"version-history":[{"count":0,"href":"https:\/\/www.puma-catchup.com\/de\/wp-json\/wp\/v2\/posts\/49783\/revisions"}],"wp:featuredmedia":[{"embeddable":true,"href":"https:\/\/www.puma-catchup.com\/de\/wp-json\/wp\/v2\/media\/18898"}],"wp:attachment":[{"href":"https:\/\/www.puma-catchup.com\/de\/wp-json\/wp\/v2\/media?parent=49783"}],"wp:term":[{"taxonomy":"category","embeddable":true,"href":"https:\/\/www.puma-catchup.com\/de\/wp-json\/wp\/v2\/categories?post=49783"}],"curies":[{"name":"wp","href":"https:\/\/api.w.org\/{rel}","templated":true}]}}