{"id":31570,"date":"2021-11-08T19:03:02","date_gmt":"2021-11-08T18:03:02","guid":{"rendered":"https:\/\/www.puma-catchup.com\/?p=31570"},"modified":"2025-12-03T09:51:31","modified_gmt":"2025-12-03T08:51:31","slug":"puma-commits-to-fight-against-climate-change-at-un-climate-conference-in-glasgow","status":"publish","type":"post","link":"https:\/\/www.puma-catchup.com\/de\/corporate\/puma-commits-to-fight-against-climate-change-at-un-climate-conference-in-glasgow\/","title":{"rendered":"PUMA engagiert sich auf der UN-Klimakonferenz in Glasgow im Kampf gegen den Klimawandel"},"content":{"rendered":"<!-- post header -->\n<div class=\"row rowSingleColumn\">\n    <div class=\"col breadcrumb\">\n        <a href=\"\/de\/\">Startseite<\/a>\/\n        <a href=\"\/de\/category\/corporate\/\">Corporate<\/a>\/\n        PUMA engagiert sich auf der UN-Klimakonferenz in Glasgow im Kampf gegen den Klimawandel\n    <\/div>\n<\/div>\n<div class=\"row rowPostHeaderImage headerImageAnim\">\n    <div class=\"scrollAnim\" \n        id=\"postHeaderImage\"\n         style=\"width:100%;position:relative;overflow:hidden;        aspect-ratio:2        ;\" >\n    <img decoding=\"async\" alt=\"\"\n        class=\"\"\n        src=\"https:\/\/www.puma-catchup.com\/wp-content\/uploads\/2021\/11\/newheaderunclimate.jpg\" style=\"transition: 0.35s all;height:100%;width:100%;        object-position: 50% 0%; object-fit: cover;\"\/>\n        <\/div>\n    \n<\/div>\n<div class=\"row rowSingleColumnWide rowPostHeader\">\n    <div id=\"postHeaderText\" class=\"col tcenter\" >\n        <div class=\"cat\"><a class=\"secondary\" href=\"https:\/\/www.puma-catchup.com\/de\/category\/corporate\/\">Corporate<\/a><\/div>\n        <div id=\"headerSocialIcons\" class=\"headerSocialIcons tleft\">\n            <a class=\"facebook\" href=\"https:\/\/www.facebook.com\/sharer\/sharer.php?u=https%3A%2F%2Fwww.puma-catchup.com%2Fde%2Fcorporate%2Fpuma-commits-to-fight-against-climate-change-at-un-climate-conference-in-glasgow%2F\" target=\"blank\"><\/a>\n            <a class=\"linkedin\" href=\"https:\/\/www.linkedin.com\/sharing\/share-offsite\/?url=https%3A%2F%2Fwww.puma-catchup.com%2Fde%2Fcorporate%2Fpuma-commits-to-fight-against-climate-change-at-un-climate-conference-in-glasgow%2F\" target=\"blank\"><\/a>\n            <a class=\"x\" href=\"https:\/\/twitter.com\/share?url=https:\/\/www.puma-catchup.com\/de\/corporate\/puma-commits-to-fight-against-climate-change-at-un-climate-conference-in-glasgow\/&#038;text=\" target=\"blank\"><\/a>\n            <a class=\"pinterest\" href=\"http:\/\/pinterest.com\/pin\/create\/button\/?url=https%3A%2F%2Fwww.puma-catchup.com%2Fde%2Fcorporate%2Fpuma-commits-to-fight-against-climate-change-at-un-climate-conference-in-glasgow%2F\" target=\"blank\"><\/a>\n        <\/div>\n        <h1 class=\"\" >Keine Zeit zu verlieren<\/h1>\n        <div class=\"articleintro\" >PUMA engagiert sich auf der UN-Klimakonferenz in Glasgow im Kampf gegen den Klimawandel<\/div>\n        <div class=\"date\">8. November 2021 <\/div>\n\n        <div id=\"\" class=\"headerSocialIconsMobile tcenter mobile\">\n            <a class=\"sharing\" id=\"mobileshare\" onclick='navigator.share({ \"title\": &quot;PUMA commits to fight against climate change at UN Climate Conference in Glasgow&quot;, \"text\": &quot;PUMA reiterated its commitment to the fight against climate change and global warming at the United Nations Climate conference in Glasgow this week. With alarming reports about global temperature rises and extreme weather, PUMA recognises the fashion industry\\u2019s important role in decarbonisation.\\nPUMA CEO Bj\\u00f8rn Gulden on Monday joined a panel to talk about the fashion industry\\u2019s path towards becoming carbon neutral and said he was optimistic. But he also called on governments to help companies in their fight.\\n&quot;, \"url\": \"https:\/\/www.puma-catchup.com\/de\/corporate\/puma-commits-to-fight-against-climate-change-at-un-climate-conference-in-glasgow\/\" })'  target=\"blank\"><\/a>\n            <a class=\"facebook\" href=\"https:\/\/www.facebook.com\/sharer\/sharer.php?u=https:\/\/www.puma-catchup.com\/de\/corporate\/puma-commits-to-fight-against-climate-change-at-un-climate-conference-in-glasgow\/\" target=\"blank\"><\/a>\n            <a class=\"linkedin\" href=\"https:\/\/www.linkedin.com\/sharing\/share-offsite\/?url=https:\/\/www.puma-catchup.com\/de\/corporate\/puma-commits-to-fight-against-climate-change-at-un-climate-conference-in-glasgow\/\" target=\"blank\"><\/a>\n            <a class=\"x\" href=\"https:\/\/twitter.com\/share?url=https%3A%2F%2Fwww.puma-catchup.com%2Fde%2Fcorporate%2Fpuma-commits-to-fight-against-climate-change-at-un-climate-conference-in-glasgow%2F&#038;text=\" target=\"blank\"><\/a>\n            <a class=\"pinterest\" href=\"http:\/\/pinterest.com\/pin\/create\/button\/?url=https%3A%2F%2Fwww.puma-catchup.com%2Fde%2Fcorporate%2Fpuma-commits-to-fight-against-climate-change-at-un-climate-conference-in-glasgow%2F\" target=\"blank\"><\/a>\n        <\/div>\n    <\/div>\n<\/div>\n<!-- row text single -->\n<div class=\"gradientnone\">\n<div class=\"row rowSingleColumnWide spacing\">\n    <div class=\"col articleText\">\n        <div class=\"textStyle_2b\" ><span class=\"textStyle_intro\">PUMA hat diese Woche auf der Klimakonferenz der Vereinten Nationen in Glasgow sein Engagement im Kampf gegen den Klimawandel und die globale Erw\u00e4rmung bekr\u00e4ftigt. Angesichts der alarmierenden Berichte \u00fcber den weltweiten Temperaturanstieg und extreme Wetterverh\u00e4ltnisse erkennt PUMA die wichtige Rolle der Modeindustrie bei der Dekarbonisierung an.<\/span>\n<br\/>Der Vorstandsvorsitzende von PUMA, Bj\u00f8rn Gulden, nahm am Montag an einer Podiumsdiskussion teil, um \u00fcber den Weg der Modeindustrie zur Klimaneutralit\u00e4t zu sprechen und zeigte sich optimistisch. Er appellierte aber auch an die Regierungen, die Unternehmen in ihrem Kampf zu unterst\u00fctzen.<br\/>\n<\/div>\n   <\/div>\n<\/div>\n<\/div>\n<!-- row text single -->\n<div class=\"gradientnone\">\n<div class=\"row rowSingleColumnWide spacing\">\n    <div class=\"col articleText\">\n        <div class=\"textStyle_quote\" ><p>Ich w\u00fcrde mir w\u00fcnschen, dass sich die Staaten fest verpflichten, in erneuerbare Energien zu investieren, aus der Kohle auszusteigen und Anreize zu schaffen, um die Initiativen zu unterst\u00fctzen, die in die richtige Richtung gehen. Aber ich bin recht optimistisch f\u00fcr unsere Branche.<\/p>\n<br\/><br\/>Bj\u00f8rn Gulden, PUMA CEO<\/div>\n   <\/div>\n<\/div>\n<\/div>\n<!-- row text single -->\n<div class=\"gradientnone\">\n<div class=\"row rowSingleColumnWide spacing\">\n    <div class=\"col articleText\">\n        <div class=\"textStyle_2b\" ><br\/>PUMA ist ein Vorreiter bei der Reduzierung von Kohlenstoffemissionen, nicht nur in seinen eigenen Unternehmen, sondern auch in der globalen Lieferkette. Das Unternehmen geh\u00f6rt zu den Erstunterzeichnern der Fashion Industry Charter for Cllmate Action, die erstmals im Dezember 2018 in Kattowitz, Polen, vorgestellt wurde und diesen Monat auf der COP26 in Glasgow eine wichtige Aktualisierung erhielt. Die Branche verpflichtet sich nun, ihre Treibhausgase um das Ma\u00df zu reduzieren, das laut Wissenschaftlern notwendig ist, um den globalen Temperaturanstieg auf 1,5 Grad \u00fcber dem vorindustriellen Niveau zu halten.<br\/>\n<br\/>Im Jahr 2019 wird PUMA <strong>ein wissenschaftlich fundiertes Ziel festlegen<\/strong> und verpflichtete sich, seine eigenen Kohlenstoffemissionen und die der eingekauften Energie bis 2030 um 35% zu reduzieren. Im gleichen Zeitraum will PUMA die Kohlenstoffemissionen in seiner Lieferkette um 60% im Verh\u00e4ltnis zum Umsatz reduzieren.<br\/>\n<br\/>Die vollst\u00e4ndige Podiumsdiskussion mit Bj\u00f8rn Gulden k\u00f6nnen Sie sich unten ansehen.<br\/>\n<br\/><iframe loading=\"lazy\" title=\"YouTube-Video-Player\" src=\"https:\/\/www.youtube.com\/embed\/7pVqgnvVngY\" width=\"560\" height=\"315\" frameborder=\"0\" allowfullscreen=\"allowfullscreen\"><\/iframe><br\/>\n<\/div>\n   <\/div>\n<\/div>\n<\/div>\n<!-- row headline -->\n<div class=\"row headlineBlock rowSingleColumnWide\">\n    <div class=\"col\" style=\"margin-bottom: 2px;\">\n        <h2 >Mehr lesen<\/h2>\n    <\/div>\n<\/div>\n\n<div class=\"row articleMulti2 spacing\">\n<\/div>","protected":false},"excerpt":{"rendered":"<p>PUMA hat diese Woche auf der Klimakonferenz der Vereinten Nationen in Glasgow sein Engagement im Kampf gegen den Klimawandel und die globale Erw\u00e4rmung bekr\u00e4ftigt. Angesichts der alarmierenden Berichte \u00fcber den weltweiten Temperaturanstieg und extreme Wetterverh\u00e4ltnisse erkennt PUMA die wichtige Rolle der Modeindustrie bei der Dekarbonisierung an.<br \/>\nDer Vorstandsvorsitzende von PUMA, Bj\u00f8rn Gulden, nahm am Montag an einer Podiumsdiskussion teil, um \u00fcber den Weg der Modeindustrie zur Klimaneutralit\u00e4t zu sprechen und zeigte sich optimistisch. Er appellierte aber auch an die Regierungen, die Unternehmen in ihrem Kampf zu unterst\u00fctzen.<\/p>","protected":false},"author":5,"featured_media":31575,"comment_status":"closed","ping_status":"closed","sticky":false,"template":"","format":"standard","meta":{"is_top_article":false,"is_featured_article":true,"EasyPostViewCounter":16257,"meta-headline":"No time to waste","footnotes":""},"categories":[6],"class_list":["post-31570","post","type-post","status-publish","format-standard","has-post-thumbnail","hentry","category-corporate"],"fullData":{"ID":31570,"post_author":"5","post_date":"2021-11-08 19:03:02","post_date_gmt":"2021-11-08 18:03:02","post_content":"<!-- wp:puma\/row-post-header {\"image\":{\"id\":31575,\"url\":\"https:\/\/www.puma-catchup.com\/wp-content\/uploads\/2021\/11\/newheaderunclimate.jpg\"},\"headline\":\"No time to waste\",\"content\":\"PUMA commits to fight against climate change at UN Climate Conference in Glasgow\",\"previewImage\":\"\",\"lock\":\"\",\"metadata\":\"\",\"className\":\"\",\"TrpContentRestriction\":{\"restriction_type\":\"exclude\",\"selected_languages\":[],\"panel_open\":true}} \/--><!-- wp:puma\/row-text-single {\"content\":\"\\u0026lt;span class=\\u0026quot;textStyle_intro\\u0026quot;\\u0026gt;PUMA reiterated its commitment to the fight against climate change and global warming at the United Nations Climate conference in Glasgow this week. With alarming reports about global temperature rises and extreme weather, PUMA recognises the fashion industry\\u0026rsquo;s important role in decarbonisation.\\u0026lt;\/span\\u0026gt;\\n\\u0026lt;br\/\\u0026gt;PUMA CEO Bj\\u0026oslash;rn Gulden on Monday joined a panel to talk about the fashion industry\\u0026rsquo;s path towards becoming carbon neutral and said he was optimistic. But he also called on governments to help companies in their fight.\\u0026lt;br\/\\u0026gt;\\n\",\"width\":\"Wide\",\"aspect\":\"0\",\"style\":\"2b\",\"firstletter\":\"\",\"gradient\":\"none\",\"spacing\":true,\"previewImage\":\"\",\"lock\":\"\",\"metadata\":\"\",\"className\":\"\",\"TrpContentRestriction\":{\"restriction_type\":\"exclude\",\"selected_languages\":[],\"panel_open\":true}} \/--><!-- wp:puma\/row-text-single {\"content\":\"\\u0026lt;p\\u0026gt;I would like to see that there is a firm commitment from the nations that they invest in renewable energy, move out of coal and create incentives to support the initiatives that are heading in the right direction. But I am quite optimistic for our industry.\\u0026lt;\/p\\u0026gt;\\n\\u0026lt;br\/\\u0026gt;\\u0026lt;br\/\\u0026gt;Bj\\u0026oslash;rn Gulden, PUMA CEO\",\"width\":\"Wide\",\"style\":\"quote\",\"firstletter\":\"\",\"gradient\":\"none\",\"spacing\":true,\"previewImage\":\"\",\"lock\":\"\",\"metadata\":\"\",\"className\":\"\",\"TrpContentRestriction\":{\"restriction_type\":\"exclude\",\"selected_languages\":[],\"panel_open\":true}} \/--><!-- wp:puma\/row-text-single {\"content\":\"\\u0026lt;br\/\\u0026gt;PUMA has been at forefront of reducing carbon emissions, not just of its own entities but also of the global supply chain. The company has been among the first signatories of the Fashion Industry Charter for Cllmate Action, which was first presented \\u0026nbsp;in Katowice, Poland, in December 2018 and which received an important update at COP26 in Glasgow this month. The industry now commits to reducing its greenhouse gases by what scientists say is needed to keep global temperature rises to 1.5 degrees above pre-industrial levels.\\u0026lt;br\/\\u0026gt;\\n\\u0026lt;br\/\\u0026gt;In 2019, PUMA \\u0026lt;strong\\u0026gt;set a science based target\\u0026lt;\/strong\\u0026gt; and committed to reduce its own carbon emissions and those of purchased energy by 35% by 2030. In the same time period, PUMA aims to reduce carbon emissions in its supply chain by 60% relative to sales.\\u0026lt;br\/\\u0026gt;\\n\\u0026lt;br\/\\u0026gt;You can watch the full panel discussion with Bj\\u0026oslash;rn Gulden below.\\u0026lt;br\/\\u0026gt;\\n\\u0026lt;br\/\\u0026gt;\\u0026lt;iframe loading=\\u0026quot;lazy\\u0026quot; title=\\u0026quot;YouTube video player\\u0026quot; src=\\u0026quot;https:\/\/www.youtube.com\/embed\/7pVqgnvVngY\\u0026quot; width=\\u0026quot;560\\u0026quot; height=\\u0026quot;315\\u0026quot; frameborder=\\u0026quot;0\\u0026quot; allowfullscreen=\\u0026quot;allowfullscreen\\u0026quot;\\u0026gt;\\u0026lt;\/iframe\\u0026gt;\\u0026lt;br\/\\u0026gt;\\n\",\"width\":\"Wide\",\"aspect\":\"0\",\"style\":\"2b\",\"firstletter\":\"\",\"gradient\":\"none\",\"spacing\":true,\"previewImage\":\"\",\"lock\":\"\",\"metadata\":\"\",\"className\":\"\",\"TrpContentRestriction\":{\"restriction_type\":\"exclude\",\"selected_languages\":[],\"panel_open\":true}} \/--><!-- wp:puma\/row-headline {\"h1\":\"Read More\",\"width\":\"Wide\",\"h2\":\"\",\"previewImage\":\"\",\"lock\":\"\",\"metadata\":\"\",\"className\":\"\",\"TrpContentRestriction\":{\"restriction_type\":\"exclude\",\"selected_languages\":[],\"panel_open\":true}} \/--><!-- wp:puma\/row-article-multi {\"migrateBlock\":true,\"numArticles\":2,\"title\":\"Read More\",\"icon\":\"\",\"manualArticles\":[{\"id\":25171},{\"id\":24504}],\"mode\":\"manual\",\"aspect\":\"1\",\"category\":[],\"articles\":\"\",\"includeTopStories\":true,\"previewImage\":\"\",\"lock\":\"\",\"metadata\":\"\",\"className\":\"\",\"TrpContentRestriction\":{\"restriction_type\":\"exclude\",\"selected_languages\":[],\"panel_open\":true}} \/-->","post_title":"PUMA commits to fight against climate change at UN Climate Conference in Glasgow","post_excerpt":"PUMA reiterated its commitment to the fight against climate change and global warming at the United Nations Climate conference in Glasgow this week. With alarming reports about global temperature rises and extreme weather, PUMA recognises the fashion industry\u2019s important role in decarbonisation.\nPUMA CEO Bj\u00f8rn Gulden on Monday joined a panel to talk about the fashion industry\u2019s path towards becoming carbon neutral and said he was optimistic. But he also called on governments to help companies in their fight.\n","post_status":"publish","comment_status":"closed","ping_status":"closed","post_password":"","post_name":"puma-commits-to-fight-against-climate-change-at-un-climate-conference-in-glasgow","to_ping":"","pinged":"","post_modified":"2025-12-03 09:51:31","post_modified_gmt":"2025-12-03 08:51:31","post_content_filtered":"","post_parent":0,"guid":"https:\/\/www.puma-catchup.com\/?p=31570","menu_order":0,"post_type":"post","post_mime_type":"","comment_count":"0","filter":"raw","ancestors":[],"page_template":"","post_category":[6],"tags_input":[],"id":31570,"author":"5","date":"2021-11-08 19:03:02","date_gmt":"2021-11-08 18:03:02","content":"<!-- wp:puma\/row-post-header {\"image\":{\"id\":31575,\"url\":\"https:\/\/www.puma-catchup.com\/wp-content\/uploads\/2021\/11\/newheaderunclimate.jpg\"},\"headline\":\"No time to waste\",\"content\":\"PUMA commits to fight against climate change at UN Climate Conference in Glasgow\",\"previewImage\":\"\",\"lock\":\"\",\"metadata\":\"\",\"className\":\"\",\"TrpContentRestriction\":{\"restriction_type\":\"exclude\",\"selected_languages\":[],\"panel_open\":true}} \/--><!-- wp:puma\/row-text-single {\"content\":\"\\u0026lt;span class=\\u0026quot;textStyle_intro\\u0026quot;\\u0026gt;PUMA reiterated its commitment to the fight against climate change and global warming at the United Nations Climate conference in Glasgow this week. With alarming reports about global temperature rises and extreme weather, PUMA recognises the fashion industry\\u0026rsquo;s important role in decarbonisation.\\u0026lt;\/span\\u0026gt;\\n\\u0026lt;br\/\\u0026gt;PUMA CEO Bj\\u0026oslash;rn Gulden on Monday joined a panel to talk about the fashion industry\\u0026rsquo;s path towards becoming carbon neutral and said he was optimistic. But he also called on governments to help companies in their fight.\\u0026lt;br\/\\u0026gt;\\n\",\"width\":\"Wide\",\"aspect\":\"0\",\"style\":\"2b\",\"firstletter\":\"\",\"gradient\":\"none\",\"spacing\":true,\"previewImage\":\"\",\"lock\":\"\",\"metadata\":\"\",\"className\":\"\",\"TrpContentRestriction\":{\"restriction_type\":\"exclude\",\"selected_languages\":[],\"panel_open\":true}} \/--><!-- wp:puma\/row-text-single {\"content\":\"\\u0026lt;p\\u0026gt;I would like to see that there is a firm commitment from the nations that they invest in renewable energy, move out of coal and create incentives to support the initiatives that are heading in the right direction. But I am quite optimistic for our industry.\\u0026lt;\/p\\u0026gt;\\n\\u0026lt;br\/\\u0026gt;\\u0026lt;br\/\\u0026gt;Bj\\u0026oslash;rn Gulden, PUMA CEO\",\"width\":\"Wide\",\"style\":\"quote\",\"firstletter\":\"\",\"gradient\":\"none\",\"spacing\":true,\"previewImage\":\"\",\"lock\":\"\",\"metadata\":\"\",\"className\":\"\",\"TrpContentRestriction\":{\"restriction_type\":\"exclude\",\"selected_languages\":[],\"panel_open\":true}} \/--><!-- wp:puma\/row-text-single {\"content\":\"\\u0026lt;br\/\\u0026gt;PUMA has been at forefront of reducing carbon emissions, not just of its own entities but also of the global supply chain. The company has been among the first signatories of the Fashion Industry Charter for Cllmate Action, which was first presented \\u0026nbsp;in Katowice, Poland, in December 2018 and which received an important update at COP26 in Glasgow this month. The industry now commits to reducing its greenhouse gases by what scientists say is needed to keep global temperature rises to 1.5 degrees above pre-industrial levels.\\u0026lt;br\/\\u0026gt;\\n\\u0026lt;br\/\\u0026gt;In 2019, PUMA \\u0026lt;strong\\u0026gt;set a science based target\\u0026lt;\/strong\\u0026gt; and committed to reduce its own carbon emissions and those of purchased energy by 35% by 2030. In the same time period, PUMA aims to reduce carbon emissions in its supply chain by 60% relative to sales.\\u0026lt;br\/\\u0026gt;\\n\\u0026lt;br\/\\u0026gt;You can watch the full panel discussion with Bj\\u0026oslash;rn Gulden below.\\u0026lt;br\/\\u0026gt;\\n\\u0026lt;br\/\\u0026gt;\\u0026lt;iframe loading=\\u0026quot;lazy\\u0026quot; title=\\u0026quot;YouTube video player\\u0026quot; src=\\u0026quot;https:\/\/www.youtube.com\/embed\/7pVqgnvVngY\\u0026quot; width=\\u0026quot;560\\u0026quot; height=\\u0026quot;315\\u0026quot; frameborder=\\u0026quot;0\\u0026quot; allowfullscreen=\\u0026quot;allowfullscreen\\u0026quot;\\u0026gt;\\u0026lt;\/iframe\\u0026gt;\\u0026lt;br\/\\u0026gt;\\n\",\"width\":\"Wide\",\"aspect\":\"0\",\"style\":\"2b\",\"firstletter\":\"\",\"gradient\":\"none\",\"spacing\":true,\"previewImage\":\"\",\"lock\":\"\",\"metadata\":\"\",\"className\":\"\",\"TrpContentRestriction\":{\"restriction_type\":\"exclude\",\"selected_languages\":[],\"panel_open\":true}} \/--><!-- wp:puma\/row-headline {\"h1\":\"Read More\",\"width\":\"Wide\",\"h2\":\"\",\"previewImage\":\"\",\"lock\":\"\",\"metadata\":\"\",\"className\":\"\",\"TrpContentRestriction\":{\"restriction_type\":\"exclude\",\"selected_languages\":[],\"panel_open\":true}} \/--><!-- wp:puma\/row-article-multi {\"migrateBlock\":true,\"numArticles\":2,\"title\":\"Read More\",\"icon\":\"\",\"manualArticles\":[{\"id\":25171},{\"id\":24504}],\"mode\":\"manual\",\"aspect\":\"1\",\"category\":[],\"articles\":\"\",\"includeTopStories\":true,\"previewImage\":\"\",\"lock\":\"\",\"metadata\":\"\",\"className\":\"\",\"TrpContentRestriction\":{\"restriction_type\":\"exclude\",\"selected_languages\":[],\"panel_open\":true}} \/-->","title":"PUMA engagiert sich auf der UN-Klimakonferenz in Glasgow im Kampf gegen den Klimawandel","excerpt":"PUMA hat diese Woche auf der Klimakonferenz der Vereinten Nationen in Glasgow sein Engagement im Kampf gegen den Klimawandel und die globale Erw\u00e4rmung bekr\u00e4ftigt. Angesichts der alarmierenden Berichte \u00fcber den globalen Temperaturanstieg und extreme Wetterbedingungen erkennt PUMA die wichtige Rolle der Modeindustrie bei der Dekarbonisierung an.\nBj\u00f8rn Gulden, CEO von PUMA, nahm am Montag an einer Podiumsdiskussion teil, um \u00fcber den Weg der Modeindustrie zur Klimaneutralit\u00e4t zu sprechen, und zeigte sich optimistisch. Er rief aber auch die Regierungen dazu auf, die Unternehmen in ihrem Kampf zu unterst\u00fctzen.","status":"publish","password":"","name":"puma-verpflichtet-sich-zum-kampf-gegen-den-klimawandel-auf-der-un-klimakonferenz-in-glasgow","modified":"2025-12-03 09:51:31","modified_gmt":"2025-12-03 08:51:31","content_filtered":"","parent":0,"type":"post","mime_type":"","template":"","category":[6],"datetime_local":"8. November 2021 um 18:03","date_local":"8. November 2021","time_local":"18:03","slug":"puma-commits-to-fight-against-climate-change-at-un-climate-conference-in-glasgow","url":"https:\/\/www.puma-catchup.com\/de\/corporate\/puma-commits-to-fight-against-climate-change-at-un-climate-conference-in-glasgow\/","featured_image":{"width":1140,"height":640,"file":"2021\/11\/newheaderunclimate.jpg","filesize":126420,"sizes":{"medium":{"file":"newheaderunclimate-300x168.jpg","width":300,"height":168,"mime-type":"image\/jpeg","filesize":14024},"large":{"file":"newheaderunclimate-1024x575.jpg","width":1024,"height":575,"mime-type":"image\/jpeg","filesize":99173},"thumbnail":{"file":"newheaderunclimate-150x150.jpg","width":150,"height":150,"mime-type":"image\/jpeg","filesize":8168},"medium_large":{"file":"newheaderunclimate-768x431.jpg","width":768,"height":431,"mime-type":"image\/jpeg","filesize":63322},"trp-custom-language-flag":{"file":"newheaderunclimate-18x10.jpg","width":18,"height":10,"mime-type":"image\/jpeg","filesize":507}},"image_meta":{"aperture":"0","credit":"","camera":"","caption":"","created_timestamp":"0","copyright":"","focal_length":"0","iso":"0","shutter_speed":"0","title":"","orientation":"0","keywords":[]},"id":31575,"alt":"","caption":"","description":"","url":"https:\/\/www.puma-catchup.com\/wp-content\/uploads\/2021\/11\/newheaderunclimate.jpg","title":"newheaderunclimate","aspect_ratio":1.78125,"focalPointLeft":0.5,"focalPointTop":0},"headline":"No time to waste","categories":[{"term_id":6,"name":"Corporate","slug":"corporate","term_group":0,"term_taxonomy_id":6,"taxonomy":"category","description":"","parent":0,"count":133,"filter":"raw","url":"https:\/\/www.puma-catchup.com\/de\/category\/corporate\/"}],"theCategory":{"term_id":6,"name":"Corporate","slug":"corporate","term_group":0,"term_taxonomy_id":6,"taxonomy":"category","description":"","parent":0,"count":133,"filter":"raw","url":"https:\/\/www.puma-catchup.com\/de\/category\/corporate\/"},"isFeaturedArticle":true,"isTopArticle":false},"_links":{"self":[{"href":"https:\/\/www.puma-catchup.com\/de\/wp-json\/wp\/v2\/posts\/31570","targetHints":{"allow":["GET"]}}],"collection":[{"href":"https:\/\/www.puma-catchup.com\/de\/wp-json\/wp\/v2\/posts"}],"about":[{"href":"https:\/\/www.puma-catchup.com\/de\/wp-json\/wp\/v2\/types\/post"}],"author":[{"embeddable":true,"href":"https:\/\/www.puma-catchup.com\/de\/wp-json\/wp\/v2\/users\/5"}],"replies":[{"embeddable":true,"href":"https:\/\/www.puma-catchup.com\/de\/wp-json\/wp\/v2\/comments?post=31570"}],"version-history":[{"count":0,"href":"https:\/\/www.puma-catchup.com\/de\/wp-json\/wp\/v2\/posts\/31570\/revisions"}],"wp:featuredmedia":[{"embeddable":true,"href":"https:\/\/www.puma-catchup.com\/de\/wp-json\/wp\/v2\/media\/31575"}],"wp:attachment":[{"href":"https:\/\/www.puma-catchup.com\/de\/wp-json\/wp\/v2\/media?parent=31570"}],"wp:term":[{"taxonomy":"category","embeddable":true,"href":"https:\/\/www.puma-catchup.com\/de\/wp-json\/wp\/v2\/categories?post=31570"}],"curies":[{"name":"wp","href":"https:\/\/api.w.org\/{rel}","templated":true}]}}