{"id":14626,"date":"2019-10-28T15:35:05","date_gmt":"2019-10-28T14:35:05","guid":{"rendered":"https:\/\/www.puma-catchup.com\/?p=14626"},"modified":"2025-09-19T14:57:34","modified_gmt":"2025-09-19T14:57:34","slug":"a-well-deserved-title-for-puma-athlete-karsten-warholm","status":"publish","type":"post","link":"https:\/\/www.puma-catchup.com\/de\/sports\/a-well-deserved-title-for-puma-athlete-karsten-warholm\/","title":{"rendered":"Ein wohlverdienter Titel f\u00fcr PUMA-Athlet Karsten Warholm!"},"content":{"rendered":"<!-- post header -->\n<div class=\"row rowSingleColumn\">\n    <div class=\"col breadcrumb\">\n        <a href=\"\/de\/\">Startseite<\/a>\/\n        <a href=\"\/de\/category\/sports\/\">Sport<\/a>\/\n        Ein wohlverdienter Titel f\u00fcr PUMA-Athlet Karsten Warholm!\n    <\/div>\n<\/div>\n<div class=\"row rowPostHeaderImage headerImageAnim\">\n    <div class=\"scrollAnim\" \n        id=\"postHeaderImage\"\n         style=\"width:100%;position:relative;overflow:hidden;        aspect-ratio:2        ;\" >\n    <img decoding=\"async\" alt=\"\"\n        class=\"\"\n        src=\"https:\/\/www.puma-catchup.com\/wp-content\/uploads\/2019\/10\/H2-Warholm.jpg\" style=\"transition: 0.35s all;height:100%;width:100%;        object-position: 50% 0%; object-fit: cover;\"\/>\n        <\/div>\n    \n<\/div>\n<div class=\"row rowSingleColumnWide rowPostHeader\">\n    <div id=\"postHeaderText\" class=\"col tcenter\" >\n        <div class=\"cat\"><a class=\"secondary\" href=\"https:\/\/www.puma-catchup.com\/de\/category\/sports\/\">Sport<\/a><\/div>\n        <div id=\"headerSocialIcons\" class=\"headerSocialIcons tleft\">\n            <a class=\"facebook\" href=\"https:\/\/www.facebook.com\/sharer\/sharer.php?u=https%3A%2F%2Fwww.puma-catchup.com%2Fde%2Fsports%2Fa-well-deserved-title-for-puma-athlete-karsten-warholm%2F\" target=\"blank\"><\/a>\n            <a class=\"linkedin\" href=\"https:\/\/www.linkedin.com\/sharing\/share-offsite\/?url=https%3A%2F%2Fwww.puma-catchup.com%2Fde%2Fsports%2Fa-well-deserved-title-for-puma-athlete-karsten-warholm%2F\" target=\"blank\"><\/a>\n            <a class=\"x\" href=\"https:\/\/twitter.com\/share?url=https:\/\/www.puma-catchup.com\/de\/sports\/a-well-deserved-title-for-puma-athlete-karsten-warholm\/&#038;text=\" target=\"blank\"><\/a>\n            <a class=\"pinterest\" href=\"http:\/\/pinterest.com\/pin\/create\/button\/?url=https%3A%2F%2Fwww.puma-catchup.com%2Fde%2Fsports%2Fa-well-deserved-title-for-puma-athlete-karsten-warholm%2F\" target=\"blank\"><\/a>\n        <\/div>\n        <h1 class=\"\" >Karsten Warholm, Europas Leichtathlet des Jahres!<\/h1>\n        <div class=\"articleintro\" >Ein wohlverdienter Titel f\u00fcr den PUMA-Athleten und Weltklasse-H\u00fcrdenl\u00e4ufer!<\/div>\n        <div class=\"date\">28. Oktober 2019 <\/div>\n\n        <div id=\"\" class=\"headerSocialIconsMobile tcenter mobile\">\n            <a class=\"sharing\" id=\"mobileshare\" onclick='navigator.share({ \"title\": &quot;A well-deserved title for PUMA athlete Karsten Warholm!&quot;, \"text\": &quot;2019 simply is his year: PUMA athlete Karsten Warholm was crowned European Male Athlete of the Year 2019 at the annual Golden Tracks award ceremony that took place in Tallinn, Estonia on Saturday for his unique performance this year.\\n&quot;, \"url\": \"https:\/\/www.puma-catchup.com\/de\/sports\/a-well-deserved-title-for-puma-athlete-karsten-warholm\/\" })'  target=\"blank\"><\/a>\n            <a class=\"facebook\" href=\"https:\/\/www.facebook.com\/sharer\/sharer.php?u=https:\/\/www.puma-catchup.com\/de\/sports\/a-well-deserved-title-for-puma-athlete-karsten-warholm\/\" target=\"blank\"><\/a>\n            <a class=\"linkedin\" href=\"https:\/\/www.linkedin.com\/sharing\/share-offsite\/?url=https:\/\/www.puma-catchup.com\/de\/sports\/a-well-deserved-title-for-puma-athlete-karsten-warholm\/\" target=\"blank\"><\/a>\n            <a class=\"x\" href=\"https:\/\/twitter.com\/share?url=https%3A%2F%2Fwww.puma-catchup.com%2Fde%2Fsports%2Fa-well-deserved-title-for-puma-athlete-karsten-warholm%2F&#038;text=\" target=\"blank\"><\/a>\n            <a class=\"pinterest\" href=\"http:\/\/pinterest.com\/pin\/create\/button\/?url=https%3A%2F%2Fwww.puma-catchup.com%2Fde%2Fsports%2Fa-well-deserved-title-for-puma-athlete-karsten-warholm%2F\" target=\"blank\"><\/a>\n        <\/div>\n    <\/div>\n<\/div>\n<!-- row text single -->\n<div class=\"gradientnone\">\n<div class=\"row rowSingleColumnWide spacing\">\n    <div class=\"col articleText\">\n        <div class=\"textStyle_2b\" ><span class=\"textStyle_intro\">2019 ist einfach sein Jahr: PUMA-Athlet Karsten Warholm wurde bei der j\u00e4hrlichen Verleihung der Golden Tracks am Samstag in Tallinn, Estland, f\u00fcr seine einzigartige Leistung in diesem Jahr zu Europas m\u00e4nnlichem Sportler des Jahres 2019 gek\u00fcrt.<\/span>\n<\/div>\n   <\/div>\n<\/div>\n<\/div>\n<!-- row text single -->\n<div class=\"gradientnone\">\n<div class=\"row rowSingleColumnWide spacing\">\n    <div class=\"col articleText\">\n        <div class=\"textStyle_2b\" ><br\/>Und darauf kann er wirklich stolz sein: Er verteidigte seine <strong>Weltmeistertitel \u00fcber 400 m H\u00fcrden<\/strong> vor ein paar Wochen in Doha und f\u00fchrte die <strong>zweitschnellste Zeit der Geschichte<\/strong> mit 46,92 Sekunden in Z\u00fcrich in diesem Sommer. Er ist auch <strong>in 18 Rennen \u00fcber alle Distanzen ungeschlagen<\/strong> im Jahr 2019, brach die <strong>Europ\u00e4ischer Rekord<\/strong> drei Mal in diesem Jahr und ist der <strong>Diamond League Champion<\/strong> von 2019.<br\/>\n<\/div>\n   <\/div>\n<\/div>\n<\/div>\n<!-- row text single -->\n<div class=\"gradientnone\">\n<div class=\"row rowSingleColumnWide spacing\">\n    <div class=\"col articleText\">\n        <div class=\"textStyle_2b\" ><blockquote class=\"instagram-media\" style=\"background: #FFF; border: 0; border-radius: 3px; box-shadow: 0 0 1px 0 rgba(0,0,0,0.5),0 1px 10px 0 rgba(0,0,0,0.15); margin: 1px; max-width: 540px; min-width: 326px; padding: 0; width: calc(100% - 2px);\" data-instgrm-captioned=\"\" data-instgrm-permalink=\"https:\/\/www.instagram.com\/p\/B4F8PBtAM7j\/?utm_source=ig_embed&#038;utm_campaign=loading\" data-instgrm-version=\"12\">\n<div style=\"padding: 16px;\">\n<br\/>\u00a0<br\/>\n<div style=\"display: flex; flex-direction: row; align-items: center;\">\n<div style=\"background-color: #f4f4f4; border-radius: 50%; flex-grow: 0; height: 40px; margin-right: 14px; width: 40px;\"><\/div>\n<div style=\"display: flex; flex-direction: column; flex-grow: 1; justify-content: center;\">\n<div style=\"background-color: #f4f4f4; border-radius: 4px; flex-grow: 0; height: 14px; margin-bottom: 6px; width: 100px;\"><\/div>\n<div style=\"background-color: #f4f4f4; border-radius: 4px; flex-grow: 0; height: 14px; width: 60px;\"><\/div>\n<\/div>\n<\/div>\n<div style=\"padding: 19% 0;\"><\/div>\n<div style=\"display: block; height: 50px; margin: 0 auto 12px; width: 50px;\"><\/div>\n<div style=\"padding-top: 8px;\">\n<div style=\"color: #3897f0; font-family: Arial,sans-serif; font-size: 14px; font-style: normal; font-weight: 550; line-height: 18px;\">Sieh dir diesen Beitrag auf Instagram an<\/div>\n<\/div>\n<div style=\"padding: 12.5% 0;\"><\/div>\n<div style=\"display: flex; flex-direction: row; margin-bottom: 14px; align-items: center;\">\n<div>\n<div style=\"background-color: #f4f4f4; border-radius: 50%; height: 12.5px; width: 12.5px; transform: translateX(0px) translateY(7px);\"><\/div>\n<div style=\"background-color: #f4f4f4; height: 12.5px; transform: rotate(-45deg) translateX(3px) translateY(1px); width: 12.5px; flex-grow: 0; margin-right: 14px; margin-left: 2px;\"><\/div>\n<div style=\"background-color: #f4f4f4; border-radius: 50%; height: 12.5px; width: 12.5px; transform: translateX(9px) translateY(-18px);\"><\/div>\n<\/div>\n<div style=\"margin-left: 8px;\">\n<div style=\"background-color: #f4f4f4; border-radius: 50%; flex-grow: 0; height: 20px; width: 20px;\"><\/div>\n<div style=\"width: 0; height: 0; border-top: 2px solid transparent; border-left: 6px solid #f4f4f4; border-bottom: 2px solid transparent; transform: translateX(16px) translateY(-4px) rotate(30deg);\"><\/div>\n<\/div>\n<div style=\"margin-left: auto;\">\n<div style=\"width: 0px; border-top: 8px solid #F4F4F4; border-right: 8px solid transparent; transform: translateY(16px);\"><\/div>\n<div style=\"background-color: #f4f4f4; flex-grow: 0; height: 12px; width: 16px; transform: translateY(-4px);\"><\/div>\n<div style=\"width: 0; height: 0; border-top: 8px solid #F4F4F4; border-left: 8px solid transparent; transform: translateY(-4px) translateX(8px);\"><\/div>\n<\/div>\n<\/div>\n<br\/>\u00a0<br\/>\n<br\/>EUROP\u00c4ISCHER LEICHTATHLET DES JAHRES BEI DEN M\u00c4NNERN. Danke an meinen Trainer, mein Team, meine Sponsoren, meine Familie und @europeanathletics ? Ich bin sehr proud\u2764\ufe0f<br\/>\n<br\/>Ein Beitrag geteilt von Karsten Warholm (@kwarholm) am Okt 26, 2019 um 12:16 PDT<br\/>\n<\/div>\n<\/blockquote>\n<br\/><br\/>\n<\/div>\n   <\/div>\n<\/div>\n<\/div>\n<!-- row text single -->\n<div class=\"gradientnone\">\n<div class=\"row rowSingleColumnWide spacing\">\n    <div class=\"col articleText\">\n        <div class=\"textStyle_2b\" ><br\/>Die <strong>Troph\u00e4e f\u00fcr Europas Sportler des Jahres<\/strong> wird jedes Jahr an Sportlerinnen und Sportler in der Leichtathletik verliehen. A <strong>Shortlist<\/strong> erstellt, bei dem die besten europ\u00e4ischen Athleten in jeder Disziplin auf der Grundlage der Leistungen bei den wichtigsten Meisterschaften des Jahres ausgew\u00e4hlt werden. Fans, Medien und Mitglieder der Verb\u00e4nde der European Athletic Association (EAA) k\u00f6nnen dann online f\u00fcr ihren Lieblingssportler abstimmen. Karsten Warholm wurde zusammen mit den Weltmeistern Pawel Fajdek aus Polen (Hammerwurf), dem Schweden Daniel Stahl (Diskuswurf) und dem Esten Magus Kirt, dem Weltmeister im Speerwurf, f\u00fcr die Troph\u00e4e bei den M\u00e4nnern nominiert.<br\/>\n<br\/><strong>\u201cMein Plan ist es, die gute Arbeit fortzusetzen. Ich wei\u00df, dass Leistungen im Training erbracht werden, und hier werde ich gute Arbeit leisten\u201d.\u201d<\/strong> <strong>Karsten<\/strong> sagte Reportern mit Blick auf 2020, denn das n\u00e4chste gro\u00dfe Ereignis steht vor der T\u00fcr: Die <strong>Olympische Spiele in Tokio<\/strong>, wo Karsten nat\u00fcrlich versuchen wird, seine Erfolgsgeschichte fortzusetzen!<br\/>\n<\/div>\n   <\/div>\n<\/div>\n<\/div>\n<!-- row text single -->\n<div class=\"gradientnone\">\n<div class=\"row rowSingleColumnWide spacing\">\n    <div class=\"col articleText\">\n        <div class=\"textStyle_default\" ><h2>Karriere-Statistiken<\/h2>\n<ul>\n<li>Weltmeisterin 2017 &amp; 2019 \u00fcber 400m H\u00fcrden<\/li>\n<li>Europameisterin 2018 \u00fcber 400m H\u00fcrden<\/li>\n<li>Hallen-Europameisterin 2019 \u00fcber 400m<\/li>\n<li>Diamond League Champion 2019<\/li>\n<li>Europ\u00e4ischer Recorld-Inhaber<\/li>\n<\/ul>\n<p>\u00a0<\/p>\n<\/div>\n   <\/div>\n<\/div>\n<\/div>\n\n<div class=\"row articleMulti1 spacing\">\n\t    <div class=\"col articleTeaser\" >\n\t\t\t<a class=\"hoverzooma  scrollAnim\" href=\"https:\/\/www.puma-catchup.com\/de\/sports\/congrats-to-our-world-champion-over-400m-hurdles-karsten-warholm\/\" \n\t\t\t     tabindex=\"-1\" \n\t\t\t    id=\"14337\"\n\t\t\t     style=\"width:100%;position:relative;overflow:hidden;\t\t\t    aspect-ratio:1\t\t\t    ;\" >\n\t\t\t<img decoding=\"async\" alt=\"\"\n\t\t\t    class=\"hoverZoom\"\n\t\t\t    src=\"https:\/\/www.puma-catchup.com\/wp-content\/uploads\/2019\/10\/H2-Warholm.jpg\" style=\"transition: 0.35s all;height:100%;width:100%;\t\t\t    object-position: 50% 0%; object-fit: cover;\"\/>\n\t\t\t<\/a>\n\t\t\t\n\t\t\t<a href=\"https:\/\/www.puma-catchup.com\/de\/category\/sports\/\" class=\"secondary2\" style=\"margin-top: 17px;\">Sport<\/a>\n\t        <h4>Herzlichen Gl\u00fcckwunsch an unseren Weltmeister \u00fcber 400m H\u00fcrden, Karsten Warholm!<\/h4>\n\t\t\t<div class=\"description shortExcerpt\">\n\t\t\t\tWeltklasse-H\u00fcrdenl\u00e4ufer und PUMA-Athlet Karsten Warholm hat es wieder geschafft: Nachdem er vor zwei Jahren in London zum ersten Mal Weltmeister wurde, hat er seinen Titel \u00fcber 400m H\u00fcrden bei den Leichtathletik-Weltmeisterschaften in Doha, Katar, erfolgreich verteidigt!\n\n\t\t\t<\/div>\n\t\t\t<a class=\"primary\" href=\"https:\/\/www.puma-catchup.com\/de\/sports\/congrats-to-our-world-champion-over-400m-hurdles-karsten-warholm\/\" data-no-translation=\"\" data-trp-gettext=\"\">Story lesen<\/a>\n\t\t<\/div>\n<\/div>","protected":false},"excerpt":{"rendered":"<p>2019 ist einfach sein Jahr: PUMA-Athlet Karsten Warholm wurde bei der j\u00e4hrlichen Verleihung der Golden Tracks am Samstag in Tallinn, Estland, f\u00fcr seine einzigartige Leistung in diesem Jahr zu Europas m\u00e4nnlichem Sportler des Jahres 2019 gek\u00fcrt.<\/p>","protected":false},"author":4,"featured_media":14346,"comment_status":"closed","ping_status":"closed","sticky":false,"template":"","format":"standard","meta":{"is_top_article":true,"is_featured_article":true,"EasyPostViewCounter":9644,"meta-headline":"","footnotes":""},"categories":[18],"class_list":["post-14626","post","type-post","status-publish","format-standard","has-post-thumbnail","hentry","category-sports"],"fullData":{"ID":14626,"post_author":"4","post_date":"2019-10-28 15:35:05","post_date_gmt":"2019-10-28 14:35:05","post_content":"<!-- wp:puma\/row-post-header {\"image\":{\"width\":1140,\"height\":640,\"file\":\"2019\/10\/H2-Warholm.jpg\",\"filesize\":51091,\"sizes\":{\"medium\":{\"file\":\"H2-Warholm-300x168.jpg\",\"width\":300,\"height\":168,\"mime-type\":\"image\/jpeg\",\"filesize\":8312},\"large\":{\"file\":\"H2-Warholm-1024x575.jpg\",\"width\":1024,\"height\":575,\"mime-type\":\"image\/jpeg\",\"filesize\":53096},\"thumbnail\":{\"file\":\"H2-Warholm-150x150.jpg\",\"width\":150,\"height\":150,\"mime-type\":\"image\/jpeg\",\"filesize\":4830},\"medium_large\":{\"file\":\"H2-Warholm-768x431.jpg\",\"width\":768,\"height\":431,\"mime-type\":\"image\/jpeg\",\"filesize\":32862},\"trp-custom-language-flag\":{\"file\":\"H2-Warholm-18x10.jpg\",\"width\":18,\"height\":10,\"mime-type\":\"image\/jpeg\",\"filesize\":467}},\"image_meta\":{\"aperture\":\"0\",\"credit\":\"\",\"camera\":\"\",\"caption\":\"\",\"created_timestamp\":\"0\",\"copyright\":\"\",\"focal_length\":\"0\",\"iso\":\"0\",\"shutter_speed\":\"0\",\"title\":\"\",\"orientation\":\"0\",\"keywords\":[]},\"id\":14346,\"alt\":\"\",\"caption\":\"\",\"description\":\"\",\"url\":\"https:\/\/www.puma-catchup.com\/wp-content\/uploads\/2019\/10\/H2-Warholm.jpg\",\"title\":\"H2-Warholm\",\"aspect_ratio\":1.78125,\"focalPointLeft\":0.5,\"focalPointTop\":0},\"headline\":\"Karsten Warholm, European Athlete of the Year!\",\"content\":\"A well-deserved title for the PUMA athlete and world class hurdler!\"} \/--><!-- wp:puma\/row-text-single {\"content\":\"\\u003cspan class=\\u0022textStyle_intro\\u0022\\u003e2019 simply is his year: PUMA athlete Karsten Warholm was crowned European Male Athlete of the Year 2019 at the annual Golden Tracks award ceremony that took place in Tallinn, Estonia on Saturday for his unique performance this year.\\u003c\/span\\u003e\\n\",\"width\":\"Wide\",\"aspect\":\"0\",\"style\":\"2b\"} \/--><!-- wp:puma\/row-text-single {\"content\":\"\\u0026lt;br\/\\u0026gt;And that\u2019s really something he can be proud of: he defended his \\u0026lt;strong\\u0026gt;world 400m hurdles title\\u0026lt;\/strong\\u0026gt; in Doha a few weeks ago and ran the \\u0026lt;strong\\u0026gt;second fastest time in history\\u0026lt;\/strong\\u0026gt; with 46.92 seconds in Zurich this summer. He is also \\u0026lt;strong\\u0026gt;unbeaten in 18 races across all distances\\u0026lt;\/strong\\u0026gt; in 2019, broke the \\u0026lt;strong\\u0026gt;European Record\\u0026lt;\/strong\\u0026gt; three times this year and is the \\u0026lt;strong\\u0026gt;Diamond League Champion\\u0026lt;\/strong\\u0026gt; of 2019.\\u0026lt;br\/\\u0026gt;\\n\",\"width\":\"Wide\",\"aspect\":\"0\",\"style\":\"2b\"} \/--><!-- wp:puma\/row-text-single {\"content\":\"\\u003cblockquote class=\\u0022instagram-media\\u0022 style=\\u0022background: #FFF; border: 0; border-radius: 3px; box-shadow: 0 0 1px 0 rgba(0,0,0,0.5),0 1px 10px 0 rgba(0,0,0,0.15); margin: 1px; max-width: 540px; min-width: 326px; padding: 0; width: calc(100% - 2px);\\u0022 data-instgrm-captioned=\\u0022\\u0022 data-instgrm-permalink=\\u0022https:\/\/www.instagram.com\/p\/B4F8PBtAM7j\/?utm_source=ig_embed\\u0026amp;utm_campaign=loading\\u0022 data-instgrm-version=\\u002212\\u0022\\u003e\\n\\u003cdiv style=\\u0022padding: 16px;\\u0022\\u003e\\n\\u0026lt;br\/\\u0026gt;\u00a0\\u0026lt;br\/\\u0026gt;\\n\\u003cdiv style=\\u0022display: flex; flex-direction: row; align-items: center;\\u0022\\u003e\\n\\u003cdiv style=\\u0022background-color: #f4f4f4; border-radius: 50%; flex-grow: 0; height: 40px; margin-right: 14px; width: 40px;\\u0022\\u003e\\u003c\/div\\u003e\\n\\u003cdiv style=\\u0022display: flex; flex-direction: column; flex-grow: 1; justify-content: center;\\u0022\\u003e\\n\\u003cdiv style=\\u0022background-color: #f4f4f4; border-radius: 4px; flex-grow: 0; height: 14px; margin-bottom: 6px; width: 100px;\\u0022\\u003e\\u003c\/div\\u003e\\n\\u003cdiv style=\\u0022background-color: #f4f4f4; border-radius: 4px; flex-grow: 0; height: 14px; width: 60px;\\u0022\\u003e\\u003c\/div\\u003e\\n\\u003c\/div\\u003e\\n\\u003c\/div\\u003e\\n\\u003cdiv style=\\u0022padding: 19% 0;\\u0022\\u003e\\u003c\/div\\u003e\\n\\u003cdiv style=\\u0022display: block; height: 50px; margin: 0 auto 12px; width: 50px;\\u0022\\u003e\\u003c\/div\\u003e\\n\\u003cdiv style=\\u0022padding-top: 8px;\\u0022\\u003e\\n\\u003cdiv style=\\u0022color: #3897f0; font-family: Arial,sans-serif; font-size: 14px; font-style: normal; font-weight: 550; line-height: 18px;\\u0022\\u003eSieh dir diesen Beitrag auf Instagram an\\u003c\/div\\u003e\\n\\u003c\/div\\u003e\\n\\u003cdiv style=\\u0022padding: 12.5% 0;\\u0022\\u003e\\u003c\/div\\u003e\\n\\u003cdiv style=\\u0022display: flex; flex-direction: row; margin-bottom: 14px; align-items: center;\\u0022\\u003e\\n\\u003cdiv\\u003e\\n\\u003cdiv style=\\u0022background-color: #f4f4f4; border-radius: 50%; height: 12.5px; width: 12.5px; transform: translateX(0px) translateY(7px);\\u0022\\u003e\\u003c\/div\\u003e\\n\\u003cdiv style=\\u0022background-color: #f4f4f4; height: 12.5px; transform: rotate(-45deg) translateX(3px) translateY(1px); width: 12.5px; flex-grow: 0; margin-right: 14px; margin-left: 2px;\\u0022\\u003e\\u003c\/div\\u003e\\n\\u003cdiv style=\\u0022background-color: #f4f4f4; border-radius: 50%; height: 12.5px; width: 12.5px; transform: translateX(9px) translateY(-18px);\\u0022\\u003e\\u003c\/div\\u003e\\n\\u003c\/div\\u003e\\n\\u003cdiv style=\\u0022margin-left: 8px;\\u0022\\u003e\\n\\u003cdiv style=\\u0022background-color: #f4f4f4; border-radius: 50%; flex-grow: 0; height: 20px; width: 20px;\\u0022\\u003e\\u003c\/div\\u003e\\n\\u003cdiv style=\\u0022width: 0; height: 0; border-top: 2px solid transparent; border-left: 6px solid #f4f4f4; border-bottom: 2px solid transparent; transform: translateX(16px) translateY(-4px) rotate(30deg);\\u0022\\u003e\\u003c\/div\\u003e\\n\\u003c\/div\\u003e\\n\\u003cdiv style=\\u0022margin-left: auto;\\u0022\\u003e\\n\\u003cdiv style=\\u0022width: 0px; border-top: 8px solid #F4F4F4; border-right: 8px solid transparent; transform: translateY(16px);\\u0022\\u003e\\u003c\/div\\u003e\\n\\u003cdiv style=\\u0022background-color: #f4f4f4; flex-grow: 0; height: 12px; width: 16px; transform: translateY(-4px);\\u0022\\u003e\\u003c\/div\\u003e\\n\\u003cdiv style=\\u0022width: 0; height: 0; border-top: 8px solid #F4F4F4; border-left: 8px solid transparent; transform: translateY(-4px) translateX(8px);\\u0022\\u003e\\u003c\/div\\u003e\\n\\u003c\/div\\u003e\\n\\u003c\/div\\u003e\\n\\u0026lt;br\/\\u0026gt;\u00a0\\u0026lt;br\/\\u0026gt;\\n\\u0026lt;br\/\\u0026gt;EUROPEAN MALE ATHLETE OF THE YEAR. Thanks to coach, my team, sponsors, family and @europeanathletics ? I\u2019m very proud\u2764\ufe0f\\u0026lt;br\/\\u0026gt;\\n\\u0026lt;br\/\\u0026gt;Ein Beitrag geteilt von  Karsten Warholm (@kwarholm) am Okt 26, 2019 um 12:16 PDT\\u0026lt;br\/\\u0026gt;\\n\\u003c\/div\\u003e\\n\\u003c\/blockquote\\u003e\\n\\u0026lt;br\/\\u0026gt;\\u0026lt;br\/\\u0026gt;\\n\",\"width\":\"Wide\",\"aspect\":\"0\",\"style\":\"2b\"} \/--><!-- wp:puma\/row-text-single {\"content\":\"\\u0026lt;br\/\\u0026gt;The \\u0026lt;strong\\u0026gt;European Athlete of the Year Trophy\\u0026lt;\/strong\\u0026gt; is awarded every year to sportspeople in athletics. A \\u0026lt;strong\\u0026gt;shortlist\\u0026lt;\/strong\\u0026gt; is created, selecting the top European athletes in each event based upon performances at the year\u2019s major championships. Fans, media and members of the European Athletic Association (EAA) federations can then vote for their favorite athlete online. Karsten Warholm was shortlisted for the men\u2019s trophy alongside fellow World Champions Pawel Fajdek from Poland (Hammer throw) Swedish Daniel Stahl (Discus Throw) and Estonian Magus Kirt, world leader in the javelin.\\u0026lt;br\/\\u0026gt;\\n\\u0026lt;br\/\\u0026gt;\\u0026lt;strong\\u0026gt;\u201cMy plan is to keep up the good work. I know that achievements are made in training and this is where I will put in the good work,\u201d\\u0026lt;\/strong\\u0026gt; \\u0026lt;strong\\u0026gt;Karsten\\u0026lt;\/strong\\u0026gt; told reporters, looking ahead to 2020, because we are close to the next big event: The \\u0026lt;strong\\u0026gt;Olympic Games in Tokyo\\u0026lt;\/strong\\u0026gt;, where Karsten will be aiming to continue his success story of course!\\u0026lt;br\/\\u0026gt;\\n\",\"width\":\"Wide\",\"aspect\":\"0\",\"style\":\"2b\"} \/--><!-- wp:puma\/row-text-single {\"content\":\"\\u003ch2\\u003eCareer Stats\\u003c\/h2\\u003e\\n\\u003cul\\u003e\\n\\u003cli\\u003eWorld Champion 2017 \\u0026amp; 2019 over 400m hurdles\\u003c\/li\\u003e\\n\\u003cli\\u003eEuropean Champion 2018 over 400m hurdles\\u003c\/li\\u003e\\n\\u003cli\\u003eEuropean Indoor Champion 2019 over 400m\\u003c\/li\\u003e\\n\\u003cli\\u003eDiamond League Champion 2019\\u003c\/li\\u003e\\n\\u003cli\\u003eEuropean Recorld Holder\\u003c\/li\\u003e\\n\\u003c\/ul\\u003e\\n\\u003cp\\u003e\\u0026nbsp;\\u003c\/p\\u003e\\n\",\"width\":\"Wide\",\"style\":\"default\"} \/--><!-- wp:puma\/row-article-multi {\"migrateBlock\":true,\"title\":\"\",\"mode\":\"manual\",\"numArticles\":1,\"manualArticles\":[{\"id\":14337}],\"aspect\":\"1\"} \/-->","post_title":"A well-deserved title for PUMA athlete Karsten Warholm!","post_excerpt":"2019 simply is his year: PUMA athlete Karsten Warholm was crowned European Male Athlete of the Year 2019 at the annual Golden Tracks award ceremony that took place in Tallinn, Estonia on Saturday for his unique performance this year.\n","post_status":"publish","comment_status":"closed","ping_status":"closed","post_password":"","post_name":"a-well-deserved-title-for-puma-athlete-karsten-warholm","to_ping":"","pinged":"","post_modified":"2025-09-19 14:57:34","post_modified_gmt":"2025-09-19 14:57:34","post_content_filtered":"","post_parent":0,"guid":"https:\/\/www.puma-catchup.com\/?p=14626","menu_order":0,"post_type":"post","post_mime_type":"","comment_count":"0","filter":"raw","ancestors":[],"page_template":"","post_category":[18],"tags_input":[],"id":14626,"author":"4","date":"2019-10-28 15:35:05","date_gmt":"2019-10-28 14:35:05","content":"<!-- wp:puma\/row-post-header {\"image\":{\"width\":1140,\"height\":640,\"file\":\"2019\/10\/H2-Warholm.jpg\",\"filesize\":51091,\"sizes\":{\"medium\":{\"file\":\"H2-Warholm-300x168.jpg\",\"width\":300,\"height\":168,\"mime-type\":\"image\/jpeg\",\"filesize\":8312},\"large\":{\"file\":\"H2-Warholm-1024x575.jpg\",\"width\":1024,\"height\":575,\"mime-type\":\"image\/jpeg\",\"filesize\":53096},\"thumbnail\":{\"file\":\"H2-Warholm-150x150.jpg\",\"width\":150,\"height\":150,\"mime-type\":\"image\/jpeg\",\"filesize\":4830},\"medium_large\":{\"file\":\"H2-Warholm-768x431.jpg\",\"width\":768,\"height\":431,\"mime-type\":\"image\/jpeg\",\"filesize\":32862},\"trp-custom-language-flag\":{\"file\":\"H2-Warholm-18x10.jpg\",\"width\":18,\"height\":10,\"mime-type\":\"image\/jpeg\",\"filesize\":467}},\"image_meta\":{\"aperture\":\"0\",\"credit\":\"\",\"camera\":\"\",\"caption\":\"\",\"created_timestamp\":\"0\",\"copyright\":\"\",\"focal_length\":\"0\",\"iso\":\"0\",\"shutter_speed\":\"0\",\"title\":\"\",\"orientation\":\"0\",\"keywords\":[]},\"id\":14346,\"alt\":\"\",\"caption\":\"\",\"description\":\"\",\"url\":\"https:\/\/www.puma-catchup.com\/wp-content\/uploads\/2019\/10\/H2-Warholm.jpg\",\"title\":\"H2-Warholm\",\"aspect_ratio\":1.78125,\"focalPointLeft\":0.5,\"focalPointTop\":0},\"headline\":\"Karsten Warholm, European Athlete of the Year!\",\"content\":\"A well-deserved title for the PUMA athlete and world class hurdler!\"} \/--><!-- wp:puma\/row-text-single {\"content\":\"\\u003cspan class=\\u0022textStyle_intro\\u0022\\u003e2019 simply is his year: PUMA athlete Karsten Warholm was crowned European Male Athlete of the Year 2019 at the annual Golden Tracks award ceremony that took place in Tallinn, Estonia on Saturday for his unique performance this year.\\u003c\/span\\u003e\\n\",\"width\":\"Wide\",\"aspect\":\"0\",\"style\":\"2b\"} \/--><!-- wp:puma\/row-text-single {\"content\":\"\\u0026lt;br\/\\u0026gt;And that\u2019s really something he can be proud of: he defended his \\u0026lt;strong\\u0026gt;world 400m hurdles title\\u0026lt;\/strong\\u0026gt; in Doha a few weeks ago and ran the \\u0026lt;strong\\u0026gt;second fastest time in history\\u0026lt;\/strong\\u0026gt; with 46.92 seconds in Zurich this summer. He is also \\u0026lt;strong\\u0026gt;unbeaten in 18 races across all distances\\u0026lt;\/strong\\u0026gt; in 2019, broke the \\u0026lt;strong\\u0026gt;European Record\\u0026lt;\/strong\\u0026gt; three times this year and is the \\u0026lt;strong\\u0026gt;Diamond League Champion\\u0026lt;\/strong\\u0026gt; of 2019.\\u0026lt;br\/\\u0026gt;\\n\",\"width\":\"Wide\",\"aspect\":\"0\",\"style\":\"2b\"} \/--><!-- wp:puma\/row-text-single {\"content\":\"\\u003cblockquote class=\\u0022instagram-media\\u0022 style=\\u0022background: #FFF; border: 0; border-radius: 3px; box-shadow: 0 0 1px 0 rgba(0,0,0,0.5),0 1px 10px 0 rgba(0,0,0,0.15); margin: 1px; max-width: 540px; min-width: 326px; padding: 0; width: calc(100% - 2px);\\u0022 data-instgrm-captioned=\\u0022\\u0022 data-instgrm-permalink=\\u0022https:\/\/www.instagram.com\/p\/B4F8PBtAM7j\/?utm_source=ig_embed\\u0026amp;utm_campaign=loading\\u0022 data-instgrm-version=\\u002212\\u0022\\u003e\\n\\u003cdiv style=\\u0022padding: 16px;\\u0022\\u003e\\n\\u0026lt;br\/\\u0026gt;\u00a0\\u0026lt;br\/\\u0026gt;\\n\\u003cdiv style=\\u0022display: flex; flex-direction: row; align-items: center;\\u0022\\u003e\\n\\u003cdiv style=\\u0022background-color: #f4f4f4; border-radius: 50%; flex-grow: 0; height: 40px; margin-right: 14px; width: 40px;\\u0022\\u003e\\u003c\/div\\u003e\\n\\u003cdiv style=\\u0022display: flex; flex-direction: column; flex-grow: 1; justify-content: center;\\u0022\\u003e\\n\\u003cdiv style=\\u0022background-color: #f4f4f4; border-radius: 4px; flex-grow: 0; height: 14px; margin-bottom: 6px; width: 100px;\\u0022\\u003e\\u003c\/div\\u003e\\n\\u003cdiv style=\\u0022background-color: #f4f4f4; border-radius: 4px; flex-grow: 0; height: 14px; width: 60px;\\u0022\\u003e\\u003c\/div\\u003e\\n\\u003c\/div\\u003e\\n\\u003c\/div\\u003e\\n\\u003cdiv style=\\u0022padding: 19% 0;\\u0022\\u003e\\u003c\/div\\u003e\\n\\u003cdiv style=\\u0022display: block; height: 50px; margin: 0 auto 12px; width: 50px;\\u0022\\u003e\\u003c\/div\\u003e\\n\\u003cdiv style=\\u0022padding-top: 8px;\\u0022\\u003e\\n\\u003cdiv style=\\u0022color: #3897f0; font-family: Arial,sans-serif; font-size: 14px; font-style: normal; font-weight: 550; line-height: 18px;\\u0022\\u003eSieh dir diesen Beitrag auf Instagram an\\u003c\/div\\u003e\\n\\u003c\/div\\u003e\\n\\u003cdiv style=\\u0022padding: 12.5% 0;\\u0022\\u003e\\u003c\/div\\u003e\\n\\u003cdiv style=\\u0022display: flex; flex-direction: row; margin-bottom: 14px; align-items: center;\\u0022\\u003e\\n\\u003cdiv\\u003e\\n\\u003cdiv style=\\u0022background-color: #f4f4f4; border-radius: 50%; height: 12.5px; width: 12.5px; transform: translateX(0px) translateY(7px);\\u0022\\u003e\\u003c\/div\\u003e\\n\\u003cdiv style=\\u0022background-color: #f4f4f4; height: 12.5px; transform: rotate(-45deg) translateX(3px) translateY(1px); width: 12.5px; flex-grow: 0; margin-right: 14px; margin-left: 2px;\\u0022\\u003e\\u003c\/div\\u003e\\n\\u003cdiv style=\\u0022background-color: #f4f4f4; border-radius: 50%; height: 12.5px; width: 12.5px; transform: translateX(9px) translateY(-18px);\\u0022\\u003e\\u003c\/div\\u003e\\n\\u003c\/div\\u003e\\n\\u003cdiv style=\\u0022margin-left: 8px;\\u0022\\u003e\\n\\u003cdiv style=\\u0022background-color: #f4f4f4; border-radius: 50%; flex-grow: 0; height: 20px; width: 20px;\\u0022\\u003e\\u003c\/div\\u003e\\n\\u003cdiv style=\\u0022width: 0; height: 0; border-top: 2px solid transparent; border-left: 6px solid #f4f4f4; border-bottom: 2px solid transparent; transform: translateX(16px) translateY(-4px) rotate(30deg);\\u0022\\u003e\\u003c\/div\\u003e\\n\\u003c\/div\\u003e\\n\\u003cdiv style=\\u0022margin-left: auto;\\u0022\\u003e\\n\\u003cdiv style=\\u0022width: 0px; border-top: 8px solid #F4F4F4; border-right: 8px solid transparent; transform: translateY(16px);\\u0022\\u003e\\u003c\/div\\u003e\\n\\u003cdiv style=\\u0022background-color: #f4f4f4; flex-grow: 0; height: 12px; width: 16px; transform: translateY(-4px);\\u0022\\u003e\\u003c\/div\\u003e\\n\\u003cdiv style=\\u0022width: 0; height: 0; border-top: 8px solid #F4F4F4; border-left: 8px solid transparent; transform: translateY(-4px) translateX(8px);\\u0022\\u003e\\u003c\/div\\u003e\\n\\u003c\/div\\u003e\\n\\u003c\/div\\u003e\\n\\u0026lt;br\/\\u0026gt;\u00a0\\u0026lt;br\/\\u0026gt;\\n\\u0026lt;br\/\\u0026gt;EUROPEAN MALE ATHLETE OF THE YEAR. Thanks to coach, my team, sponsors, family and @europeanathletics ? I\u2019m very proud\u2764\ufe0f\\u0026lt;br\/\\u0026gt;\\n\\u0026lt;br\/\\u0026gt;Ein Beitrag geteilt von  Karsten Warholm (@kwarholm) am Okt 26, 2019 um 12:16 PDT\\u0026lt;br\/\\u0026gt;\\n\\u003c\/div\\u003e\\n\\u003c\/blockquote\\u003e\\n\\u0026lt;br\/\\u0026gt;\\u0026lt;br\/\\u0026gt;\\n\",\"width\":\"Wide\",\"aspect\":\"0\",\"style\":\"2b\"} \/--><!-- wp:puma\/row-text-single {\"content\":\"\\u0026lt;br\/\\u0026gt;The \\u0026lt;strong\\u0026gt;European Athlete of the Year Trophy\\u0026lt;\/strong\\u0026gt; is awarded every year to sportspeople in athletics. A \\u0026lt;strong\\u0026gt;shortlist\\u0026lt;\/strong\\u0026gt; is created, selecting the top European athletes in each event based upon performances at the year\u2019s major championships. Fans, media and members of the European Athletic Association (EAA) federations can then vote for their favorite athlete online. Karsten Warholm was shortlisted for the men\u2019s trophy alongside fellow World Champions Pawel Fajdek from Poland (Hammer throw) Swedish Daniel Stahl (Discus Throw) and Estonian Magus Kirt, world leader in the javelin.\\u0026lt;br\/\\u0026gt;\\n\\u0026lt;br\/\\u0026gt;\\u0026lt;strong\\u0026gt;\u201cMy plan is to keep up the good work. I know that achievements are made in training and this is where I will put in the good work,\u201d\\u0026lt;\/strong\\u0026gt; \\u0026lt;strong\\u0026gt;Karsten\\u0026lt;\/strong\\u0026gt; told reporters, looking ahead to 2020, because we are close to the next big event: The \\u0026lt;strong\\u0026gt;Olympic Games in Tokyo\\u0026lt;\/strong\\u0026gt;, where Karsten will be aiming to continue his success story of course!\\u0026lt;br\/\\u0026gt;\\n\",\"width\":\"Wide\",\"aspect\":\"0\",\"style\":\"2b\"} \/--><!-- wp:puma\/row-text-single {\"content\":\"\\u003ch2\\u003eCareer Stats\\u003c\/h2\\u003e\\n\\u003cul\\u003e\\n\\u003cli\\u003eWorld Champion 2017 \\u0026amp; 2019 over 400m hurdles\\u003c\/li\\u003e\\n\\u003cli\\u003eEuropean Champion 2018 over 400m hurdles\\u003c\/li\\u003e\\n\\u003cli\\u003eEuropean Indoor Champion 2019 over 400m\\u003c\/li\\u003e\\n\\u003cli\\u003eDiamond League Champion 2019\\u003c\/li\\u003e\\n\\u003cli\\u003eEuropean Recorld Holder\\u003c\/li\\u003e\\n\\u003c\/ul\\u003e\\n\\u003cp\\u003e\\u0026nbsp;\\u003c\/p\\u003e\\n\",\"width\":\"Wide\",\"style\":\"default\"} \/--><!-- wp:puma\/row-article-multi {\"migrateBlock\":true,\"title\":\"\",\"mode\":\"manual\",\"numArticles\":1,\"manualArticles\":[{\"id\":14337}],\"aspect\":\"1\"} \/-->","title":"Ein wohlverdienter Titel f\u00fcr PUMA-Athlet Karsten Warholm!","excerpt":"2019 ist einfach sein Jahr: PUMA-Athlet Karsten Warholm wurde bei der j\u00e4hrlichen Verleihung der Golden Tracks am Samstag in Tallinn, Estland, f\u00fcr seine einzigartige Leistung in diesem Jahr zu Europas m\u00e4nnlichem Sportler des Jahres 2019 gek\u00fcrt.","status":"publish","password":"","name":"a-well-deserved-title-for-puma-athlete-karsten-warholm","modified":"2025-09-19 14:57:34","modified_gmt":"2025-09-19 14:57:34","content_filtered":"","parent":0,"type":"post","mime_type":"","template":"","category":[18],"datetime_local":"28. Oktober 2019 um 14:35","date_local":"28. Oktober 2019","time_local":"14:35","slug":"a-well-deserved-title-for-puma-athlete-karsten-warholm","url":"https:\/\/www.puma-catchup.com\/de\/sports\/a-well-deserved-title-for-puma-athlete-karsten-warholm\/","featured_image":{"width":1140,"height":640,"file":"2019\/10\/H2-Warholm.jpg","filesize":51091,"sizes":{"medium":{"file":"H2-Warholm-300x168.jpg","width":300,"height":168,"mime-type":"image\/jpeg","filesize":8312},"large":{"file":"H2-Warholm-1024x575.jpg","width":1024,"height":575,"mime-type":"image\/jpeg","filesize":53096},"thumbnail":{"file":"H2-Warholm-150x150.jpg","width":150,"height":150,"mime-type":"image\/jpeg","filesize":4830},"medium_large":{"file":"H2-Warholm-768x431.jpg","width":768,"height":431,"mime-type":"image\/jpeg","filesize":32862},"trp-custom-language-flag":{"file":"H2-Warholm-18x10.jpg","width":18,"height":10,"mime-type":"image\/jpeg","filesize":467}},"image_meta":{"aperture":"0","credit":"","camera":"","caption":"","created_timestamp":"0","copyright":"","focal_length":"0","iso":"0","shutter_speed":"0","title":"","orientation":"0","keywords":[]},"id":14346,"alt":"","caption":"","description":"","url":"https:\/\/www.puma-catchup.com\/wp-content\/uploads\/2019\/10\/H2-Warholm.jpg","title":"H2-Warholm","aspect_ratio":1.78125,"focalPointLeft":0.5,"focalPointTop":0},"headline":"A well-deserved title for PUMA athlete Karsten Warholm!","categories":[{"term_id":18,"name":"Sport","slug":"sports","term_group":0,"term_taxonomy_id":18,"taxonomy":"category","description":"","parent":0,"count":859,"filter":"raw","url":"https:\/\/www.puma-catchup.com\/de\/category\/sports\/"}],"theCategory":{"term_id":18,"name":"Sport","slug":"sports","term_group":0,"term_taxonomy_id":18,"taxonomy":"category","description":"","parent":0,"count":859,"filter":"raw","url":"https:\/\/www.puma-catchup.com\/de\/category\/sports\/"},"isFeaturedArticle":true,"isTopArticle":true},"_links":{"self":[{"href":"https:\/\/www.puma-catchup.com\/de\/wp-json\/wp\/v2\/posts\/14626","targetHints":{"allow":["GET"]}}],"collection":[{"href":"https:\/\/www.puma-catchup.com\/de\/wp-json\/wp\/v2\/posts"}],"about":[{"href":"https:\/\/www.puma-catchup.com\/de\/wp-json\/wp\/v2\/types\/post"}],"author":[{"embeddable":true,"href":"https:\/\/www.puma-catchup.com\/de\/wp-json\/wp\/v2\/users\/4"}],"replies":[{"embeddable":true,"href":"https:\/\/www.puma-catchup.com\/de\/wp-json\/wp\/v2\/comments?post=14626"}],"version-history":[{"count":0,"href":"https:\/\/www.puma-catchup.com\/de\/wp-json\/wp\/v2\/posts\/14626\/revisions"}],"wp:featuredmedia":[{"embeddable":true,"href":"https:\/\/www.puma-catchup.com\/de\/wp-json\/wp\/v2\/media\/14346"}],"wp:attachment":[{"href":"https:\/\/www.puma-catchup.com\/de\/wp-json\/wp\/v2\/media?parent=14626"}],"wp:term":[{"taxonomy":"category","embeddable":true,"href":"https:\/\/www.puma-catchup.com\/de\/wp-json\/wp\/v2\/categories?post=14626"}],"curies":[{"name":"wp","href":"https:\/\/api.w.org\/{rel}","templated":true}]}}